{"id":1095,"date":"2018-04-12T09:37:20","date_gmt":"2018-04-12T07:37:20","guid":{"rendered":"http:\/\/www.samverlen.com\/?p=1095"},"modified":"2018-04-12T09:38:04","modified_gmt":"2018-04-12T07:38:04","slug":"teasers-fleuve-reverie-electro-aquatique","status":"publish","type":"post","link":"https:\/\/www.samverlen.com\/index.php\/2018\/04\/12\/teasers-fleuve-reverie-electro-aquatique\/","title":{"rendered":"[TEASERS] FLEUVE &#8211; r\u00eaverie \u00e9lectro-aquatique"},"content":{"rendered":"<p>Je suis tr\u00e8s heureux aujourd&rsquo;hui de vous pr\u00e9senter quelques premi\u00e8res images de la sieste musicale\u00a0<a href=\"http:\/\/www.artoutai.com\/portfolio_page\/fleuve\/\">FLEUVE<\/a> sur laquelle je travaille (avec Virginie Guilluy et Fran\u00e7ois Marsollier) depuis plus d&rsquo;un an d\u00e9sormais.<\/p>\n<p>Et pour l&rsquo;occasion, je vous invite \u00e0 vous immerger dans cette cr\u00e9ation \u00e0 travers non pas un mais\u00a0deux teasers vid\u00e9o !<\/p>\n<p>Le premier, r\u00e9alis\u00e9 par le jeune et prometteur r\u00e9alisateur\u00a0<a href=\"http:\/\/jeromefz.wixsite.com\/jeromefz-videaste\" target=\"_blank\" rel=\"noopener\">J\u00e9r\u00f4me FZ<\/a>\u00a0, vous d\u00e9voilera tous les instruments et \u00e9l\u00e9ments de d\u00e9cors de cette sieste musicale sur les voix off des premiers spectateurs \u00e9voquant leurs sensations\/impressions.<\/p>\n<p>[vc_video link=&rsquo;https:\/\/youtu.be\/zlA9xRbIw40&prime;]<\/p>\n<p>Le second, tourn\u00e9 avec une cam\u00e9ra 360\u00b0 par la\u00a0<a href=\"http:\/\/www.cie-artefakt.com\/\" target=\"_blank\" rel=\"noopener\">Cie Artefakt<\/a>, vous permettra de d\u00e9couvrir quelques extraits musicaux en plus et d\u2019avoir une vision plus globale du d\u00e9cor. Pour profiter pleinement de cette seconde vid\u00e9o, je vous conseille de la visionner sur une tablette ou un smartphone. Sur votre ordinateur, appuyez sur les fl\u00e8ches pour vous d\u00e9placer dans le d\u00e9cor.<\/p>\n<p>[vc_video link=&rsquo;https:\/\/youtu.be\/PlMzk42yxrQ&rsquo;]<\/p>\n<p>&nbsp;<\/p>\n<p><\/p>","protected":false},"excerpt":{"rendered":"<p>Je suis tr\u00e8s heureux aujourd&rsquo;hui de vous pr\u00e9senter quelques premi\u00e8res images de la sieste musicale\u00a0FLEUVE sur laquelle je travaille (avec Virginie Guilluy et Fran\u00e7ois Marsollier) depuis plus d&rsquo;un an d\u00e9sormais. Et pour l&rsquo;occasion, je vous invite \u00e0 vous immerger dans cette cr\u00e9ation \u00e0 travers non&#8230;<\/p>\n","protected":false},"author":1,"featured_media":0,"comment_status":"open","ping_status":"open","sticky":false,"template":"","format":"video","meta":{"_et_pb_use_builder":"","_et_pb_old_content":"","_et_gb_content_width":"","footnotes":""},"categories":[5],"tags":[],"class_list":["post-1095","post","type-post","status-publish","format-video","hentry","category-news","post_format-post-format-video"],"yoast_head":"<!-- This site is optimized with the Yoast SEO plugin v27.4 - https:\/\/yoast.com\/product\/yoast-seo-wordpress\/ -->\n<title>[TEASERS] FLEUVE - r\u00eaverie \u00e9lectro-aquatique - Sam Verlen<\/title>\n<meta name=\"robots\" content=\"index, follow, max-snippet:-1, max-image-preview:large, max-video-preview:-1\" \/>\n<link rel=\"canonical\" href=\"https:\/\/www.samverlen.com\/index.php\/2018\/04\/12\/teasers-fleuve-reverie-electro-aquatique\/\" \/>\n<meta property=\"og:locale\" content=\"fr_FR\" \/>\n<meta property=\"og:type\" content=\"article\" \/>\n<meta property=\"og:title\" content=\"[TEASERS] FLEUVE - r\u00eaverie \u00e9lectro-aquatique - Sam Verlen\" \/>\n<meta property=\"og:description\" content=\"Je suis tr\u00e8s heureux aujourd&rsquo;hui de vous pr\u00e9senter quelques premi\u00e8res images de la sieste musicale\u00a0FLEUVE sur laquelle je travaille (avec Virginie Guilluy et Fran\u00e7ois Marsollier) depuis plus d&rsquo;un an d\u00e9sormais. Et pour l&rsquo;occasion, je vous invite \u00e0 vous immerger dans cette cr\u00e9ation \u00e0 travers non...\" \/>\n<meta property=\"og:url\" content=\"https:\/\/www.samverlen.com\/index.php\/2018\/04\/12\/teasers-fleuve-reverie-electro-aquatique\/\" \/>\n<meta property=\"og:site_name\" content=\"Sam Verlen\" \/>\n<meta property=\"article:publisher\" content=\"https:\/\/www.facebook.com\/sverlen\" \/>\n<meta property=\"article:published_time\" content=\"2018-04-12T07:37:20+00:00\" \/>\n<meta property=\"article:modified_time\" content=\"2018-04-12T07:38:04+00:00\" \/>\n<meta name=\"author\" content=\"samverlen\" \/>\n<meta name=\"twitter:card\" content=\"summary_large_image\" \/>\n<meta name=\"twitter:creator\" content=\"@samverlen\" \/>\n<meta name=\"twitter:site\" content=\"@samverlen\" \/>\n<meta name=\"twitter:label1\" content=\"\u00c9crit par\" \/>\n\t<meta name=\"twitter:data1\" content=\"samverlen\" \/>\n\t<meta name=\"twitter:label2\" content=\"Dur\u00e9e de lecture estim\u00e9e\" \/>\n\t<meta name=\"twitter:data2\" content=\"1 minute\" \/>\n<script type=\"application\/ld+json\" class=\"yoast-schema-graph\">{\"@context\":\"https:\\\/\\\/schema.org\",\"@graph\":[{\"@type\":\"Article\",\"@id\":\"https:\\\/\\\/www.samverlen.com\\\/index.php\\\/2018\\\/04\\\/12\\\/teasers-fleuve-reverie-electro-aquatique\\\/#article\",\"isPartOf\":{\"@id\":\"https:\\\/\\\/www.samverlen.com\\\/index.php\\\/2018\\\/04\\\/12\\\/teasers-fleuve-reverie-electro-aquatique\\\/\"},\"author\":{\"name\":\"samverlen\",\"@id\":\"https:\\\/\\\/www.samverlen.com\\\/#\\\/schema\\\/person\\\/afebf9a6641e07827cda3c96032f5a3d\"},\"headline\":\"[TEASERS] FLEUVE &#8211; r\u00eaverie \u00e9lectro-aquatique\",\"datePublished\":\"2018-04-12T07:37:20+00:00\",\"dateModified\":\"2018-04-12T07:38:04+00:00\",\"mainEntityOfPage\":{\"@id\":\"https:\\\/\\\/www.samverlen.com\\\/index.php\\\/2018\\\/04\\\/12\\\/teasers-fleuve-reverie-electro-aquatique\\\/\"},\"wordCount\":190,\"commentCount\":0,\"articleSection\":[\"news\"],\"inLanguage\":\"fr-FR\",\"potentialAction\":[{\"@type\":\"CommentAction\",\"name\":\"Comment\",\"target\":[\"https:\\\/\\\/www.samverlen.com\\\/index.php\\\/2018\\\/04\\\/12\\\/teasers-fleuve-reverie-electro-aquatique\\\/#respond\"]}]},{\"@type\":\"WebPage\",\"@id\":\"https:\\\/\\\/www.samverlen.com\\\/index.php\\\/2018\\\/04\\\/12\\\/teasers-fleuve-reverie-electro-aquatique\\\/\",\"url\":\"https:\\\/\\\/www.samverlen.com\\\/index.php\\\/2018\\\/04\\\/12\\\/teasers-fleuve-reverie-electro-aquatique\\\/\",\"name\":\"[TEASERS] FLEUVE - r\u00eaverie \u00e9lectro-aquatique - Sam Verlen\",\"isPartOf\":{\"@id\":\"https:\\\/\\\/www.samverlen.com\\\/#website\"},\"datePublished\":\"2018-04-12T07:37:20+00:00\",\"dateModified\":\"2018-04-12T07:38:04+00:00\",\"author\":{\"@id\":\"https:\\\/\\\/www.samverlen.com\\\/#\\\/schema\\\/person\\\/afebf9a6641e07827cda3c96032f5a3d\"},\"breadcrumb\":{\"@id\":\"https:\\\/\\\/www.samverlen.com\\\/index.php\\\/2018\\\/04\\\/12\\\/teasers-fleuve-reverie-electro-aquatique\\\/#breadcrumb\"},\"inLanguage\":\"fr-FR\",\"potentialAction\":[{\"@type\":\"ReadAction\",\"target\":[\"https:\\\/\\\/www.samverlen.com\\\/index.php\\\/2018\\\/04\\\/12\\\/teasers-fleuve-reverie-electro-aquatique\\\/\"]}]},{\"@type\":\"BreadcrumbList\",\"@id\":\"https:\\\/\\\/www.samverlen.com\\\/index.php\\\/2018\\\/04\\\/12\\\/teasers-fleuve-reverie-electro-aquatique\\\/#breadcrumb\",\"itemListElement\":[{\"@type\":\"ListItem\",\"position\":1,\"name\":\"Accueil\",\"item\":\"https:\\\/\\\/www.samverlen.com\\\/\"},{\"@type\":\"ListItem\",\"position\":2,\"name\":\"[TEASERS] FLEUVE &#8211; r\u00eaverie \u00e9lectro-aquatique\"}]},{\"@type\":\"WebSite\",\"@id\":\"https:\\\/\\\/www.samverlen.com\\\/#website\",\"url\":\"https:\\\/\\\/www.samverlen.com\\\/\",\"name\":\"Sam Verlen\",\"description\":\"Chercheur de po\u00e9sie sonore \\\/\\\/ Compositeur, musicien\",\"potentialAction\":[{\"@type\":\"SearchAction\",\"target\":{\"@type\":\"EntryPoint\",\"urlTemplate\":\"https:\\\/\\\/www.samverlen.com\\\/?s={search_term_string}\"},\"query-input\":{\"@type\":\"PropertyValueSpecification\",\"valueRequired\":true,\"valueName\":\"search_term_string\"}}],\"inLanguage\":\"fr-FR\"},{\"@type\":\"Person\",\"@id\":\"https:\\\/\\\/www.samverlen.com\\\/#\\\/schema\\\/person\\\/afebf9a6641e07827cda3c96032f5a3d\",\"name\":\"samverlen\",\"image\":{\"@type\":\"ImageObject\",\"inLanguage\":\"fr-FR\",\"@id\":\"https:\\\/\\\/secure.gravatar.com\\\/avatar\\\/bb71d7c316348923a9c8f09e6ff09f43f1d48a987eff10b4119565e5a4f2ecd9?s=96&d=mm&r=g\",\"url\":\"https:\\\/\\\/secure.gravatar.com\\\/avatar\\\/bb71d7c316348923a9c8f09e6ff09f43f1d48a987eff10b4119565e5a4f2ecd9?s=96&d=mm&r=g\",\"contentUrl\":\"https:\\\/\\\/secure.gravatar.com\\\/avatar\\\/bb71d7c316348923a9c8f09e6ff09f43f1d48a987eff10b4119565e5a4f2ecd9?s=96&d=mm&r=g\",\"caption\":\"samverlen\"}}]}<\/script>\n<!-- \/ Yoast SEO plugin. -->","yoast_head_json":{"title":"[TEASERS] FLEUVE - r\u00eaverie \u00e9lectro-aquatique - Sam Verlen","robots":{"index":"index","follow":"follow","max-snippet":"max-snippet:-1","max-image-preview":"max-image-preview:large","max-video-preview":"max-video-preview:-1"},"canonical":"https:\/\/www.samverlen.com\/index.php\/2018\/04\/12\/teasers-fleuve-reverie-electro-aquatique\/","og_locale":"fr_FR","og_type":"article","og_title":"[TEASERS] FLEUVE - r\u00eaverie \u00e9lectro-aquatique - Sam Verlen","og_description":"Je suis tr\u00e8s heureux aujourd&rsquo;hui de vous pr\u00e9senter quelques premi\u00e8res images de la sieste musicale\u00a0FLEUVE sur laquelle je travaille (avec Virginie Guilluy et Fran\u00e7ois Marsollier) depuis plus d&rsquo;un an d\u00e9sormais. Et pour l&rsquo;occasion, je vous invite \u00e0 vous immerger dans cette cr\u00e9ation \u00e0 travers non...","og_url":"https:\/\/www.samverlen.com\/index.php\/2018\/04\/12\/teasers-fleuve-reverie-electro-aquatique\/","og_site_name":"Sam Verlen","article_publisher":"https:\/\/www.facebook.com\/sverlen","article_published_time":"2018-04-12T07:37:20+00:00","article_modified_time":"2018-04-12T07:38:04+00:00","author":"samverlen","twitter_card":"summary_large_image","twitter_creator":"@samverlen","twitter_site":"@samverlen","twitter_misc":{"\u00c9crit par":"samverlen","Dur\u00e9e de lecture estim\u00e9e":"1 minute"},"schema":{"@context":"https:\/\/schema.org","@graph":[{"@type":"Article","@id":"https:\/\/www.samverlen.com\/index.php\/2018\/04\/12\/teasers-fleuve-reverie-electro-aquatique\/#article","isPartOf":{"@id":"https:\/\/www.samverlen.com\/index.php\/2018\/04\/12\/teasers-fleuve-reverie-electro-aquatique\/"},"author":{"name":"samverlen","@id":"https:\/\/www.samverlen.com\/#\/schema\/person\/afebf9a6641e07827cda3c96032f5a3d"},"headline":"[TEASERS] FLEUVE &#8211; r\u00eaverie \u00e9lectro-aquatique","datePublished":"2018-04-12T07:37:20+00:00","dateModified":"2018-04-12T07:38:04+00:00","mainEntityOfPage":{"@id":"https:\/\/www.samverlen.com\/index.php\/2018\/04\/12\/teasers-fleuve-reverie-electro-aquatique\/"},"wordCount":190,"commentCount":0,"articleSection":["news"],"inLanguage":"fr-FR","potentialAction":[{"@type":"CommentAction","name":"Comment","target":["https:\/\/www.samverlen.com\/index.php\/2018\/04\/12\/teasers-fleuve-reverie-electro-aquatique\/#respond"]}]},{"@type":"WebPage","@id":"https:\/\/www.samverlen.com\/index.php\/2018\/04\/12\/teasers-fleuve-reverie-electro-aquatique\/","url":"https:\/\/www.samverlen.com\/index.php\/2018\/04\/12\/teasers-fleuve-reverie-electro-aquatique\/","name":"[TEASERS] FLEUVE - r\u00eaverie \u00e9lectro-aquatique - Sam Verlen","isPartOf":{"@id":"https:\/\/www.samverlen.com\/#website"},"datePublished":"2018-04-12T07:37:20+00:00","dateModified":"2018-04-12T07:38:04+00:00","author":{"@id":"https:\/\/www.samverlen.com\/#\/schema\/person\/afebf9a6641e07827cda3c96032f5a3d"},"breadcrumb":{"@id":"https:\/\/www.samverlen.com\/index.php\/2018\/04\/12\/teasers-fleuve-reverie-electro-aquatique\/#breadcrumb"},"inLanguage":"fr-FR","potentialAction":[{"@type":"ReadAction","target":["https:\/\/www.samverlen.com\/index.php\/2018\/04\/12\/teasers-fleuve-reverie-electro-aquatique\/"]}]},{"@type":"BreadcrumbList","@id":"https:\/\/www.samverlen.com\/index.php\/2018\/04\/12\/teasers-fleuve-reverie-electro-aquatique\/#breadcrumb","itemListElement":[{"@type":"ListItem","position":1,"name":"Accueil","item":"https:\/\/www.samverlen.com\/"},{"@type":"ListItem","position":2,"name":"[TEASERS] FLEUVE &#8211; r\u00eaverie \u00e9lectro-aquatique"}]},{"@type":"WebSite","@id":"https:\/\/www.samverlen.com\/#website","url":"https:\/\/www.samverlen.com\/","name":"Sam Verlen","description":"Chercheur de po\u00e9sie sonore \/\/ Compositeur, musicien","potentialAction":[{"@type":"SearchAction","target":{"@type":"EntryPoint","urlTemplate":"https:\/\/www.samverlen.com\/?s={search_term_string}"},"query-input":{"@type":"PropertyValueSpecification","valueRequired":true,"valueName":"search_term_string"}}],"inLanguage":"fr-FR"},{"@type":"Person","@id":"https:\/\/www.samverlen.com\/#\/schema\/person\/afebf9a6641e07827cda3c96032f5a3d","name":"samverlen","image":{"@type":"ImageObject","inLanguage":"fr-FR","@id":"https:\/\/secure.gravatar.com\/avatar\/bb71d7c316348923a9c8f09e6ff09f43f1d48a987eff10b4119565e5a4f2ecd9?s=96&d=mm&r=g","url":"https:\/\/secure.gravatar.com\/avatar\/bb71d7c316348923a9c8f09e6ff09f43f1d48a987eff10b4119565e5a4f2ecd9?s=96&d=mm&r=g","contentUrl":"https:\/\/secure.gravatar.com\/avatar\/bb71d7c316348923a9c8f09e6ff09f43f1d48a987eff10b4119565e5a4f2ecd9?s=96&d=mm&r=g","caption":"samverlen"}}]}},"_links":{"self":[{"href":"https:\/\/www.samverlen.com\/index.php\/wp-json\/wp\/v2\/posts\/1095","targetHints":{"allow":["GET"]}}],"collection":[{"href":"https:\/\/www.samverlen.com\/index.php\/wp-json\/wp\/v2\/posts"}],"about":[{"href":"https:\/\/www.samverlen.com\/index.php\/wp-json\/wp\/v2\/types\/post"}],"author":[{"embeddable":true,"href":"https:\/\/www.samverlen.com\/index.php\/wp-json\/wp\/v2\/users\/1"}],"replies":[{"embeddable":true,"href":"https:\/\/www.samverlen.com\/index.php\/wp-json\/wp\/v2\/comments?post=1095"}],"version-history":[{"count":1,"href":"https:\/\/www.samverlen.com\/index.php\/wp-json\/wp\/v2\/posts\/1095\/revisions"}],"predecessor-version":[{"id":1096,"href":"https:\/\/www.samverlen.com\/index.php\/wp-json\/wp\/v2\/posts\/1095\/revisions\/1096"}],"wp:attachment":[{"href":"https:\/\/www.samverlen.com\/index.php\/wp-json\/wp\/v2\/media?parent=1095"}],"wp:term":[{"taxonomy":"category","embeddable":true,"href":"https:\/\/www.samverlen.com\/index.php\/wp-json\/wp\/v2\/categories?post=1095"},{"taxonomy":"post_tag","embeddable":true,"href":"https:\/\/www.samverlen.com\/index.php\/wp-json\/wp\/v2\/tags?post=1095"}],"curies":[{"name":"wp","href":"https:\/\/api.w.org\/{rel}","templated":true}]}}