{"id":1193,"date":"2018-10-28T17:27:47","date_gmt":"2018-10-28T16:27:47","guid":{"rendered":"http:\/\/www.samverlen.com\/?p=1193"},"modified":"2018-10-28T17:27:47","modified_gmt":"2018-10-28T16:27:47","slug":"attends-je-te-parle-creation-musicale-autour-de-la-lecture-de-marjorie-bleriot","status":"publish","type":"post","link":"https:\/\/www.samverlen.com\/index.php\/2018\/10\/28\/attends-je-te-parle-creation-musicale-autour-de-la-lecture-de-marjorie-bleriot\/","title":{"rendered":"\u00ab\u00a0Attends, je te parle\u00a0\u00bb Cr\u00e9ation musicale autour de la lecture de Marjorie Bl\u00e9riot"},"content":{"rendered":"<p>Avec Marjorie Bl\u00e9riot, nous venons de passer une tr\u00e8s belle semaine cr\u00e9ative en r\u00e9sidence \u00e0 la Salle Guy Ropartz de Rennes, sous le regard de Morien Nolot (mise en sc\u00e8ne) et l&rsquo;objectif de Greg Bouchet (photos).<\/p>\n<p>Une semaine pour cr\u00e9er un format tout terrain du texte de Marjorie \u00ab\u00a0attends, je te parle, une fiction de la vie r\u00e9elle\u00a0\u00bb &#8230;<br \/>\navec des musiques compos\u00e9es \u00e0 la guitare \u00e9lectrique, au ukul\u00e9l\u00e9 et au pianet (et oui, \u00e7a faisait longtemps que je ne l&rsquo;avais pas sorti).<\/p>\n<p><img loading=\"lazy\" decoding=\"async\" class=\"alignnone size-full wp-image-1197\" src=\"http:\/\/www.samverlen.com\/wp-content\/uploads\/2018\/10\/4.jpg\" alt=\"\" width=\"1755\" height=\"1170\" srcset=\"https:\/\/www.samverlen.com\/wp-content\/uploads\/2018\/10\/4.jpg 1755w, https:\/\/www.samverlen.com\/wp-content\/uploads\/2018\/10\/4-300x200.jpg 300w, https:\/\/www.samverlen.com\/wp-content\/uploads\/2018\/10\/4-768x512.jpg 768w, https:\/\/www.samverlen.com\/wp-content\/uploads\/2018\/10\/4-1024x683.jpg 1024w, https:\/\/www.samverlen.com\/wp-content\/uploads\/2018\/10\/4-700x467.jpg 700w\" sizes=\"auto, (max-width: 1755px) 100vw, 1755px\" \/><\/p>\n<p>\u00abDepuis le d\u00e9part, j\u2019ai eu envie de permettre \u00e0 mon texte Attends je te parle d&rsquo;exister hors les murs, une forme nomade. Dans une volont\u00e9 d&rsquo;\u00eatre au plus proche des publics et de jouer dans des endroits o\u00f9 la culture peut para\u00eetre moins accessible.Aller vers les gens quand ils n\u2019ont pas la possibilit\u00e9 de venir vers nous, c\u2019est aussi la place de l\u2019artiste. \u00bb <em>Marjorie Bl\u00e9riot<\/em><\/p>\n<div class=\"page\" title=\"Page 2\">\n<div class=\"layoutArea\">\n<div class=\"column\">\n<p>Ce texte, Marjorie l&rsquo;a e\u0301crit a\u0300 partir de collectes de paroles d\u2019adultes ayant eu une enfance avec des parents alcooliques.<\/p>\n<p>Les musiques compos\u00e9es pour l&rsquo;occasion sont n\u00e9es d&rsquo;\u00e9changes avec Marjorie sur sa volont\u00e9 de ne pas faire de lien direct avec le texte mais que celles-ci racontent leur propre histoire et am\u00e8nent de nouvelles sensations. Tr\u00e8s \u00e9pur\u00e9e pour laisser toute sa place au texte, ces musiques alternent boucles rythmiques, nappes et m\u00e9lodies qui reviennent d\u00e9tourn\u00e9es\/revisit\u00e9es \u00e0 chaque fois en fonction de l&rsquo;\u00e9motion recherch\u00e9e. On chante m\u00eame du Michel Fugain, cette lecture musicale a tout d&rsquo;une belle histoire !<\/p>\n<\/div>\n<p><img loading=\"lazy\" decoding=\"async\" class=\"alignnone size-large wp-image-1196 aligncenter\" src=\"http:\/\/www.samverlen.com\/wp-content\/uploads\/2018\/10\/3-682x1024.jpg\" alt=\"\" width=\"682\" height=\"1024\" srcset=\"https:\/\/www.samverlen.com\/wp-content\/uploads\/2018\/10\/3-682x1024.jpg 682w, https:\/\/www.samverlen.com\/wp-content\/uploads\/2018\/10\/3-200x300.jpg 200w, https:\/\/www.samverlen.com\/wp-content\/uploads\/2018\/10\/3-768x1154.jpg 768w, https:\/\/www.samverlen.com\/wp-content\/uploads\/2018\/10\/3-700x1052.jpg 700w, https:\/\/www.samverlen.com\/wp-content\/uploads\/2018\/10\/3.jpg 1250w\" sizes=\"auto, (max-width: 682px) 100vw, 682px\" \/> <img loading=\"lazy\" decoding=\"async\" class=\"alignnone size-large wp-image-1195 aligncenter\" src=\"http:\/\/www.samverlen.com\/wp-content\/uploads\/2018\/10\/2-683x1024.jpg\" alt=\"\" width=\"683\" height=\"1024\" srcset=\"https:\/\/www.samverlen.com\/wp-content\/uploads\/2018\/10\/2-683x1024.jpg 683w, https:\/\/www.samverlen.com\/wp-content\/uploads\/2018\/10\/2-200x300.jpg 200w, https:\/\/www.samverlen.com\/wp-content\/uploads\/2018\/10\/2-768x1152.jpg 768w, https:\/\/www.samverlen.com\/wp-content\/uploads\/2018\/10\/2-700x1050.jpg 700w, https:\/\/www.samverlen.com\/wp-content\/uploads\/2018\/10\/2.jpg 1170w\" sizes=\"auto, (max-width: 683px) 100vw, 683px\" \/><\/p>\n<div class=\"column\">\n<p>&nbsp;<\/p>\n<p>Mais pour revenir aux propos et intentions du texte, voici quelques mots de Marjorie:<\/p>\n<p>\u201cJe suis profonde\u0301ment touche\u0301e et effraye\u0301e par cette innocence fragile de l\u2019enfance. Fascine\u0301e par l\u2019e\u0302tre humain et cette force qui fait que l\u2019on survit, que l\u2019on de\u0301passe, je me questionne sur cette capacite\u0301 a\u0300 garder une enfance,<br \/>\nquand on a la charge de son propre parent, quand les ro\u0302les s\u2019inversent.<\/p>\n<p>Qu\u2019est-ce qui rejaillit ?<br \/>\nComment est-on e\u0301clabousse\u0301 par la maladie de son proche ? Qu\u2019est-ce qu\u2019il en reste a\u0300 l\u2019a\u0302ge adulte ?<br \/>\nComment se construire et trouver la paix avec sa propre histoire ? Qu\u2019est-ce qu\u2019on transmet lorsqu\u2019on devient parent a\u0300 son tour ?<\/p>\n<p>Au travers de cette the\u0301matique de l\u2019alcoolisme, je veux surtout aborder la place, celle qu\u2019on occupe, celle qu\u2019on prend,<br \/>\ncelle qu\u2019on vous donne au sein d\u2019une famille.<\/p>\n<p>Quand on a ve\u0301cu une enfance au sein d\u2019une famille ou\u0300 l\u2019un des parents (voire les deux) est de\u0301faillant, est-on a\u0300 fleur de peau ? En cole\u0300re ? Blinde\u0301 ? Blase\u0301 ? Tout a\u0300 la fois ?<\/p>\n<p>Et puis il y a la de\u0301pendance&#8230; la de\u0301pendance a\u0300 l\u2019alcool que je projette, moi, dans la de\u0301pendance affective. La naissance de mon premier enfant a repre\u0301sente\u0301 pour moi la perte d\u2019une liberte\u0301, liberte\u0301 d\u2019esprit. Une prise de conscience du fait que je ne serai plus jamais sereine, toujours dans l\u2019angoisse que tout aille bien pour mon enfant.<br \/>\nLa de\u0301pendance affective, elle est la\u0300.<\/p>\n<p>C\u2019est dans toutes ces questions que je fouille pour extraire l\u2019essence de mon texte. Je cherche a\u0300 les aborder sans jugement mais en y apportant, un point de vue, ma sensibilite\u0301 et mon esthe\u0301tique&#8230; \u201d <em>Marjorie Ble\u0301riot<\/em><\/p>\n<\/div>\n<p><img loading=\"lazy\" decoding=\"async\" class=\"alignnone size-large wp-image-1198\" src=\"http:\/\/www.samverlen.com\/wp-content\/uploads\/2018\/10\/5-1024x683.jpg\" alt=\"\" width=\"1024\" height=\"683\" srcset=\"https:\/\/www.samverlen.com\/wp-content\/uploads\/2018\/10\/5-1024x683.jpg 1024w, https:\/\/www.samverlen.com\/wp-content\/uploads\/2018\/10\/5-300x200.jpg 300w, https:\/\/www.samverlen.com\/wp-content\/uploads\/2018\/10\/5-768x512.jpg 768w, https:\/\/www.samverlen.com\/wp-content\/uploads\/2018\/10\/5-700x467.jpg 700w, https:\/\/www.samverlen.com\/wp-content\/uploads\/2018\/10\/5.jpg 1755w\" sizes=\"auto, (max-width: 1024px) 100vw, 1024px\" \/><\/p>\n<\/div>\n<\/div>\n<div id=\"js_ar\" class=\"_5pbx userContent _3576\" data-ad-preview=\"message\" data-ft=\"{&quot;tn&quot;:&quot;K&quot;}\">\n<p>La suite de ces nouvelles aventures d\u00e8s d\u00e9but-2019!<\/p>\n<\/div>\n<div class=\"_3x-2\" data-ft=\"{&quot;tn&quot;:&quot;H&quot;}\">\n<div data-ft=\"{&quot;tn&quot;:&quot;H&quot;}\">\n<div class=\"mtm\">\n<div class=\"_2a2q _65sr\"><\/div>\n<\/div>\n<\/div>\n<\/div>\n<p><\/p>","protected":false},"excerpt":{"rendered":"<p>Avec Marjorie Bl\u00e9riot, nous venons de passer une tr\u00e8s belle semaine cr\u00e9ative en r\u00e9sidence \u00e0 la Salle Guy Ropartz de Rennes, sous le regard de Morien Nolot (mise en sc\u00e8ne) et l&rsquo;objectif de Greg Bouchet (photos). Une semaine pour cr\u00e9er un format tout terrain du&#8230;<\/p>\n","protected":false},"author":1,"featured_media":1194,"comment_status":"open","ping_status":"open","sticky":false,"template":"","format":"standard","meta":{"_et_pb_use_builder":"","_et_pb_old_content":"","_et_gb_content_width":"","footnotes":""},"categories":[5],"tags":[],"class_list":["post-1193","post","type-post","status-publish","format-standard","has-post-thumbnail","hentry","category-news"],"yoast_head":"<!-- This site is optimized with the Yoast SEO plugin v27.4 - https:\/\/yoast.com\/product\/yoast-seo-wordpress\/ -->\n<title>&quot;Attends, je te parle&quot; Cr\u00e9ation musicale autour de la lecture de Marjorie Bl\u00e9riot - Sam Verlen<\/title>\n<meta name=\"robots\" content=\"index, follow, max-snippet:-1, max-image-preview:large, max-video-preview:-1\" \/>\n<link rel=\"canonical\" href=\"https:\/\/www.samverlen.com\/index.php\/2018\/10\/28\/attends-je-te-parle-creation-musicale-autour-de-la-lecture-de-marjorie-bleriot\/\" \/>\n<meta property=\"og:locale\" content=\"fr_FR\" \/>\n<meta property=\"og:type\" content=\"article\" \/>\n<meta property=\"og:title\" content=\"&quot;Attends, je te parle&quot; Cr\u00e9ation musicale autour de la lecture de Marjorie Bl\u00e9riot - Sam Verlen\" \/>\n<meta property=\"og:description\" content=\"Avec Marjorie Bl\u00e9riot, nous venons de passer une tr\u00e8s belle semaine cr\u00e9ative en r\u00e9sidence \u00e0 la Salle Guy Ropartz de Rennes, sous le regard de Morien Nolot (mise en sc\u00e8ne) et l&rsquo;objectif de Greg Bouchet (photos). Une semaine pour cr\u00e9er un format tout terrain du...\" \/>\n<meta property=\"og:url\" content=\"https:\/\/www.samverlen.com\/index.php\/2018\/10\/28\/attends-je-te-parle-creation-musicale-autour-de-la-lecture-de-marjorie-bleriot\/\" \/>\n<meta property=\"og:site_name\" content=\"Sam Verlen\" \/>\n<meta property=\"article:publisher\" content=\"https:\/\/www.facebook.com\/sverlen\" \/>\n<meta property=\"article:published_time\" content=\"2018-10-28T16:27:47+00:00\" \/>\n<meta property=\"og:image\" content=\"https:\/\/www.samverlen.com\/wp-content\/uploads\/2018\/10\/1.jpg\" \/>\n\t<meta property=\"og:image:width\" content=\"1359\" \/>\n\t<meta property=\"og:image:height\" content=\"877\" \/>\n\t<meta property=\"og:image:type\" content=\"image\/jpeg\" \/>\n<meta name=\"author\" content=\"samverlen\" \/>\n<meta name=\"twitter:card\" content=\"summary_large_image\" \/>\n<meta name=\"twitter:creator\" content=\"@samverlen\" \/>\n<meta name=\"twitter:site\" content=\"@samverlen\" \/>\n<meta name=\"twitter:label1\" content=\"\u00c9crit par\" \/>\n\t<meta name=\"twitter:data1\" content=\"samverlen\" \/>\n\t<meta name=\"twitter:label2\" content=\"Dur\u00e9e de lecture estim\u00e9e\" \/>\n\t<meta name=\"twitter:data2\" content=\"3 minutes\" \/>\n<script type=\"application\/ld+json\" class=\"yoast-schema-graph\">{\"@context\":\"https:\\\/\\\/schema.org\",\"@graph\":[{\"@type\":\"Article\",\"@id\":\"https:\\\/\\\/www.samverlen.com\\\/index.php\\\/2018\\\/10\\\/28\\\/attends-je-te-parle-creation-musicale-autour-de-la-lecture-de-marjorie-bleriot\\\/#article\",\"isPartOf\":{\"@id\":\"https:\\\/\\\/www.samverlen.com\\\/index.php\\\/2018\\\/10\\\/28\\\/attends-je-te-parle-creation-musicale-autour-de-la-lecture-de-marjorie-bleriot\\\/\"},\"author\":{\"name\":\"samverlen\",\"@id\":\"https:\\\/\\\/www.samverlen.com\\\/#\\\/schema\\\/person\\\/afebf9a6641e07827cda3c96032f5a3d\"},\"headline\":\"\u00ab\u00a0Attends, je te parle\u00a0\u00bb Cr\u00e9ation musicale autour de la lecture de Marjorie Bl\u00e9riot\",\"datePublished\":\"2018-10-28T16:27:47+00:00\",\"mainEntityOfPage\":{\"@id\":\"https:\\\/\\\/www.samverlen.com\\\/index.php\\\/2018\\\/10\\\/28\\\/attends-je-te-parle-creation-musicale-autour-de-la-lecture-de-marjorie-bleriot\\\/\"},\"wordCount\":607,\"commentCount\":0,\"image\":{\"@id\":\"https:\\\/\\\/www.samverlen.com\\\/index.php\\\/2018\\\/10\\\/28\\\/attends-je-te-parle-creation-musicale-autour-de-la-lecture-de-marjorie-bleriot\\\/#primaryimage\"},\"thumbnailUrl\":\"https:\\\/\\\/www.samverlen.com\\\/wp-content\\\/uploads\\\/2018\\\/10\\\/1.jpg\",\"articleSection\":[\"news\"],\"inLanguage\":\"fr-FR\",\"potentialAction\":[{\"@type\":\"CommentAction\",\"name\":\"Comment\",\"target\":[\"https:\\\/\\\/www.samverlen.com\\\/index.php\\\/2018\\\/10\\\/28\\\/attends-je-te-parle-creation-musicale-autour-de-la-lecture-de-marjorie-bleriot\\\/#respond\"]}]},{\"@type\":\"WebPage\",\"@id\":\"https:\\\/\\\/www.samverlen.com\\\/index.php\\\/2018\\\/10\\\/28\\\/attends-je-te-parle-creation-musicale-autour-de-la-lecture-de-marjorie-bleriot\\\/\",\"url\":\"https:\\\/\\\/www.samverlen.com\\\/index.php\\\/2018\\\/10\\\/28\\\/attends-je-te-parle-creation-musicale-autour-de-la-lecture-de-marjorie-bleriot\\\/\",\"name\":\"\\\"Attends, je te parle\\\" Cr\u00e9ation musicale autour de la lecture de Marjorie Bl\u00e9riot - Sam Verlen\",\"isPartOf\":{\"@id\":\"https:\\\/\\\/www.samverlen.com\\\/#website\"},\"primaryImageOfPage\":{\"@id\":\"https:\\\/\\\/www.samverlen.com\\\/index.php\\\/2018\\\/10\\\/28\\\/attends-je-te-parle-creation-musicale-autour-de-la-lecture-de-marjorie-bleriot\\\/#primaryimage\"},\"image\":{\"@id\":\"https:\\\/\\\/www.samverlen.com\\\/index.php\\\/2018\\\/10\\\/28\\\/attends-je-te-parle-creation-musicale-autour-de-la-lecture-de-marjorie-bleriot\\\/#primaryimage\"},\"thumbnailUrl\":\"https:\\\/\\\/www.samverlen.com\\\/wp-content\\\/uploads\\\/2018\\\/10\\\/1.jpg\",\"datePublished\":\"2018-10-28T16:27:47+00:00\",\"author\":{\"@id\":\"https:\\\/\\\/www.samverlen.com\\\/#\\\/schema\\\/person\\\/afebf9a6641e07827cda3c96032f5a3d\"},\"breadcrumb\":{\"@id\":\"https:\\\/\\\/www.samverlen.com\\\/index.php\\\/2018\\\/10\\\/28\\\/attends-je-te-parle-creation-musicale-autour-de-la-lecture-de-marjorie-bleriot\\\/#breadcrumb\"},\"inLanguage\":\"fr-FR\",\"potentialAction\":[{\"@type\":\"ReadAction\",\"target\":[\"https:\\\/\\\/www.samverlen.com\\\/index.php\\\/2018\\\/10\\\/28\\\/attends-je-te-parle-creation-musicale-autour-de-la-lecture-de-marjorie-bleriot\\\/\"]}]},{\"@type\":\"ImageObject\",\"inLanguage\":\"fr-FR\",\"@id\":\"https:\\\/\\\/www.samverlen.com\\\/index.php\\\/2018\\\/10\\\/28\\\/attends-je-te-parle-creation-musicale-autour-de-la-lecture-de-marjorie-bleriot\\\/#primaryimage\",\"url\":\"https:\\\/\\\/www.samverlen.com\\\/wp-content\\\/uploads\\\/2018\\\/10\\\/1.jpg\",\"contentUrl\":\"https:\\\/\\\/www.samverlen.com\\\/wp-content\\\/uploads\\\/2018\\\/10\\\/1.jpg\",\"width\":1359,\"height\":877},{\"@type\":\"BreadcrumbList\",\"@id\":\"https:\\\/\\\/www.samverlen.com\\\/index.php\\\/2018\\\/10\\\/28\\\/attends-je-te-parle-creation-musicale-autour-de-la-lecture-de-marjorie-bleriot\\\/#breadcrumb\",\"itemListElement\":[{\"@type\":\"ListItem\",\"position\":1,\"name\":\"Accueil\",\"item\":\"https:\\\/\\\/www.samverlen.com\\\/\"},{\"@type\":\"ListItem\",\"position\":2,\"name\":\"\u00ab\u00a0Attends, je te parle\u00a0\u00bb Cr\u00e9ation musicale autour de la lecture de Marjorie Bl\u00e9riot\"}]},{\"@type\":\"WebSite\",\"@id\":\"https:\\\/\\\/www.samverlen.com\\\/#website\",\"url\":\"https:\\\/\\\/www.samverlen.com\\\/\",\"name\":\"Sam Verlen\",\"description\":\"Chercheur de po\u00e9sie sonore \\\/\\\/ Compositeur, musicien\",\"potentialAction\":[{\"@type\":\"SearchAction\",\"target\":{\"@type\":\"EntryPoint\",\"urlTemplate\":\"https:\\\/\\\/www.samverlen.com\\\/?s={search_term_string}\"},\"query-input\":{\"@type\":\"PropertyValueSpecification\",\"valueRequired\":true,\"valueName\":\"search_term_string\"}}],\"inLanguage\":\"fr-FR\"},{\"@type\":\"Person\",\"@id\":\"https:\\\/\\\/www.samverlen.com\\\/#\\\/schema\\\/person\\\/afebf9a6641e07827cda3c96032f5a3d\",\"name\":\"samverlen\",\"image\":{\"@type\":\"ImageObject\",\"inLanguage\":\"fr-FR\",\"@id\":\"https:\\\/\\\/secure.gravatar.com\\\/avatar\\\/bb71d7c316348923a9c8f09e6ff09f43f1d48a987eff10b4119565e5a4f2ecd9?s=96&d=mm&r=g\",\"url\":\"https:\\\/\\\/secure.gravatar.com\\\/avatar\\\/bb71d7c316348923a9c8f09e6ff09f43f1d48a987eff10b4119565e5a4f2ecd9?s=96&d=mm&r=g\",\"contentUrl\":\"https:\\\/\\\/secure.gravatar.com\\\/avatar\\\/bb71d7c316348923a9c8f09e6ff09f43f1d48a987eff10b4119565e5a4f2ecd9?s=96&d=mm&r=g\",\"caption\":\"samverlen\"}}]}<\/script>\n<!-- \/ Yoast SEO plugin. -->","yoast_head_json":{"title":"\"Attends, je te parle\" Cr\u00e9ation musicale autour de la lecture de Marjorie Bl\u00e9riot - Sam Verlen","robots":{"index":"index","follow":"follow","max-snippet":"max-snippet:-1","max-image-preview":"max-image-preview:large","max-video-preview":"max-video-preview:-1"},"canonical":"https:\/\/www.samverlen.com\/index.php\/2018\/10\/28\/attends-je-te-parle-creation-musicale-autour-de-la-lecture-de-marjorie-bleriot\/","og_locale":"fr_FR","og_type":"article","og_title":"\"Attends, je te parle\" Cr\u00e9ation musicale autour de la lecture de Marjorie Bl\u00e9riot - Sam Verlen","og_description":"Avec Marjorie Bl\u00e9riot, nous venons de passer une tr\u00e8s belle semaine cr\u00e9ative en r\u00e9sidence \u00e0 la Salle Guy Ropartz de Rennes, sous le regard de Morien Nolot (mise en sc\u00e8ne) et l&rsquo;objectif de Greg Bouchet (photos). Une semaine pour cr\u00e9er un format tout terrain du...","og_url":"https:\/\/www.samverlen.com\/index.php\/2018\/10\/28\/attends-je-te-parle-creation-musicale-autour-de-la-lecture-de-marjorie-bleriot\/","og_site_name":"Sam Verlen","article_publisher":"https:\/\/www.facebook.com\/sverlen","article_published_time":"2018-10-28T16:27:47+00:00","og_image":[{"width":1359,"height":877,"url":"https:\/\/www.samverlen.com\/wp-content\/uploads\/2018\/10\/1.jpg","type":"image\/jpeg"}],"author":"samverlen","twitter_card":"summary_large_image","twitter_creator":"@samverlen","twitter_site":"@samverlen","twitter_misc":{"\u00c9crit par":"samverlen","Dur\u00e9e de lecture estim\u00e9e":"3 minutes"},"schema":{"@context":"https:\/\/schema.org","@graph":[{"@type":"Article","@id":"https:\/\/www.samverlen.com\/index.php\/2018\/10\/28\/attends-je-te-parle-creation-musicale-autour-de-la-lecture-de-marjorie-bleriot\/#article","isPartOf":{"@id":"https:\/\/www.samverlen.com\/index.php\/2018\/10\/28\/attends-je-te-parle-creation-musicale-autour-de-la-lecture-de-marjorie-bleriot\/"},"author":{"name":"samverlen","@id":"https:\/\/www.samverlen.com\/#\/schema\/person\/afebf9a6641e07827cda3c96032f5a3d"},"headline":"\u00ab\u00a0Attends, je te parle\u00a0\u00bb Cr\u00e9ation musicale autour de la lecture de Marjorie Bl\u00e9riot","datePublished":"2018-10-28T16:27:47+00:00","mainEntityOfPage":{"@id":"https:\/\/www.samverlen.com\/index.php\/2018\/10\/28\/attends-je-te-parle-creation-musicale-autour-de-la-lecture-de-marjorie-bleriot\/"},"wordCount":607,"commentCount":0,"image":{"@id":"https:\/\/www.samverlen.com\/index.php\/2018\/10\/28\/attends-je-te-parle-creation-musicale-autour-de-la-lecture-de-marjorie-bleriot\/#primaryimage"},"thumbnailUrl":"https:\/\/www.samverlen.com\/wp-content\/uploads\/2018\/10\/1.jpg","articleSection":["news"],"inLanguage":"fr-FR","potentialAction":[{"@type":"CommentAction","name":"Comment","target":["https:\/\/www.samverlen.com\/index.php\/2018\/10\/28\/attends-je-te-parle-creation-musicale-autour-de-la-lecture-de-marjorie-bleriot\/#respond"]}]},{"@type":"WebPage","@id":"https:\/\/www.samverlen.com\/index.php\/2018\/10\/28\/attends-je-te-parle-creation-musicale-autour-de-la-lecture-de-marjorie-bleriot\/","url":"https:\/\/www.samverlen.com\/index.php\/2018\/10\/28\/attends-je-te-parle-creation-musicale-autour-de-la-lecture-de-marjorie-bleriot\/","name":"\"Attends, je te parle\" Cr\u00e9ation musicale autour de la lecture de Marjorie Bl\u00e9riot - Sam Verlen","isPartOf":{"@id":"https:\/\/www.samverlen.com\/#website"},"primaryImageOfPage":{"@id":"https:\/\/www.samverlen.com\/index.php\/2018\/10\/28\/attends-je-te-parle-creation-musicale-autour-de-la-lecture-de-marjorie-bleriot\/#primaryimage"},"image":{"@id":"https:\/\/www.samverlen.com\/index.php\/2018\/10\/28\/attends-je-te-parle-creation-musicale-autour-de-la-lecture-de-marjorie-bleriot\/#primaryimage"},"thumbnailUrl":"https:\/\/www.samverlen.com\/wp-content\/uploads\/2018\/10\/1.jpg","datePublished":"2018-10-28T16:27:47+00:00","author":{"@id":"https:\/\/www.samverlen.com\/#\/schema\/person\/afebf9a6641e07827cda3c96032f5a3d"},"breadcrumb":{"@id":"https:\/\/www.samverlen.com\/index.php\/2018\/10\/28\/attends-je-te-parle-creation-musicale-autour-de-la-lecture-de-marjorie-bleriot\/#breadcrumb"},"inLanguage":"fr-FR","potentialAction":[{"@type":"ReadAction","target":["https:\/\/www.samverlen.com\/index.php\/2018\/10\/28\/attends-je-te-parle-creation-musicale-autour-de-la-lecture-de-marjorie-bleriot\/"]}]},{"@type":"ImageObject","inLanguage":"fr-FR","@id":"https:\/\/www.samverlen.com\/index.php\/2018\/10\/28\/attends-je-te-parle-creation-musicale-autour-de-la-lecture-de-marjorie-bleriot\/#primaryimage","url":"https:\/\/www.samverlen.com\/wp-content\/uploads\/2018\/10\/1.jpg","contentUrl":"https:\/\/www.samverlen.com\/wp-content\/uploads\/2018\/10\/1.jpg","width":1359,"height":877},{"@type":"BreadcrumbList","@id":"https:\/\/www.samverlen.com\/index.php\/2018\/10\/28\/attends-je-te-parle-creation-musicale-autour-de-la-lecture-de-marjorie-bleriot\/#breadcrumb","itemListElement":[{"@type":"ListItem","position":1,"name":"Accueil","item":"https:\/\/www.samverlen.com\/"},{"@type":"ListItem","position":2,"name":"\u00ab\u00a0Attends, je te parle\u00a0\u00bb Cr\u00e9ation musicale autour de la lecture de Marjorie Bl\u00e9riot"}]},{"@type":"WebSite","@id":"https:\/\/www.samverlen.com\/#website","url":"https:\/\/www.samverlen.com\/","name":"Sam Verlen","description":"Chercheur de po\u00e9sie sonore \/\/ Compositeur, musicien","potentialAction":[{"@type":"SearchAction","target":{"@type":"EntryPoint","urlTemplate":"https:\/\/www.samverlen.com\/?s={search_term_string}"},"query-input":{"@type":"PropertyValueSpecification","valueRequired":true,"valueName":"search_term_string"}}],"inLanguage":"fr-FR"},{"@type":"Person","@id":"https:\/\/www.samverlen.com\/#\/schema\/person\/afebf9a6641e07827cda3c96032f5a3d","name":"samverlen","image":{"@type":"ImageObject","inLanguage":"fr-FR","@id":"https:\/\/secure.gravatar.com\/avatar\/bb71d7c316348923a9c8f09e6ff09f43f1d48a987eff10b4119565e5a4f2ecd9?s=96&d=mm&r=g","url":"https:\/\/secure.gravatar.com\/avatar\/bb71d7c316348923a9c8f09e6ff09f43f1d48a987eff10b4119565e5a4f2ecd9?s=96&d=mm&r=g","contentUrl":"https:\/\/secure.gravatar.com\/avatar\/bb71d7c316348923a9c8f09e6ff09f43f1d48a987eff10b4119565e5a4f2ecd9?s=96&d=mm&r=g","caption":"samverlen"}}]}},"_links":{"self":[{"href":"https:\/\/www.samverlen.com\/index.php\/wp-json\/wp\/v2\/posts\/1193","targetHints":{"allow":["GET"]}}],"collection":[{"href":"https:\/\/www.samverlen.com\/index.php\/wp-json\/wp\/v2\/posts"}],"about":[{"href":"https:\/\/www.samverlen.com\/index.php\/wp-json\/wp\/v2\/types\/post"}],"author":[{"embeddable":true,"href":"https:\/\/www.samverlen.com\/index.php\/wp-json\/wp\/v2\/users\/1"}],"replies":[{"embeddable":true,"href":"https:\/\/www.samverlen.com\/index.php\/wp-json\/wp\/v2\/comments?post=1193"}],"version-history":[{"count":1,"href":"https:\/\/www.samverlen.com\/index.php\/wp-json\/wp\/v2\/posts\/1193\/revisions"}],"predecessor-version":[{"id":1199,"href":"https:\/\/www.samverlen.com\/index.php\/wp-json\/wp\/v2\/posts\/1193\/revisions\/1199"}],"wp:featuredmedia":[{"embeddable":true,"href":"https:\/\/www.samverlen.com\/index.php\/wp-json\/wp\/v2\/media\/1194"}],"wp:attachment":[{"href":"https:\/\/www.samverlen.com\/index.php\/wp-json\/wp\/v2\/media?parent=1193"}],"wp:term":[{"taxonomy":"category","embeddable":true,"href":"https:\/\/www.samverlen.com\/index.php\/wp-json\/wp\/v2\/categories?post=1193"},{"taxonomy":"post_tag","embeddable":true,"href":"https:\/\/www.samverlen.com\/index.php\/wp-json\/wp\/v2\/tags?post=1193"}],"curies":[{"name":"wp","href":"https:\/\/api.w.org\/{rel}","templated":true}]}}