{"id":1200,"date":"2018-10-28T18:03:23","date_gmt":"2018-10-28T17:03:23","guid":{"rendered":"http:\/\/www.samverlen.com\/?p=1200"},"modified":"2018-10-29T19:31:55","modified_gmt":"2018-10-29T18:31:55","slug":"debut-de-creation-pour-naiko-meiji","status":"publish","type":"post","link":"https:\/\/www.samverlen.com\/index.php\/2018\/10\/28\/debut-de-creation-pour-naiko-meiji\/","title":{"rendered":"D\u00e9but de cr\u00e9ation pour NA\u00cfKO MEIJI"},"content":{"rendered":"<p>Avec l&rsquo;artiste peintre <a href=\"https:\/\/www.facebook.com\/heolart\/\" target=\"_blank\" rel=\"noopener\">Heol<\/a> et le vid\u00e9aste <a href=\"http:\/\/micmacfactory.fr\/\" target=\"_blank\" rel=\"noopener\">Greg Bouchet<\/a>, nous nous lan\u00e7ons la t\u00eate la premi\u00e8re dans une nouvelle cr\u00e9ation m\u00ealant peinture live \/ mapping vid\u00e9o et musique&#8230;le tout autour du Japon avec l&rsquo;histoire de la petite Na\u00efko Meiji et de son grand-p\u00e8re.<\/p>\n<p>Heol et Greg travaillent d\u00e9j\u00e0 depuis longtemps ensemble sur des oeuvres et performances m\u00ealant peinture et vid\u00e9os avec <a href=\"http:\/\/micmacfactory.fr\/\" target=\"_blank\" rel=\"noopener\">Mic Mac Factory<\/a>. L&rsquo;id\u00e9e est ici de cr\u00e9er un spectacle complet \u00e0 destination du jeune public produit par <a href=\"http:\/\/www.artoutai.com\" target=\"_blank\" rel=\"noopener\">Artouta\u00ef Productions<\/a>.<\/p>\n<p><img loading=\"lazy\" decoding=\"async\" class=\"size-large wp-image-1207 aligncenter\" src=\"http:\/\/www.samverlen.com\/wp-content\/uploads\/2018\/10\/IMG_1221-1024x1024.jpg\" alt=\"\" width=\"1024\" height=\"1024\" srcset=\"https:\/\/www.samverlen.com\/wp-content\/uploads\/2018\/10\/IMG_1221-1024x1024.jpg 1024w, https:\/\/www.samverlen.com\/wp-content\/uploads\/2018\/10\/IMG_1221-150x150.jpg 150w, https:\/\/www.samverlen.com\/wp-content\/uploads\/2018\/10\/IMG_1221-300x300.jpg 300w, https:\/\/www.samverlen.com\/wp-content\/uploads\/2018\/10\/IMG_1221-768x768.jpg 768w, https:\/\/www.samverlen.com\/wp-content\/uploads\/2018\/10\/IMG_1221-570x570.jpg 570w, https:\/\/www.samverlen.com\/wp-content\/uploads\/2018\/10\/IMG_1221-500x500.jpg 500w, https:\/\/www.samverlen.com\/wp-content\/uploads\/2018\/10\/IMG_1221-1000x1000.jpg 1000w, https:\/\/www.samverlen.com\/wp-content\/uploads\/2018\/10\/IMG_1221-700x700.jpg 700w, https:\/\/www.samverlen.com\/wp-content\/uploads\/2018\/10\/IMG_1221-100x100.jpg 100w, https:\/\/www.samverlen.com\/wp-content\/uploads\/2018\/10\/IMG_1221-200x200.jpg 200w\" sizes=\"auto, (max-width: 1024px) 100vw, 1024px\" \/><\/p>\n<p>Notre premi\u00e8re r\u00e9sidence d&rsquo;Octobre \u00e0 Jungle au Rheu nous a permit de d\u00e9finir les grandes lignes de notre histoire (\u00e0 partir du propos que l&rsquo;on souhaitait d\u00e9velopper), de croiser nos exp\u00e9riences et tester de premi\u00e8res interactions musique \/ vid\u00e9o. Mais aussi de d\u00e9finir les premiers outils sc\u00e9nographiques qui vont nous servir pour nos prochaines exp\u00e9rimentations&#8230;parmi eux, un bel \u00e9cran sur lequel Heol peint en ombre chinoise et sur lequel Greg vient faire du mapping vid\u00e9o. Par exemple, Heol dessine un arbre et un colibri vient ensuite s&rsquo;y poser. Il se d\u00e9gage toujours beaucoup de magie et de po\u00e9sie dans leurs images.<\/p>\n<p><img loading=\"lazy\" decoding=\"async\" class=\"size-large wp-image-1208 aligncenter\" src=\"http:\/\/www.samverlen.com\/wp-content\/uploads\/2018\/10\/IMG_1206-1024x1024.jpg\" alt=\"\" width=\"1024\" height=\"1024\" srcset=\"https:\/\/www.samverlen.com\/wp-content\/uploads\/2018\/10\/IMG_1206-1024x1024.jpg 1024w, https:\/\/www.samverlen.com\/wp-content\/uploads\/2018\/10\/IMG_1206-150x150.jpg 150w, https:\/\/www.samverlen.com\/wp-content\/uploads\/2018\/10\/IMG_1206-300x300.jpg 300w, https:\/\/www.samverlen.com\/wp-content\/uploads\/2018\/10\/IMG_1206-768x768.jpg 768w, https:\/\/www.samverlen.com\/wp-content\/uploads\/2018\/10\/IMG_1206-570x570.jpg 570w, https:\/\/www.samverlen.com\/wp-content\/uploads\/2018\/10\/IMG_1206-500x500.jpg 500w, https:\/\/www.samverlen.com\/wp-content\/uploads\/2018\/10\/IMG_1206-1000x1000.jpg 1000w, https:\/\/www.samverlen.com\/wp-content\/uploads\/2018\/10\/IMG_1206-700x700.jpg 700w, https:\/\/www.samverlen.com\/wp-content\/uploads\/2018\/10\/IMG_1206-100x100.jpg 100w, https:\/\/www.samverlen.com\/wp-content\/uploads\/2018\/10\/IMG_1206-200x200.jpg 200w\" sizes=\"auto, (max-width: 1024px) 100vw, 1024px\" \/><\/p>\n<p>Mais aussi un pop-up (maquette en attendant une vraie version g\u00e9ante) de la maison traditionnelle du grand-p\u00e8re qui sera aussi mis en lumi\u00e8re par de la vid\u00e9o&#8230;<\/p>\n<p><img loading=\"lazy\" decoding=\"async\" class=\"size-large wp-image-1206 aligncenter\" src=\"http:\/\/www.samverlen.com\/wp-content\/uploads\/2018\/10\/IMG_1160-1024x768.jpg\" alt=\"\" width=\"1024\" height=\"768\" srcset=\"https:\/\/www.samverlen.com\/wp-content\/uploads\/2018\/10\/IMG_1160-1024x768.jpg 1024w, https:\/\/www.samverlen.com\/wp-content\/uploads\/2018\/10\/IMG_1160-300x225.jpg 300w, https:\/\/www.samverlen.com\/wp-content\/uploads\/2018\/10\/IMG_1160-768x576.jpg 768w, https:\/\/www.samverlen.com\/wp-content\/uploads\/2018\/10\/IMG_1160-800x600.jpg 800w, https:\/\/www.samverlen.com\/wp-content\/uploads\/2018\/10\/IMG_1160-700x525.jpg 700w\" sizes=\"auto, (max-width: 1024px) 100vw, 1024px\" \/> <img loading=\"lazy\" decoding=\"async\" class=\"size-large wp-image-1205 aligncenter\" src=\"http:\/\/www.samverlen.com\/wp-content\/uploads\/2018\/10\/IMG_1125-1024x768.jpg\" alt=\"\" width=\"1024\" height=\"768\" srcset=\"https:\/\/www.samverlen.com\/wp-content\/uploads\/2018\/10\/IMG_1125-1024x768.jpg 1024w, https:\/\/www.samverlen.com\/wp-content\/uploads\/2018\/10\/IMG_1125-300x225.jpg 300w, https:\/\/www.samverlen.com\/wp-content\/uploads\/2018\/10\/IMG_1125-768x576.jpg 768w, https:\/\/www.samverlen.com\/wp-content\/uploads\/2018\/10\/IMG_1125-800x600.jpg 800w, https:\/\/www.samverlen.com\/wp-content\/uploads\/2018\/10\/IMG_1125-700x525.jpg 700w\" sizes=\"auto, (max-width: 1024px) 100vw, 1024px\" \/> <img loading=\"lazy\" decoding=\"async\" class=\"size-large wp-image-1204 aligncenter\" src=\"http:\/\/www.samverlen.com\/wp-content\/uploads\/2018\/10\/IMG_1132-1024x768.jpg\" alt=\"\" width=\"1024\" height=\"768\" srcset=\"https:\/\/www.samverlen.com\/wp-content\/uploads\/2018\/10\/IMG_1132-1024x768.jpg 1024w, https:\/\/www.samverlen.com\/wp-content\/uploads\/2018\/10\/IMG_1132-300x225.jpg 300w, https:\/\/www.samverlen.com\/wp-content\/uploads\/2018\/10\/IMG_1132-768x576.jpg 768w, https:\/\/www.samverlen.com\/wp-content\/uploads\/2018\/10\/IMG_1132-800x600.jpg 800w, https:\/\/www.samverlen.com\/wp-content\/uploads\/2018\/10\/IMG_1132-700x525.jpg 700w\" sizes=\"auto, (max-width: 1024px) 100vw, 1024px\" \/><br \/>\nSans vous d\u00e9voiler toute l&rsquo;histoire, voici d\u00e9j\u00e0 son contexte :<\/p>\n<p><span style=\"font-weight: 400;\">\u00ab\u00a0Na\u00efko a 7 ans, elle entretient depuis toujours un rapport privil\u00e9gi\u00e9 avec son grand-p\u00e8re qu\u2019elle adore mais qui est d\u00e9sormais tr\u00e8s \u00e2g\u00e9.\u00a0\u00a0<\/span><span style=\"font-weight: 400;\">Celui-ci vit dans une vieille maison traditionnelle japonaise aux abords d\u2019une for\u00eat qui dispara\u00eet progressivement pour laisser place aux buildings&#8230;\u00a0\u00bb.<\/span><\/p>\n<p>En quelques heures, de premi\u00e8res esquisses du visage de Na\u00efko sont apparues sous les doigts d&rsquo;Heol :<\/p>\n<p><img loading=\"lazy\" decoding=\"async\" class=\"size-large wp-image-1203 aligncenter\" src=\"http:\/\/www.samverlen.com\/wp-content\/uploads\/2018\/10\/IMG_1142-1024x768.jpg\" alt=\"\" width=\"1024\" height=\"768\" srcset=\"https:\/\/www.samverlen.com\/wp-content\/uploads\/2018\/10\/IMG_1142-1024x768.jpg 1024w, https:\/\/www.samverlen.com\/wp-content\/uploads\/2018\/10\/IMG_1142-300x225.jpg 300w, https:\/\/www.samverlen.com\/wp-content\/uploads\/2018\/10\/IMG_1142-768x576.jpg 768w, https:\/\/www.samverlen.com\/wp-content\/uploads\/2018\/10\/IMG_1142-800x600.jpg 800w, https:\/\/www.samverlen.com\/wp-content\/uploads\/2018\/10\/IMG_1142-700x525.jpg 700w\" sizes=\"auto, (max-width: 1024px) 100vw, 1024px\" \/><\/p>\n<p><img loading=\"lazy\" decoding=\"async\" class=\"size-large wp-image-1202 aligncenter\" src=\"http:\/\/www.samverlen.com\/wp-content\/uploads\/2018\/10\/IMG_1170-1024x768.jpg\" alt=\"\" width=\"1024\" height=\"768\" srcset=\"https:\/\/www.samverlen.com\/wp-content\/uploads\/2018\/10\/IMG_1170-1024x768.jpg 1024w, https:\/\/www.samverlen.com\/wp-content\/uploads\/2018\/10\/IMG_1170-300x225.jpg 300w, https:\/\/www.samverlen.com\/wp-content\/uploads\/2018\/10\/IMG_1170-768x576.jpg 768w, https:\/\/www.samverlen.com\/wp-content\/uploads\/2018\/10\/IMG_1170-800x600.jpg 800w, https:\/\/www.samverlen.com\/wp-content\/uploads\/2018\/10\/IMG_1170-700x525.jpg 700w\" sizes=\"auto, (max-width: 1024px) 100vw, 1024px\" \/><\/p>\n<p>M\u00ealant passage d&rsquo;animation vid\u00e9o (\u00e0 partir des dessins d&rsquo;Heol), peinture qui \u00e9tire le temps, la musique aura un r\u00f4le central et induira notamment la temporalit\u00e9 car le spectacle se veut sans voix off (ou le moins possible).<\/p>\n<p>L&rsquo;instrumentation de d\u00e9part sera compos\u00e9e d&rsquo;instruments acoustiques\u00a0 (piano pr\u00e9par\u00e9s, ukul\u00e9l\u00e9 tritur\u00e9 par des machines),\u00a0 de synth\u00e9s analogiques aux sonorit\u00e9s hyper-modernes (prophet rev2),\u00a0 de guitare \u00e9lectrique, de machines et de bruitage live.<\/p>\n<p>Ce spectacle sera aussi pour moi l&rsquo;occasion d&rsquo;affiner le travail des textures sonores spatialis\u00e9es avec une diffusion du son multi-canal (sans doute 5 canaux).<\/p>\n<p>Bref, un \u00e9nooorme chantier pour un projet qui s&rsquo;annonce passionnant !<\/p>\n<p>&nbsp;<\/p>\n<p>&nbsp;<\/p>\n<p>&nbsp;<\/p>\n<p>&nbsp;<\/p>\n<p>&nbsp;<\/p>\n<p>&nbsp;<\/p>\n<p><\/p>","protected":false},"excerpt":{"rendered":"<p>Avec l&rsquo;artiste peintre Heol et le vid\u00e9aste Greg Bouchet, nous nous lan\u00e7ons la t\u00eate la premi\u00e8re dans une nouvelle cr\u00e9ation m\u00ealant peinture live \/ mapping vid\u00e9o et musique&#8230;le tout autour du Japon avec l&rsquo;histoire de la petite Na\u00efko Meiji et de son grand-p\u00e8re. Heol et&#8230;<\/p>\n","protected":false},"author":1,"featured_media":1201,"comment_status":"open","ping_status":"open","sticky":false,"template":"","format":"standard","meta":{"_et_pb_use_builder":"","_et_pb_old_content":"","_et_gb_content_width":"","footnotes":""},"categories":[5],"tags":[],"class_list":["post-1200","post","type-post","status-publish","format-standard","has-post-thumbnail","hentry","category-news"],"yoast_head":"<!-- This site is optimized with the Yoast SEO plugin v27.4 - https:\/\/yoast.com\/product\/yoast-seo-wordpress\/ -->\n<title>D\u00e9but de cr\u00e9ation pour NA\u00cfKO MEIJI - Sam Verlen<\/title>\n<meta name=\"robots\" content=\"index, follow, max-snippet:-1, max-image-preview:large, max-video-preview:-1\" \/>\n<link rel=\"canonical\" href=\"https:\/\/www.samverlen.com\/index.php\/2018\/10\/28\/debut-de-creation-pour-naiko-meiji\/\" \/>\n<meta property=\"og:locale\" content=\"fr_FR\" \/>\n<meta property=\"og:type\" content=\"article\" \/>\n<meta property=\"og:title\" content=\"D\u00e9but de cr\u00e9ation pour NA\u00cfKO MEIJI - Sam Verlen\" \/>\n<meta property=\"og:description\" content=\"Avec l&rsquo;artiste peintre Heol et le vid\u00e9aste Greg Bouchet, nous nous lan\u00e7ons la t\u00eate la premi\u00e8re dans une nouvelle cr\u00e9ation m\u00ealant peinture live \/ mapping vid\u00e9o et musique&#8230;le tout autour du Japon avec l&rsquo;histoire de la petite Na\u00efko Meiji et de son grand-p\u00e8re. Heol et...\" \/>\n<meta property=\"og:url\" content=\"https:\/\/www.samverlen.com\/index.php\/2018\/10\/28\/debut-de-creation-pour-naiko-meiji\/\" \/>\n<meta property=\"og:site_name\" content=\"Sam Verlen\" \/>\n<meta property=\"article:publisher\" content=\"https:\/\/www.facebook.com\/sverlen\" \/>\n<meta property=\"article:published_time\" content=\"2018-10-28T17:03:23+00:00\" \/>\n<meta property=\"article:modified_time\" content=\"2018-10-29T18:31:55+00:00\" \/>\n<meta property=\"og:image\" content=\"https:\/\/www.samverlen.com\/wp-content\/uploads\/2018\/10\/IMG_1242.jpg\" \/>\n\t<meta property=\"og:image:width\" content=\"3024\" \/>\n\t<meta property=\"og:image:height\" content=\"3024\" \/>\n\t<meta property=\"og:image:type\" content=\"image\/jpeg\" \/>\n<meta name=\"author\" content=\"samverlen\" \/>\n<meta name=\"twitter:card\" content=\"summary_large_image\" \/>\n<meta name=\"twitter:creator\" content=\"@samverlen\" \/>\n<meta name=\"twitter:site\" content=\"@samverlen\" \/>\n<meta name=\"twitter:label1\" content=\"\u00c9crit par\" \/>\n\t<meta name=\"twitter:data1\" content=\"samverlen\" \/>\n\t<meta name=\"twitter:label2\" content=\"Dur\u00e9e de lecture estim\u00e9e\" \/>\n\t<meta name=\"twitter:data2\" content=\"2 minutes\" \/>\n<script type=\"application\/ld+json\" class=\"yoast-schema-graph\">{\"@context\":\"https:\\\/\\\/schema.org\",\"@graph\":[{\"@type\":\"Article\",\"@id\":\"https:\\\/\\\/www.samverlen.com\\\/index.php\\\/2018\\\/10\\\/28\\\/debut-de-creation-pour-naiko-meiji\\\/#article\",\"isPartOf\":{\"@id\":\"https:\\\/\\\/www.samverlen.com\\\/index.php\\\/2018\\\/10\\\/28\\\/debut-de-creation-pour-naiko-meiji\\\/\"},\"author\":{\"name\":\"samverlen\",\"@id\":\"https:\\\/\\\/www.samverlen.com\\\/#\\\/schema\\\/person\\\/afebf9a6641e07827cda3c96032f5a3d\"},\"headline\":\"D\u00e9but de cr\u00e9ation pour NA\u00cfKO MEIJI\",\"datePublished\":\"2018-10-28T17:03:23+00:00\",\"dateModified\":\"2018-10-29T18:31:55+00:00\",\"mainEntityOfPage\":{\"@id\":\"https:\\\/\\\/www.samverlen.com\\\/index.php\\\/2018\\\/10\\\/28\\\/debut-de-creation-pour-naiko-meiji\\\/\"},\"wordCount\":442,\"commentCount\":0,\"image\":{\"@id\":\"https:\\\/\\\/www.samverlen.com\\\/index.php\\\/2018\\\/10\\\/28\\\/debut-de-creation-pour-naiko-meiji\\\/#primaryimage\"},\"thumbnailUrl\":\"https:\\\/\\\/www.samverlen.com\\\/wp-content\\\/uploads\\\/2018\\\/10\\\/IMG_1242.jpg\",\"articleSection\":[\"news\"],\"inLanguage\":\"fr-FR\",\"potentialAction\":[{\"@type\":\"CommentAction\",\"name\":\"Comment\",\"target\":[\"https:\\\/\\\/www.samverlen.com\\\/index.php\\\/2018\\\/10\\\/28\\\/debut-de-creation-pour-naiko-meiji\\\/#respond\"]}]},{\"@type\":\"WebPage\",\"@id\":\"https:\\\/\\\/www.samverlen.com\\\/index.php\\\/2018\\\/10\\\/28\\\/debut-de-creation-pour-naiko-meiji\\\/\",\"url\":\"https:\\\/\\\/www.samverlen.com\\\/index.php\\\/2018\\\/10\\\/28\\\/debut-de-creation-pour-naiko-meiji\\\/\",\"name\":\"D\u00e9but de cr\u00e9ation pour NA\u00cfKO MEIJI - Sam Verlen\",\"isPartOf\":{\"@id\":\"https:\\\/\\\/www.samverlen.com\\\/#website\"},\"primaryImageOfPage\":{\"@id\":\"https:\\\/\\\/www.samverlen.com\\\/index.php\\\/2018\\\/10\\\/28\\\/debut-de-creation-pour-naiko-meiji\\\/#primaryimage\"},\"image\":{\"@id\":\"https:\\\/\\\/www.samverlen.com\\\/index.php\\\/2018\\\/10\\\/28\\\/debut-de-creation-pour-naiko-meiji\\\/#primaryimage\"},\"thumbnailUrl\":\"https:\\\/\\\/www.samverlen.com\\\/wp-content\\\/uploads\\\/2018\\\/10\\\/IMG_1242.jpg\",\"datePublished\":\"2018-10-28T17:03:23+00:00\",\"dateModified\":\"2018-10-29T18:31:55+00:00\",\"author\":{\"@id\":\"https:\\\/\\\/www.samverlen.com\\\/#\\\/schema\\\/person\\\/afebf9a6641e07827cda3c96032f5a3d\"},\"breadcrumb\":{\"@id\":\"https:\\\/\\\/www.samverlen.com\\\/index.php\\\/2018\\\/10\\\/28\\\/debut-de-creation-pour-naiko-meiji\\\/#breadcrumb\"},\"inLanguage\":\"fr-FR\",\"potentialAction\":[{\"@type\":\"ReadAction\",\"target\":[\"https:\\\/\\\/www.samverlen.com\\\/index.php\\\/2018\\\/10\\\/28\\\/debut-de-creation-pour-naiko-meiji\\\/\"]}]},{\"@type\":\"ImageObject\",\"inLanguage\":\"fr-FR\",\"@id\":\"https:\\\/\\\/www.samverlen.com\\\/index.php\\\/2018\\\/10\\\/28\\\/debut-de-creation-pour-naiko-meiji\\\/#primaryimage\",\"url\":\"https:\\\/\\\/www.samverlen.com\\\/wp-content\\\/uploads\\\/2018\\\/10\\\/IMG_1242.jpg\",\"contentUrl\":\"https:\\\/\\\/www.samverlen.com\\\/wp-content\\\/uploads\\\/2018\\\/10\\\/IMG_1242.jpg\",\"width\":3024,\"height\":3024},{\"@type\":\"BreadcrumbList\",\"@id\":\"https:\\\/\\\/www.samverlen.com\\\/index.php\\\/2018\\\/10\\\/28\\\/debut-de-creation-pour-naiko-meiji\\\/#breadcrumb\",\"itemListElement\":[{\"@type\":\"ListItem\",\"position\":1,\"name\":\"Accueil\",\"item\":\"https:\\\/\\\/www.samverlen.com\\\/\"},{\"@type\":\"ListItem\",\"position\":2,\"name\":\"D\u00e9but de cr\u00e9ation pour NA\u00cfKO MEIJI\"}]},{\"@type\":\"WebSite\",\"@id\":\"https:\\\/\\\/www.samverlen.com\\\/#website\",\"url\":\"https:\\\/\\\/www.samverlen.com\\\/\",\"name\":\"Sam Verlen\",\"description\":\"Chercheur de po\u00e9sie sonore \\\/\\\/ Compositeur, musicien\",\"potentialAction\":[{\"@type\":\"SearchAction\",\"target\":{\"@type\":\"EntryPoint\",\"urlTemplate\":\"https:\\\/\\\/www.samverlen.com\\\/?s={search_term_string}\"},\"query-input\":{\"@type\":\"PropertyValueSpecification\",\"valueRequired\":true,\"valueName\":\"search_term_string\"}}],\"inLanguage\":\"fr-FR\"},{\"@type\":\"Person\",\"@id\":\"https:\\\/\\\/www.samverlen.com\\\/#\\\/schema\\\/person\\\/afebf9a6641e07827cda3c96032f5a3d\",\"name\":\"samverlen\",\"image\":{\"@type\":\"ImageObject\",\"inLanguage\":\"fr-FR\",\"@id\":\"https:\\\/\\\/secure.gravatar.com\\\/avatar\\\/bb71d7c316348923a9c8f09e6ff09f43f1d48a987eff10b4119565e5a4f2ecd9?s=96&d=mm&r=g\",\"url\":\"https:\\\/\\\/secure.gravatar.com\\\/avatar\\\/bb71d7c316348923a9c8f09e6ff09f43f1d48a987eff10b4119565e5a4f2ecd9?s=96&d=mm&r=g\",\"contentUrl\":\"https:\\\/\\\/secure.gravatar.com\\\/avatar\\\/bb71d7c316348923a9c8f09e6ff09f43f1d48a987eff10b4119565e5a4f2ecd9?s=96&d=mm&r=g\",\"caption\":\"samverlen\"}}]}<\/script>\n<!-- \/ Yoast SEO plugin. -->","yoast_head_json":{"title":"D\u00e9but de cr\u00e9ation pour NA\u00cfKO MEIJI - Sam Verlen","robots":{"index":"index","follow":"follow","max-snippet":"max-snippet:-1","max-image-preview":"max-image-preview:large","max-video-preview":"max-video-preview:-1"},"canonical":"https:\/\/www.samverlen.com\/index.php\/2018\/10\/28\/debut-de-creation-pour-naiko-meiji\/","og_locale":"fr_FR","og_type":"article","og_title":"D\u00e9but de cr\u00e9ation pour NA\u00cfKO MEIJI - Sam Verlen","og_description":"Avec l&rsquo;artiste peintre Heol et le vid\u00e9aste Greg Bouchet, nous nous lan\u00e7ons la t\u00eate la premi\u00e8re dans une nouvelle cr\u00e9ation m\u00ealant peinture live \/ mapping vid\u00e9o et musique&#8230;le tout autour du Japon avec l&rsquo;histoire de la petite Na\u00efko Meiji et de son grand-p\u00e8re. Heol et...","og_url":"https:\/\/www.samverlen.com\/index.php\/2018\/10\/28\/debut-de-creation-pour-naiko-meiji\/","og_site_name":"Sam Verlen","article_publisher":"https:\/\/www.facebook.com\/sverlen","article_published_time":"2018-10-28T17:03:23+00:00","article_modified_time":"2018-10-29T18:31:55+00:00","og_image":[{"width":3024,"height":3024,"url":"https:\/\/www.samverlen.com\/wp-content\/uploads\/2018\/10\/IMG_1242.jpg","type":"image\/jpeg"}],"author":"samverlen","twitter_card":"summary_large_image","twitter_creator":"@samverlen","twitter_site":"@samverlen","twitter_misc":{"\u00c9crit par":"samverlen","Dur\u00e9e de lecture estim\u00e9e":"2 minutes"},"schema":{"@context":"https:\/\/schema.org","@graph":[{"@type":"Article","@id":"https:\/\/www.samverlen.com\/index.php\/2018\/10\/28\/debut-de-creation-pour-naiko-meiji\/#article","isPartOf":{"@id":"https:\/\/www.samverlen.com\/index.php\/2018\/10\/28\/debut-de-creation-pour-naiko-meiji\/"},"author":{"name":"samverlen","@id":"https:\/\/www.samverlen.com\/#\/schema\/person\/afebf9a6641e07827cda3c96032f5a3d"},"headline":"D\u00e9but de cr\u00e9ation pour NA\u00cfKO MEIJI","datePublished":"2018-10-28T17:03:23+00:00","dateModified":"2018-10-29T18:31:55+00:00","mainEntityOfPage":{"@id":"https:\/\/www.samverlen.com\/index.php\/2018\/10\/28\/debut-de-creation-pour-naiko-meiji\/"},"wordCount":442,"commentCount":0,"image":{"@id":"https:\/\/www.samverlen.com\/index.php\/2018\/10\/28\/debut-de-creation-pour-naiko-meiji\/#primaryimage"},"thumbnailUrl":"https:\/\/www.samverlen.com\/wp-content\/uploads\/2018\/10\/IMG_1242.jpg","articleSection":["news"],"inLanguage":"fr-FR","potentialAction":[{"@type":"CommentAction","name":"Comment","target":["https:\/\/www.samverlen.com\/index.php\/2018\/10\/28\/debut-de-creation-pour-naiko-meiji\/#respond"]}]},{"@type":"WebPage","@id":"https:\/\/www.samverlen.com\/index.php\/2018\/10\/28\/debut-de-creation-pour-naiko-meiji\/","url":"https:\/\/www.samverlen.com\/index.php\/2018\/10\/28\/debut-de-creation-pour-naiko-meiji\/","name":"D\u00e9but de cr\u00e9ation pour NA\u00cfKO MEIJI - Sam Verlen","isPartOf":{"@id":"https:\/\/www.samverlen.com\/#website"},"primaryImageOfPage":{"@id":"https:\/\/www.samverlen.com\/index.php\/2018\/10\/28\/debut-de-creation-pour-naiko-meiji\/#primaryimage"},"image":{"@id":"https:\/\/www.samverlen.com\/index.php\/2018\/10\/28\/debut-de-creation-pour-naiko-meiji\/#primaryimage"},"thumbnailUrl":"https:\/\/www.samverlen.com\/wp-content\/uploads\/2018\/10\/IMG_1242.jpg","datePublished":"2018-10-28T17:03:23+00:00","dateModified":"2018-10-29T18:31:55+00:00","author":{"@id":"https:\/\/www.samverlen.com\/#\/schema\/person\/afebf9a6641e07827cda3c96032f5a3d"},"breadcrumb":{"@id":"https:\/\/www.samverlen.com\/index.php\/2018\/10\/28\/debut-de-creation-pour-naiko-meiji\/#breadcrumb"},"inLanguage":"fr-FR","potentialAction":[{"@type":"ReadAction","target":["https:\/\/www.samverlen.com\/index.php\/2018\/10\/28\/debut-de-creation-pour-naiko-meiji\/"]}]},{"@type":"ImageObject","inLanguage":"fr-FR","@id":"https:\/\/www.samverlen.com\/index.php\/2018\/10\/28\/debut-de-creation-pour-naiko-meiji\/#primaryimage","url":"https:\/\/www.samverlen.com\/wp-content\/uploads\/2018\/10\/IMG_1242.jpg","contentUrl":"https:\/\/www.samverlen.com\/wp-content\/uploads\/2018\/10\/IMG_1242.jpg","width":3024,"height":3024},{"@type":"BreadcrumbList","@id":"https:\/\/www.samverlen.com\/index.php\/2018\/10\/28\/debut-de-creation-pour-naiko-meiji\/#breadcrumb","itemListElement":[{"@type":"ListItem","position":1,"name":"Accueil","item":"https:\/\/www.samverlen.com\/"},{"@type":"ListItem","position":2,"name":"D\u00e9but de cr\u00e9ation pour NA\u00cfKO MEIJI"}]},{"@type":"WebSite","@id":"https:\/\/www.samverlen.com\/#website","url":"https:\/\/www.samverlen.com\/","name":"Sam Verlen","description":"Chercheur de po\u00e9sie sonore \/\/ Compositeur, musicien","potentialAction":[{"@type":"SearchAction","target":{"@type":"EntryPoint","urlTemplate":"https:\/\/www.samverlen.com\/?s={search_term_string}"},"query-input":{"@type":"PropertyValueSpecification","valueRequired":true,"valueName":"search_term_string"}}],"inLanguage":"fr-FR"},{"@type":"Person","@id":"https:\/\/www.samverlen.com\/#\/schema\/person\/afebf9a6641e07827cda3c96032f5a3d","name":"samverlen","image":{"@type":"ImageObject","inLanguage":"fr-FR","@id":"https:\/\/secure.gravatar.com\/avatar\/bb71d7c316348923a9c8f09e6ff09f43f1d48a987eff10b4119565e5a4f2ecd9?s=96&d=mm&r=g","url":"https:\/\/secure.gravatar.com\/avatar\/bb71d7c316348923a9c8f09e6ff09f43f1d48a987eff10b4119565e5a4f2ecd9?s=96&d=mm&r=g","contentUrl":"https:\/\/secure.gravatar.com\/avatar\/bb71d7c316348923a9c8f09e6ff09f43f1d48a987eff10b4119565e5a4f2ecd9?s=96&d=mm&r=g","caption":"samverlen"}}]}},"_links":{"self":[{"href":"https:\/\/www.samverlen.com\/index.php\/wp-json\/wp\/v2\/posts\/1200","targetHints":{"allow":["GET"]}}],"collection":[{"href":"https:\/\/www.samverlen.com\/index.php\/wp-json\/wp\/v2\/posts"}],"about":[{"href":"https:\/\/www.samverlen.com\/index.php\/wp-json\/wp\/v2\/types\/post"}],"author":[{"embeddable":true,"href":"https:\/\/www.samverlen.com\/index.php\/wp-json\/wp\/v2\/users\/1"}],"replies":[{"embeddable":true,"href":"https:\/\/www.samverlen.com\/index.php\/wp-json\/wp\/v2\/comments?post=1200"}],"version-history":[{"count":2,"href":"https:\/\/www.samverlen.com\/index.php\/wp-json\/wp\/v2\/posts\/1200\/revisions"}],"predecessor-version":[{"id":1219,"href":"https:\/\/www.samverlen.com\/index.php\/wp-json\/wp\/v2\/posts\/1200\/revisions\/1219"}],"wp:featuredmedia":[{"embeddable":true,"href":"https:\/\/www.samverlen.com\/index.php\/wp-json\/wp\/v2\/media\/1201"}],"wp:attachment":[{"href":"https:\/\/www.samverlen.com\/index.php\/wp-json\/wp\/v2\/media?parent=1200"}],"wp:term":[{"taxonomy":"category","embeddable":true,"href":"https:\/\/www.samverlen.com\/index.php\/wp-json\/wp\/v2\/categories?post=1200"},{"taxonomy":"post_tag","embeddable":true,"href":"https:\/\/www.samverlen.com\/index.php\/wp-json\/wp\/v2\/tags?post=1200"}],"curies":[{"name":"wp","href":"https:\/\/api.w.org\/{rel}","templated":true}]}}