{"id":1213,"date":"2018-10-29T10:52:45","date_gmt":"2018-10-29T09:52:45","guid":{"rendered":"http:\/\/www.samverlen.com\/?p=1213"},"modified":"2018-10-29T19:30:42","modified_gmt":"2018-10-29T18:30:42","slug":"soutenez-lenregistrement-de-fleuve","status":"publish","type":"post","link":"https:\/\/www.samverlen.com\/index.php\/2018\/10\/29\/soutenez-lenregistrement-de-fleuve\/","title":{"rendered":"Soutenez l&rsquo;enregistrement de \u00ab\u00a0FLEUVE\u00a0\u00bb"},"content":{"rendered":"<p>Cela fait d\u00e9j\u00e0 plusieurs fois que je vous parle de \u00ab\u00a0Fleuve\u00a0\u00bb, sa gen\u00e8se, ses premi\u00e8res musiques, sa cr\u00e9ation \u00ab\u00a0live\u00a0\u00bb en r\u00e9sidence&#8230;<\/p>\n<p><span style=\"font-weight: 400;\">Existant actuellement sous une forme uniquement \u00ab live \u00bb<\/span><span style=\"font-weight: 400;\">, nous souhaitons d\u00e9sormais prendre le temps d\u2019enregistrer et mixer ses morceaux en studio pour vous concocter un bel album pour le printemps 2019.<\/span><\/p>\n<p><span style=\"font-weight: 400;\">Les pochettes des disques seront faites \u00ab maison \u00bb \u00e0 partir de carton kraft recycl\u00e9 et de tampons dont le design graphique sera r\u00e9alis\u00e9 par Virginie Guilluy et fabriqu\u00e9 par une entreprise proche de chez nous.<\/span><\/p>\n<p>Mais comme vous le savez, la r\u00e9alisation et le pressage d&rsquo;un disque co\u00fbte cher et nous lan\u00e7ons donc un projet de financement participatif sur le site <a href=\"https:\/\/www.kengo.bzh\/\" target=\"_blank\" rel=\"noopener\">kengo.bzh<\/a>\u00a0(nouvel acteur breton dans le domaine) afin de pouvoir nous aider \u00e0 enregistrer notre r\u00eaverie.<\/p>\n<p>Et qui dit financement participatif, dis contreparties !<\/p>\n<p>En plus du disque, allez d\u00e9couvrir nos propositions originales : tisanes bio locales \u00ab\u00a0Fleuve\u00a0\u00bb, bijoux en terre fait \u00ab\u00a0maison\u00a0\u00bb, participation \u00e0 des s\u00e9ances \u00ab\u00a0priv\u00e9es\u00a0\u00bb de la sieste musicale, etc&#8230;<\/p>\n<p>&nbsp;<\/p>\n<p style=\"text-align: center;\"><strong>POUR NOUS AIDER A FAIRE DE CE R\u00caVE UN DISQUE, \u00c7A SE PASSE PAR ICI :<\/strong><br \/>\n<strong>\u00a0<a href=\"https:\/\/www.kengo.bzh\/projet\/1598\/fleuve-lalbum-de-la-sieste-musicale\" target=\"_blank\" rel=\"noopener\">https:\/\/www.kengo.bzh\/projet\/1598\/fleuve-lalbum-de-la-sieste-musicale<\/a><\/strong><\/p>\n<p>&nbsp;<\/p>\n<p>&nbsp;<\/p>\n<p><\/p>","protected":false},"excerpt":{"rendered":"<p>Cela fait d\u00e9j\u00e0 plusieurs fois que je vous parle de \u00ab\u00a0Fleuve\u00a0\u00bb, sa gen\u00e8se, ses premi\u00e8res musiques, sa cr\u00e9ation \u00ab\u00a0live\u00a0\u00bb en r\u00e9sidence&#8230; Existant actuellement sous une forme uniquement \u00ab live \u00bb, nous souhaitons d\u00e9sormais prendre le temps d\u2019enregistrer et mixer ses morceaux en studio pour vous&#8230;<\/p>\n","protected":false},"author":1,"featured_media":1218,"comment_status":"open","ping_status":"open","sticky":false,"template":"","format":"standard","meta":{"_et_pb_use_builder":"","_et_pb_old_content":"","_et_gb_content_width":"","footnotes":""},"categories":[5],"tags":[],"class_list":["post-1213","post","type-post","status-publish","format-standard","has-post-thumbnail","hentry","category-news"],"yoast_head":"<!-- This site is optimized with the Yoast SEO plugin v27.4 - https:\/\/yoast.com\/product\/yoast-seo-wordpress\/ -->\n<title>Soutenez l&#039;enregistrement de &quot;FLEUVE&quot; - Sam Verlen<\/title>\n<meta name=\"robots\" content=\"index, follow, max-snippet:-1, max-image-preview:large, max-video-preview:-1\" \/>\n<link rel=\"canonical\" href=\"https:\/\/www.samverlen.com\/index.php\/2018\/10\/29\/soutenez-lenregistrement-de-fleuve\/\" \/>\n<meta property=\"og:locale\" content=\"fr_FR\" \/>\n<meta property=\"og:type\" content=\"article\" \/>\n<meta property=\"og:title\" content=\"Soutenez l&#039;enregistrement de &quot;FLEUVE&quot; - Sam Verlen\" \/>\n<meta property=\"og:description\" content=\"Cela fait d\u00e9j\u00e0 plusieurs fois que je vous parle de \u00ab\u00a0Fleuve\u00a0\u00bb, sa gen\u00e8se, ses premi\u00e8res musiques, sa cr\u00e9ation \u00ab\u00a0live\u00a0\u00bb en r\u00e9sidence&#8230; Existant actuellement sous une forme uniquement \u00ab live \u00bb, nous souhaitons d\u00e9sormais prendre le temps d\u2019enregistrer et mixer ses morceaux en studio pour vous...\" \/>\n<meta property=\"og:url\" content=\"https:\/\/www.samverlen.com\/index.php\/2018\/10\/29\/soutenez-lenregistrement-de-fleuve\/\" \/>\n<meta property=\"og:site_name\" content=\"Sam Verlen\" \/>\n<meta property=\"article:publisher\" content=\"https:\/\/www.facebook.com\/sverlen\" \/>\n<meta property=\"article:published_time\" content=\"2018-10-29T09:52:45+00:00\" \/>\n<meta property=\"article:modified_time\" content=\"2018-10-29T18:30:42+00:00\" \/>\n<meta property=\"og:image\" content=\"https:\/\/www.samverlen.com\/wp-content\/uploads\/2018\/10\/BanniereKengoOk.jpg\" \/>\n\t<meta property=\"og:image:width\" content=\"4608\" \/>\n\t<meta property=\"og:image:height\" content=\"1080\" \/>\n\t<meta property=\"og:image:type\" content=\"image\/jpeg\" \/>\n<meta name=\"author\" content=\"samverlen\" \/>\n<meta name=\"twitter:card\" content=\"summary_large_image\" \/>\n<meta name=\"twitter:creator\" content=\"@samverlen\" \/>\n<meta name=\"twitter:site\" content=\"@samverlen\" \/>\n<meta name=\"twitter:label1\" content=\"\u00c9crit par\" \/>\n\t<meta name=\"twitter:data1\" content=\"samverlen\" \/>\n\t<meta name=\"twitter:label2\" content=\"Dur\u00e9e de lecture estim\u00e9e\" \/>\n\t<meta name=\"twitter:data2\" content=\"1 minute\" \/>\n<script type=\"application\/ld+json\" class=\"yoast-schema-graph\">{\"@context\":\"https:\\\/\\\/schema.org\",\"@graph\":[{\"@type\":\"Article\",\"@id\":\"https:\\\/\\\/www.samverlen.com\\\/index.php\\\/2018\\\/10\\\/29\\\/soutenez-lenregistrement-de-fleuve\\\/#article\",\"isPartOf\":{\"@id\":\"https:\\\/\\\/www.samverlen.com\\\/index.php\\\/2018\\\/10\\\/29\\\/soutenez-lenregistrement-de-fleuve\\\/\"},\"author\":{\"name\":\"samverlen\",\"@id\":\"https:\\\/\\\/www.samverlen.com\\\/#\\\/schema\\\/person\\\/afebf9a6641e07827cda3c96032f5a3d\"},\"headline\":\"Soutenez l&rsquo;enregistrement de \u00ab\u00a0FLEUVE\u00a0\u00bb\",\"datePublished\":\"2018-10-29T09:52:45+00:00\",\"dateModified\":\"2018-10-29T18:30:42+00:00\",\"mainEntityOfPage\":{\"@id\":\"https:\\\/\\\/www.samverlen.com\\\/index.php\\\/2018\\\/10\\\/29\\\/soutenez-lenregistrement-de-fleuve\\\/\"},\"wordCount\":203,\"commentCount\":0,\"image\":{\"@id\":\"https:\\\/\\\/www.samverlen.com\\\/index.php\\\/2018\\\/10\\\/29\\\/soutenez-lenregistrement-de-fleuve\\\/#primaryimage\"},\"thumbnailUrl\":\"https:\\\/\\\/www.samverlen.com\\\/wp-content\\\/uploads\\\/2018\\\/10\\\/BanniereKengoOk.jpg\",\"articleSection\":[\"news\"],\"inLanguage\":\"fr-FR\",\"potentialAction\":[{\"@type\":\"CommentAction\",\"name\":\"Comment\",\"target\":[\"https:\\\/\\\/www.samverlen.com\\\/index.php\\\/2018\\\/10\\\/29\\\/soutenez-lenregistrement-de-fleuve\\\/#respond\"]}]},{\"@type\":\"WebPage\",\"@id\":\"https:\\\/\\\/www.samverlen.com\\\/index.php\\\/2018\\\/10\\\/29\\\/soutenez-lenregistrement-de-fleuve\\\/\",\"url\":\"https:\\\/\\\/www.samverlen.com\\\/index.php\\\/2018\\\/10\\\/29\\\/soutenez-lenregistrement-de-fleuve\\\/\",\"name\":\"Soutenez l'enregistrement de \\\"FLEUVE\\\" - Sam Verlen\",\"isPartOf\":{\"@id\":\"https:\\\/\\\/www.samverlen.com\\\/#website\"},\"primaryImageOfPage\":{\"@id\":\"https:\\\/\\\/www.samverlen.com\\\/index.php\\\/2018\\\/10\\\/29\\\/soutenez-lenregistrement-de-fleuve\\\/#primaryimage\"},\"image\":{\"@id\":\"https:\\\/\\\/www.samverlen.com\\\/index.php\\\/2018\\\/10\\\/29\\\/soutenez-lenregistrement-de-fleuve\\\/#primaryimage\"},\"thumbnailUrl\":\"https:\\\/\\\/www.samverlen.com\\\/wp-content\\\/uploads\\\/2018\\\/10\\\/BanniereKengoOk.jpg\",\"datePublished\":\"2018-10-29T09:52:45+00:00\",\"dateModified\":\"2018-10-29T18:30:42+00:00\",\"author\":{\"@id\":\"https:\\\/\\\/www.samverlen.com\\\/#\\\/schema\\\/person\\\/afebf9a6641e07827cda3c96032f5a3d\"},\"breadcrumb\":{\"@id\":\"https:\\\/\\\/www.samverlen.com\\\/index.php\\\/2018\\\/10\\\/29\\\/soutenez-lenregistrement-de-fleuve\\\/#breadcrumb\"},\"inLanguage\":\"fr-FR\",\"potentialAction\":[{\"@type\":\"ReadAction\",\"target\":[\"https:\\\/\\\/www.samverlen.com\\\/index.php\\\/2018\\\/10\\\/29\\\/soutenez-lenregistrement-de-fleuve\\\/\"]}]},{\"@type\":\"ImageObject\",\"inLanguage\":\"fr-FR\",\"@id\":\"https:\\\/\\\/www.samverlen.com\\\/index.php\\\/2018\\\/10\\\/29\\\/soutenez-lenregistrement-de-fleuve\\\/#primaryimage\",\"url\":\"https:\\\/\\\/www.samverlen.com\\\/wp-content\\\/uploads\\\/2018\\\/10\\\/BanniereKengoOk.jpg\",\"contentUrl\":\"https:\\\/\\\/www.samverlen.com\\\/wp-content\\\/uploads\\\/2018\\\/10\\\/BanniereKengoOk.jpg\",\"width\":4608,\"height\":1080},{\"@type\":\"BreadcrumbList\",\"@id\":\"https:\\\/\\\/www.samverlen.com\\\/index.php\\\/2018\\\/10\\\/29\\\/soutenez-lenregistrement-de-fleuve\\\/#breadcrumb\",\"itemListElement\":[{\"@type\":\"ListItem\",\"position\":1,\"name\":\"Accueil\",\"item\":\"https:\\\/\\\/www.samverlen.com\\\/\"},{\"@type\":\"ListItem\",\"position\":2,\"name\":\"Soutenez l&rsquo;enregistrement de \u00ab\u00a0FLEUVE\u00a0\u00bb\"}]},{\"@type\":\"WebSite\",\"@id\":\"https:\\\/\\\/www.samverlen.com\\\/#website\",\"url\":\"https:\\\/\\\/www.samverlen.com\\\/\",\"name\":\"Sam Verlen\",\"description\":\"Chercheur de po\u00e9sie sonore \\\/\\\/ Compositeur, musicien\",\"potentialAction\":[{\"@type\":\"SearchAction\",\"target\":{\"@type\":\"EntryPoint\",\"urlTemplate\":\"https:\\\/\\\/www.samverlen.com\\\/?s={search_term_string}\"},\"query-input\":{\"@type\":\"PropertyValueSpecification\",\"valueRequired\":true,\"valueName\":\"search_term_string\"}}],\"inLanguage\":\"fr-FR\"},{\"@type\":\"Person\",\"@id\":\"https:\\\/\\\/www.samverlen.com\\\/#\\\/schema\\\/person\\\/afebf9a6641e07827cda3c96032f5a3d\",\"name\":\"samverlen\",\"image\":{\"@type\":\"ImageObject\",\"inLanguage\":\"fr-FR\",\"@id\":\"https:\\\/\\\/secure.gravatar.com\\\/avatar\\\/bb71d7c316348923a9c8f09e6ff09f43f1d48a987eff10b4119565e5a4f2ecd9?s=96&d=mm&r=g\",\"url\":\"https:\\\/\\\/secure.gravatar.com\\\/avatar\\\/bb71d7c316348923a9c8f09e6ff09f43f1d48a987eff10b4119565e5a4f2ecd9?s=96&d=mm&r=g\",\"contentUrl\":\"https:\\\/\\\/secure.gravatar.com\\\/avatar\\\/bb71d7c316348923a9c8f09e6ff09f43f1d48a987eff10b4119565e5a4f2ecd9?s=96&d=mm&r=g\",\"caption\":\"samverlen\"}}]}<\/script>\n<!-- \/ Yoast SEO plugin. -->","yoast_head_json":{"title":"Soutenez l'enregistrement de \"FLEUVE\" - Sam Verlen","robots":{"index":"index","follow":"follow","max-snippet":"max-snippet:-1","max-image-preview":"max-image-preview:large","max-video-preview":"max-video-preview:-1"},"canonical":"https:\/\/www.samverlen.com\/index.php\/2018\/10\/29\/soutenez-lenregistrement-de-fleuve\/","og_locale":"fr_FR","og_type":"article","og_title":"Soutenez l'enregistrement de \"FLEUVE\" - Sam Verlen","og_description":"Cela fait d\u00e9j\u00e0 plusieurs fois que je vous parle de \u00ab\u00a0Fleuve\u00a0\u00bb, sa gen\u00e8se, ses premi\u00e8res musiques, sa cr\u00e9ation \u00ab\u00a0live\u00a0\u00bb en r\u00e9sidence&#8230; Existant actuellement sous une forme uniquement \u00ab live \u00bb, nous souhaitons d\u00e9sormais prendre le temps d\u2019enregistrer et mixer ses morceaux en studio pour vous...","og_url":"https:\/\/www.samverlen.com\/index.php\/2018\/10\/29\/soutenez-lenregistrement-de-fleuve\/","og_site_name":"Sam Verlen","article_publisher":"https:\/\/www.facebook.com\/sverlen","article_published_time":"2018-10-29T09:52:45+00:00","article_modified_time":"2018-10-29T18:30:42+00:00","og_image":[{"width":4608,"height":1080,"url":"https:\/\/www.samverlen.com\/wp-content\/uploads\/2018\/10\/BanniereKengoOk.jpg","type":"image\/jpeg"}],"author":"samverlen","twitter_card":"summary_large_image","twitter_creator":"@samverlen","twitter_site":"@samverlen","twitter_misc":{"\u00c9crit par":"samverlen","Dur\u00e9e de lecture estim\u00e9e":"1 minute"},"schema":{"@context":"https:\/\/schema.org","@graph":[{"@type":"Article","@id":"https:\/\/www.samverlen.com\/index.php\/2018\/10\/29\/soutenez-lenregistrement-de-fleuve\/#article","isPartOf":{"@id":"https:\/\/www.samverlen.com\/index.php\/2018\/10\/29\/soutenez-lenregistrement-de-fleuve\/"},"author":{"name":"samverlen","@id":"https:\/\/www.samverlen.com\/#\/schema\/person\/afebf9a6641e07827cda3c96032f5a3d"},"headline":"Soutenez l&rsquo;enregistrement de \u00ab\u00a0FLEUVE\u00a0\u00bb","datePublished":"2018-10-29T09:52:45+00:00","dateModified":"2018-10-29T18:30:42+00:00","mainEntityOfPage":{"@id":"https:\/\/www.samverlen.com\/index.php\/2018\/10\/29\/soutenez-lenregistrement-de-fleuve\/"},"wordCount":203,"commentCount":0,"image":{"@id":"https:\/\/www.samverlen.com\/index.php\/2018\/10\/29\/soutenez-lenregistrement-de-fleuve\/#primaryimage"},"thumbnailUrl":"https:\/\/www.samverlen.com\/wp-content\/uploads\/2018\/10\/BanniereKengoOk.jpg","articleSection":["news"],"inLanguage":"fr-FR","potentialAction":[{"@type":"CommentAction","name":"Comment","target":["https:\/\/www.samverlen.com\/index.php\/2018\/10\/29\/soutenez-lenregistrement-de-fleuve\/#respond"]}]},{"@type":"WebPage","@id":"https:\/\/www.samverlen.com\/index.php\/2018\/10\/29\/soutenez-lenregistrement-de-fleuve\/","url":"https:\/\/www.samverlen.com\/index.php\/2018\/10\/29\/soutenez-lenregistrement-de-fleuve\/","name":"Soutenez l'enregistrement de \"FLEUVE\" - Sam Verlen","isPartOf":{"@id":"https:\/\/www.samverlen.com\/#website"},"primaryImageOfPage":{"@id":"https:\/\/www.samverlen.com\/index.php\/2018\/10\/29\/soutenez-lenregistrement-de-fleuve\/#primaryimage"},"image":{"@id":"https:\/\/www.samverlen.com\/index.php\/2018\/10\/29\/soutenez-lenregistrement-de-fleuve\/#primaryimage"},"thumbnailUrl":"https:\/\/www.samverlen.com\/wp-content\/uploads\/2018\/10\/BanniereKengoOk.jpg","datePublished":"2018-10-29T09:52:45+00:00","dateModified":"2018-10-29T18:30:42+00:00","author":{"@id":"https:\/\/www.samverlen.com\/#\/schema\/person\/afebf9a6641e07827cda3c96032f5a3d"},"breadcrumb":{"@id":"https:\/\/www.samverlen.com\/index.php\/2018\/10\/29\/soutenez-lenregistrement-de-fleuve\/#breadcrumb"},"inLanguage":"fr-FR","potentialAction":[{"@type":"ReadAction","target":["https:\/\/www.samverlen.com\/index.php\/2018\/10\/29\/soutenez-lenregistrement-de-fleuve\/"]}]},{"@type":"ImageObject","inLanguage":"fr-FR","@id":"https:\/\/www.samverlen.com\/index.php\/2018\/10\/29\/soutenez-lenregistrement-de-fleuve\/#primaryimage","url":"https:\/\/www.samverlen.com\/wp-content\/uploads\/2018\/10\/BanniereKengoOk.jpg","contentUrl":"https:\/\/www.samverlen.com\/wp-content\/uploads\/2018\/10\/BanniereKengoOk.jpg","width":4608,"height":1080},{"@type":"BreadcrumbList","@id":"https:\/\/www.samverlen.com\/index.php\/2018\/10\/29\/soutenez-lenregistrement-de-fleuve\/#breadcrumb","itemListElement":[{"@type":"ListItem","position":1,"name":"Accueil","item":"https:\/\/www.samverlen.com\/"},{"@type":"ListItem","position":2,"name":"Soutenez l&rsquo;enregistrement de \u00ab\u00a0FLEUVE\u00a0\u00bb"}]},{"@type":"WebSite","@id":"https:\/\/www.samverlen.com\/#website","url":"https:\/\/www.samverlen.com\/","name":"Sam Verlen","description":"Chercheur de po\u00e9sie sonore \/\/ Compositeur, musicien","potentialAction":[{"@type":"SearchAction","target":{"@type":"EntryPoint","urlTemplate":"https:\/\/www.samverlen.com\/?s={search_term_string}"},"query-input":{"@type":"PropertyValueSpecification","valueRequired":true,"valueName":"search_term_string"}}],"inLanguage":"fr-FR"},{"@type":"Person","@id":"https:\/\/www.samverlen.com\/#\/schema\/person\/afebf9a6641e07827cda3c96032f5a3d","name":"samverlen","image":{"@type":"ImageObject","inLanguage":"fr-FR","@id":"https:\/\/secure.gravatar.com\/avatar\/bb71d7c316348923a9c8f09e6ff09f43f1d48a987eff10b4119565e5a4f2ecd9?s=96&d=mm&r=g","url":"https:\/\/secure.gravatar.com\/avatar\/bb71d7c316348923a9c8f09e6ff09f43f1d48a987eff10b4119565e5a4f2ecd9?s=96&d=mm&r=g","contentUrl":"https:\/\/secure.gravatar.com\/avatar\/bb71d7c316348923a9c8f09e6ff09f43f1d48a987eff10b4119565e5a4f2ecd9?s=96&d=mm&r=g","caption":"samverlen"}}]}},"_links":{"self":[{"href":"https:\/\/www.samverlen.com\/index.php\/wp-json\/wp\/v2\/posts\/1213","targetHints":{"allow":["GET"]}}],"collection":[{"href":"https:\/\/www.samverlen.com\/index.php\/wp-json\/wp\/v2\/posts"}],"about":[{"href":"https:\/\/www.samverlen.com\/index.php\/wp-json\/wp\/v2\/types\/post"}],"author":[{"embeddable":true,"href":"https:\/\/www.samverlen.com\/index.php\/wp-json\/wp\/v2\/users\/1"}],"replies":[{"embeddable":true,"href":"https:\/\/www.samverlen.com\/index.php\/wp-json\/wp\/v2\/comments?post=1213"}],"version-history":[{"count":3,"href":"https:\/\/www.samverlen.com\/index.php\/wp-json\/wp\/v2\/posts\/1213\/revisions"}],"predecessor-version":[{"id":1215,"href":"https:\/\/www.samverlen.com\/index.php\/wp-json\/wp\/v2\/posts\/1213\/revisions\/1215"}],"wp:featuredmedia":[{"embeddable":true,"href":"https:\/\/www.samverlen.com\/index.php\/wp-json\/wp\/v2\/media\/1218"}],"wp:attachment":[{"href":"https:\/\/www.samverlen.com\/index.php\/wp-json\/wp\/v2\/media?parent=1213"}],"wp:term":[{"taxonomy":"category","embeddable":true,"href":"https:\/\/www.samverlen.com\/index.php\/wp-json\/wp\/v2\/categories?post=1213"},{"taxonomy":"post_tag","embeddable":true,"href":"https:\/\/www.samverlen.com\/index.php\/wp-json\/wp\/v2\/tags?post=1213"}],"curies":[{"name":"wp","href":"https:\/\/api.w.org\/{rel}","templated":true}]}}