{"id":1320,"date":"2019-12-15T20:54:33","date_gmt":"2019-12-15T19:54:33","guid":{"rendered":"http:\/\/www.samverlen.com\/?p=1320"},"modified":"2019-12-15T20:59:36","modified_gmt":"2019-12-15T19:59:36","slug":"videos-de-noel","status":"publish","type":"post","link":"https:\/\/www.samverlen.com\/index.php\/2019\/12\/15\/videos-de-noel\/","title":{"rendered":"VID\u00c9OS DE NO\u00cbL"},"content":{"rendered":"<h2 style=\"text-align: center;\">D\u00c9CEMBRE\u00a02019<\/h2>\n<p style=\"text-align: center;\">A l&rsquo;approche de No\u00ebl, les spectacles s&rsquo;en donnent \u00e0 coeur joie et ce n&rsquo;est pas pour me d\u00e9plaire.<br \/>\nPour vous remercier de suivre avec attention cette modeste lettre de nouvelles, voici quelques \u00ab\u00a0cadeaux\u00a0vid\u00e9os\u00a0\u00bb :<\/p>\n<p><a class=\"\" title=\"\" href=\"https:\/\/www.samverlen.com\/index.php\/portfolio_page\/heol-performance-peinture-au-theatre-de-becherel\/\" target=\"_blank\" rel=\"noopener noreferrer\"><img decoding=\"async\" class=\"mcnImage aligncenter\" src=\"https:\/\/gallery.mailchimp.com\/18151d26b5296e5d2f60c36f4\/images\/de222506-32c1-4648-8797-a6ad448317c5.jpg\" alt=\"\" width=\"320\" \/><\/a><\/p>\n<p style=\"text-align: center;\"><a href=\"https:\/\/www.samverlen.com\/index.php\/portfolio_page\/heol-performance-peinture-au-theatre-de-becherel\/\" target=\"_blank\" rel=\"noopener noreferrer\"><strong>HEOL \/\/ Performance peinture au th\u00e9\u00e2tre de B\u00e9cherel<\/strong><\/a><\/p>\n<p style=\"text-align: center;\">Durant notre r\u00e9sidence de Mars 2019 avec Na\u00efk\u00f6 au th\u00e9\u00e2tre de B\u00e9cherel, Heol avait rep\u00e9r\u00e9 le mur de fond de sc\u00e8ne d\u00e9cr\u00e9pi et avait propos\u00e9 de le peindre \u2026 \u00e0 sa fa\u00e7on. C\u2019est \u00e0 dire en proposant une performance originale au public.<\/p>\n<p style=\"text-align: center;\">Pour la th\u00e9matique de sa peinture, ce lieu \u00e9tant depuis le d\u00e9part un lieu de th\u00e9\u00e2tre, Heol a choisi de peindre des visages de com\u00e9diens travaillant avec des masques neutres afin de laisser plus de place au mouvement du corps. Et en particulier pour lui aux mouvements du peintre\u2026<br \/>\nD\u00e9couvrez un extrait de cette performance pour laquelle j&rsquo;ai compos\u00e9 la musique en cliquant sur l&rsquo;image.<\/p>\n<p>&nbsp;<\/p>\n<p style=\"text-align: center;\"><a title=\"\" href=\"https:\/\/youtu.be\/1bIqoJ-EEOY\" target=\"_blank\" rel=\"noopener noreferrer\"><img loading=\"lazy\" decoding=\"async\" class=\"mcnImage aligncenter\" src=\"https:\/\/gallery.mailchimp.com\/18151d26b5296e5d2f60c36f4\/images\/fdd88ae2-f382-4f53-ac8e-7a6a90298e5d.jpg\" alt=\"\" width=\"564\" height=\"927\" \/><\/a><\/p>\n<p style=\"text-align: center;\"><em>Photo : Valy Cloarec<\/em><\/p>\n<p style=\"text-align: center;\"><a href=\"https:\/\/youtu.be\/1bIqoJ-EEOY\" target=\"_blank\" rel=\"noopener noreferrer\"><strong>LES \u00c9QUINOXES #1 \/\/ EXP\u00c9RIENCES SONORES<\/strong><\/a><\/p>\n<p style=\"text-align: center;\">Vous n&rsquo;avez pas pu venir \u00e0 Saint Brieuc-des-iffs et Cardroc assister aux \u00e9quinoxes d&rsquo;Artouta\u00ef ? Lucas Berthelot qui a suivi l&rsquo;\u00e9v\u00e8nement se charge de vous le r\u00e9sumer en vid\u00e9o (cliquer sur l&rsquo;image pour le voir) et Valy Cloarec en photos sur le compte instagram\u00a0d&rsquo;Artouta\u00ef. Si vous ouvrez l&rsquo;oeil, vous pourrez m&rsquo;apercevoir au sein d&rsquo;un orchestre \u00e9ph\u00e9m\u00e8re\u00a0cr\u00e9\u00e9 pour l&rsquo;atelier Klang Klang de Fr\u00e9d\u00e9ric Le Junter, un souvenir artistique qui m&rsquo;inspire d\u00e9j\u00e0 dans mes nouvelles musiques&#8230;<\/p>\n<p>&nbsp;<\/p>\n<p><a class=\"\" title=\"\" href=\"https:\/\/youtu.be\/roiLXXRrSIw\" target=\"_blank\" rel=\"noopener noreferrer\"><img decoding=\"async\" class=\"mcnImage aligncenter\" src=\"https:\/\/gallery.mailchimp.com\/18151d26b5296e5d2f60c36f4\/images\/b3d16ea5-3d14-4ce1-991a-dda31c46e5e0.jpg\" alt=\"\" width=\"500\" \/><\/a><\/p>\n<p style=\"text-align: center;\"><strong><a href=\"https:\/\/www.artoutai.com\/portfolio_page\/cohesion-pop\/\" target=\"_blank\" rel=\"noopener noreferrer\">COHESION POP<\/a>\u00a0\/\/\u00a0nouvel atelier \u00e0 destination des associations et entreprises\u00a0<\/strong><br \/>\nVous vous demandez sans doute parfois \u00e0 quoi ressemble nos ateliers de cr\u00e9ation &amp; enregistrement de chanson avec l&rsquo;auteur Christos&#8230;le jeune r\u00e9alisateur Lucas Berthelot nous a suivi toute une journ\u00e9e avec des entrepreneuses du r\u00e9seau \u00ab\u00a0Femmes de Bretagne\u00a0\u00bb, cliquez sur l&rsquo;image pour d\u00e9couvrir le film&#8230;<\/p>\n<p>&nbsp;<\/p>\n<p style=\"text-align: center;\"><a class=\"\" title=\"\" href=\"https:\/\/www.artoutai.com\/lahsa\" target=\"_blank\" rel=\"noopener noreferrer\"><img decoding=\"async\" class=\"mcnImage aligncenter\" src=\"https:\/\/gallery.mailchimp.com\/18151d26b5296e5d2f60c36f4\/images\/bc718f00-8f24-43ab-ac61-2e151b54a1dd.jpg\" alt=\"\" width=\"500\" \/><\/a><br \/>\n<em>Photo : V.Richard<\/em><\/p>\n<p style=\"text-align: center;\">A NOTER:\u00a0<strong><a href=\"https:\/\/www.artoutai.com\/portfolio_page\/lahsa\/\" target=\"_blank\" rel=\"noopener noreferrer\">LAHSA<\/a>\u00a0<\/strong>(notre conte \u00e9lectro-pop)<br \/>\n<strong>sera \u00e0 Bruz le 18 D\u00e9cembre prochain<\/strong><br \/>\n\u00e0 15h\u00a0au Centre culturel Grand Logis<br \/>\nen pr\u00e9sence de l&rsquo;auteur Christos qui d\u00e9dicacera les livres-cds. J&rsquo;esp\u00e8re vous y retrouver nombreux avec vos chatons !<\/p>\n<p style=\"text-align: center;\">Et pour finir en cadeau,\u00a0si vous souhaitez remplir votre hotte de fa\u00e7on originale en offrant un disque de Fleuve (avec sa tisane) ou un livre-cd de LAHSA, \u00e7a se passe par ici : \u00a0<a href=\"https:\/\/www.artoutai.com\/boutique\/\">https:\/\/www.artoutai.com\/boutique\/<\/a><br \/>\nBelle fin d&rsquo;ann\u00e9e \u00e0 vous et au plaisir de vous croiser ici ou l\u00e0&#8230;<br \/>\n<em>Sam Verlen<\/em><\/p>\n<p>&nbsp;<\/p>\n<p><\/p>","protected":false},"excerpt":{"rendered":"<p>D\u00c9CEMBRE\u00a02019 A l&rsquo;approche de No\u00ebl, les spectacles s&rsquo;en donnent \u00e0 coeur joie et ce n&rsquo;est pas pour me d\u00e9plaire. Pour vous remercier de suivre avec attention cette modeste lettre de nouvelles, voici quelques \u00ab\u00a0cadeaux\u00a0vid\u00e9os\u00a0\u00bb : HEOL \/\/ Performance peinture au th\u00e9\u00e2tre de B\u00e9cherel Durant notre&#8230;<\/p>\n","protected":false},"author":1,"featured_media":1326,"comment_status":"open","ping_status":"open","sticky":false,"template":"","format":"standard","meta":{"_et_pb_use_builder":"","_et_pb_old_content":"","_et_gb_content_width":"","footnotes":""},"categories":[5,1],"tags":[],"class_list":["post-1320","post","type-post","status-publish","format-standard","has-post-thumbnail","hentry","category-news","category-non-classe"],"yoast_head":"<!-- This site is optimized with the Yoast SEO plugin v27.4 - https:\/\/yoast.com\/product\/yoast-seo-wordpress\/ -->\n<title>VID\u00c9OS DE NO\u00cbL - Sam Verlen<\/title>\n<meta name=\"robots\" content=\"index, follow, max-snippet:-1, max-image-preview:large, max-video-preview:-1\" \/>\n<link rel=\"canonical\" href=\"https:\/\/www.samverlen.com\/index.php\/2019\/12\/15\/videos-de-noel\/\" \/>\n<meta property=\"og:locale\" content=\"fr_FR\" \/>\n<meta property=\"og:type\" content=\"article\" \/>\n<meta property=\"og:title\" content=\"VID\u00c9OS DE NO\u00cbL - Sam Verlen\" \/>\n<meta property=\"og:description\" content=\"D\u00c9CEMBRE\u00a02019 A l&rsquo;approche de No\u00ebl, les spectacles s&rsquo;en donnent \u00e0 coeur joie et ce n&rsquo;est pas pour me d\u00e9plaire. Pour vous remercier de suivre avec attention cette modeste lettre de nouvelles, voici quelques \u00ab\u00a0cadeaux\u00a0vid\u00e9os\u00a0\u00bb : HEOL \/\/ Performance peinture au th\u00e9\u00e2tre de B\u00e9cherel Durant notre...\" \/>\n<meta property=\"og:url\" content=\"https:\/\/www.samverlen.com\/index.php\/2019\/12\/15\/videos-de-noel\/\" \/>\n<meta property=\"og:site_name\" content=\"Sam Verlen\" \/>\n<meta property=\"article:publisher\" content=\"https:\/\/www.facebook.com\/sverlen\" \/>\n<meta property=\"article:published_time\" content=\"2019-12-15T19:54:33+00:00\" \/>\n<meta property=\"article:modified_time\" content=\"2019-12-15T19:59:36+00:00\" \/>\n<meta property=\"og:image\" content=\"https:\/\/www.samverlen.com\/wp-content\/uploads\/2019\/12\/FDB.jpg\" \/>\n\t<meta property=\"og:image:width\" content=\"500\" \/>\n\t<meta property=\"og:image:height\" content=\"298\" \/>\n\t<meta property=\"og:image:type\" content=\"image\/jpeg\" \/>\n<meta name=\"author\" content=\"samverlen\" \/>\n<meta name=\"twitter:card\" content=\"summary_large_image\" \/>\n<meta name=\"twitter:creator\" content=\"@samverlen\" \/>\n<meta name=\"twitter:site\" content=\"@samverlen\" \/>\n<meta name=\"twitter:label1\" content=\"\u00c9crit par\" \/>\n\t<meta name=\"twitter:data1\" content=\"samverlen\" \/>\n\t<meta name=\"twitter:label2\" content=\"Dur\u00e9e de lecture estim\u00e9e\" \/>\n\t<meta name=\"twitter:data2\" content=\"2 minutes\" \/>\n<script type=\"application\/ld+json\" class=\"yoast-schema-graph\">{\"@context\":\"https:\\\/\\\/schema.org\",\"@graph\":[{\"@type\":\"Article\",\"@id\":\"https:\\\/\\\/www.samverlen.com\\\/index.php\\\/2019\\\/12\\\/15\\\/videos-de-noel\\\/#article\",\"isPartOf\":{\"@id\":\"https:\\\/\\\/www.samverlen.com\\\/index.php\\\/2019\\\/12\\\/15\\\/videos-de-noel\\\/\"},\"author\":{\"name\":\"samverlen\",\"@id\":\"https:\\\/\\\/www.samverlen.com\\\/#\\\/schema\\\/person\\\/afebf9a6641e07827cda3c96032f5a3d\"},\"headline\":\"VID\u00c9OS DE NO\u00cbL\",\"datePublished\":\"2019-12-15T19:54:33+00:00\",\"dateModified\":\"2019-12-15T19:59:36+00:00\",\"mainEntityOfPage\":{\"@id\":\"https:\\\/\\\/www.samverlen.com\\\/index.php\\\/2019\\\/12\\\/15\\\/videos-de-noel\\\/\"},\"wordCount\":420,\"commentCount\":0,\"image\":{\"@id\":\"https:\\\/\\\/www.samverlen.com\\\/index.php\\\/2019\\\/12\\\/15\\\/videos-de-noel\\\/#primaryimage\"},\"thumbnailUrl\":\"https:\\\/\\\/www.samverlen.com\\\/wp-content\\\/uploads\\\/2019\\\/12\\\/FDB.jpg\",\"articleSection\":[\"news\"],\"inLanguage\":\"fr-FR\",\"potentialAction\":[{\"@type\":\"CommentAction\",\"name\":\"Comment\",\"target\":[\"https:\\\/\\\/www.samverlen.com\\\/index.php\\\/2019\\\/12\\\/15\\\/videos-de-noel\\\/#respond\"]}]},{\"@type\":\"WebPage\",\"@id\":\"https:\\\/\\\/www.samverlen.com\\\/index.php\\\/2019\\\/12\\\/15\\\/videos-de-noel\\\/\",\"url\":\"https:\\\/\\\/www.samverlen.com\\\/index.php\\\/2019\\\/12\\\/15\\\/videos-de-noel\\\/\",\"name\":\"VID\u00c9OS DE NO\u00cbL - Sam Verlen\",\"isPartOf\":{\"@id\":\"https:\\\/\\\/www.samverlen.com\\\/#website\"},\"primaryImageOfPage\":{\"@id\":\"https:\\\/\\\/www.samverlen.com\\\/index.php\\\/2019\\\/12\\\/15\\\/videos-de-noel\\\/#primaryimage\"},\"image\":{\"@id\":\"https:\\\/\\\/www.samverlen.com\\\/index.php\\\/2019\\\/12\\\/15\\\/videos-de-noel\\\/#primaryimage\"},\"thumbnailUrl\":\"https:\\\/\\\/www.samverlen.com\\\/wp-content\\\/uploads\\\/2019\\\/12\\\/FDB.jpg\",\"datePublished\":\"2019-12-15T19:54:33+00:00\",\"dateModified\":\"2019-12-15T19:59:36+00:00\",\"author\":{\"@id\":\"https:\\\/\\\/www.samverlen.com\\\/#\\\/schema\\\/person\\\/afebf9a6641e07827cda3c96032f5a3d\"},\"breadcrumb\":{\"@id\":\"https:\\\/\\\/www.samverlen.com\\\/index.php\\\/2019\\\/12\\\/15\\\/videos-de-noel\\\/#breadcrumb\"},\"inLanguage\":\"fr-FR\",\"potentialAction\":[{\"@type\":\"ReadAction\",\"target\":[\"https:\\\/\\\/www.samverlen.com\\\/index.php\\\/2019\\\/12\\\/15\\\/videos-de-noel\\\/\"]}]},{\"@type\":\"ImageObject\",\"inLanguage\":\"fr-FR\",\"@id\":\"https:\\\/\\\/www.samverlen.com\\\/index.php\\\/2019\\\/12\\\/15\\\/videos-de-noel\\\/#primaryimage\",\"url\":\"https:\\\/\\\/www.samverlen.com\\\/wp-content\\\/uploads\\\/2019\\\/12\\\/FDB.jpg\",\"contentUrl\":\"https:\\\/\\\/www.samverlen.com\\\/wp-content\\\/uploads\\\/2019\\\/12\\\/FDB.jpg\",\"width\":500,\"height\":298},{\"@type\":\"BreadcrumbList\",\"@id\":\"https:\\\/\\\/www.samverlen.com\\\/index.php\\\/2019\\\/12\\\/15\\\/videos-de-noel\\\/#breadcrumb\",\"itemListElement\":[{\"@type\":\"ListItem\",\"position\":1,\"name\":\"Accueil\",\"item\":\"https:\\\/\\\/www.samverlen.com\\\/\"},{\"@type\":\"ListItem\",\"position\":2,\"name\":\"VID\u00c9OS DE NO\u00cbL\"}]},{\"@type\":\"WebSite\",\"@id\":\"https:\\\/\\\/www.samverlen.com\\\/#website\",\"url\":\"https:\\\/\\\/www.samverlen.com\\\/\",\"name\":\"Sam Verlen\",\"description\":\"Chercheur de po\u00e9sie sonore \\\/\\\/ Compositeur, musicien\",\"potentialAction\":[{\"@type\":\"SearchAction\",\"target\":{\"@type\":\"EntryPoint\",\"urlTemplate\":\"https:\\\/\\\/www.samverlen.com\\\/?s={search_term_string}\"},\"query-input\":{\"@type\":\"PropertyValueSpecification\",\"valueRequired\":true,\"valueName\":\"search_term_string\"}}],\"inLanguage\":\"fr-FR\"},{\"@type\":\"Person\",\"@id\":\"https:\\\/\\\/www.samverlen.com\\\/#\\\/schema\\\/person\\\/afebf9a6641e07827cda3c96032f5a3d\",\"name\":\"samverlen\",\"image\":{\"@type\":\"ImageObject\",\"inLanguage\":\"fr-FR\",\"@id\":\"https:\\\/\\\/secure.gravatar.com\\\/avatar\\\/bb71d7c316348923a9c8f09e6ff09f43f1d48a987eff10b4119565e5a4f2ecd9?s=96&d=mm&r=g\",\"url\":\"https:\\\/\\\/secure.gravatar.com\\\/avatar\\\/bb71d7c316348923a9c8f09e6ff09f43f1d48a987eff10b4119565e5a4f2ecd9?s=96&d=mm&r=g\",\"contentUrl\":\"https:\\\/\\\/secure.gravatar.com\\\/avatar\\\/bb71d7c316348923a9c8f09e6ff09f43f1d48a987eff10b4119565e5a4f2ecd9?s=96&d=mm&r=g\",\"caption\":\"samverlen\"}}]}<\/script>\n<!-- \/ Yoast SEO plugin. -->","yoast_head_json":{"title":"VID\u00c9OS DE NO\u00cbL - Sam Verlen","robots":{"index":"index","follow":"follow","max-snippet":"max-snippet:-1","max-image-preview":"max-image-preview:large","max-video-preview":"max-video-preview:-1"},"canonical":"https:\/\/www.samverlen.com\/index.php\/2019\/12\/15\/videos-de-noel\/","og_locale":"fr_FR","og_type":"article","og_title":"VID\u00c9OS DE NO\u00cbL - Sam Verlen","og_description":"D\u00c9CEMBRE\u00a02019 A l&rsquo;approche de No\u00ebl, les spectacles s&rsquo;en donnent \u00e0 coeur joie et ce n&rsquo;est pas pour me d\u00e9plaire. Pour vous remercier de suivre avec attention cette modeste lettre de nouvelles, voici quelques \u00ab\u00a0cadeaux\u00a0vid\u00e9os\u00a0\u00bb : HEOL \/\/ Performance peinture au th\u00e9\u00e2tre de B\u00e9cherel Durant notre...","og_url":"https:\/\/www.samverlen.com\/index.php\/2019\/12\/15\/videos-de-noel\/","og_site_name":"Sam Verlen","article_publisher":"https:\/\/www.facebook.com\/sverlen","article_published_time":"2019-12-15T19:54:33+00:00","article_modified_time":"2019-12-15T19:59:36+00:00","og_image":[{"width":500,"height":298,"url":"https:\/\/www.samverlen.com\/wp-content\/uploads\/2019\/12\/FDB.jpg","type":"image\/jpeg"}],"author":"samverlen","twitter_card":"summary_large_image","twitter_creator":"@samverlen","twitter_site":"@samverlen","twitter_misc":{"\u00c9crit par":"samverlen","Dur\u00e9e de lecture estim\u00e9e":"2 minutes"},"schema":{"@context":"https:\/\/schema.org","@graph":[{"@type":"Article","@id":"https:\/\/www.samverlen.com\/index.php\/2019\/12\/15\/videos-de-noel\/#article","isPartOf":{"@id":"https:\/\/www.samverlen.com\/index.php\/2019\/12\/15\/videos-de-noel\/"},"author":{"name":"samverlen","@id":"https:\/\/www.samverlen.com\/#\/schema\/person\/afebf9a6641e07827cda3c96032f5a3d"},"headline":"VID\u00c9OS DE NO\u00cbL","datePublished":"2019-12-15T19:54:33+00:00","dateModified":"2019-12-15T19:59:36+00:00","mainEntityOfPage":{"@id":"https:\/\/www.samverlen.com\/index.php\/2019\/12\/15\/videos-de-noel\/"},"wordCount":420,"commentCount":0,"image":{"@id":"https:\/\/www.samverlen.com\/index.php\/2019\/12\/15\/videos-de-noel\/#primaryimage"},"thumbnailUrl":"https:\/\/www.samverlen.com\/wp-content\/uploads\/2019\/12\/FDB.jpg","articleSection":["news"],"inLanguage":"fr-FR","potentialAction":[{"@type":"CommentAction","name":"Comment","target":["https:\/\/www.samverlen.com\/index.php\/2019\/12\/15\/videos-de-noel\/#respond"]}]},{"@type":"WebPage","@id":"https:\/\/www.samverlen.com\/index.php\/2019\/12\/15\/videos-de-noel\/","url":"https:\/\/www.samverlen.com\/index.php\/2019\/12\/15\/videos-de-noel\/","name":"VID\u00c9OS DE NO\u00cbL - Sam Verlen","isPartOf":{"@id":"https:\/\/www.samverlen.com\/#website"},"primaryImageOfPage":{"@id":"https:\/\/www.samverlen.com\/index.php\/2019\/12\/15\/videos-de-noel\/#primaryimage"},"image":{"@id":"https:\/\/www.samverlen.com\/index.php\/2019\/12\/15\/videos-de-noel\/#primaryimage"},"thumbnailUrl":"https:\/\/www.samverlen.com\/wp-content\/uploads\/2019\/12\/FDB.jpg","datePublished":"2019-12-15T19:54:33+00:00","dateModified":"2019-12-15T19:59:36+00:00","author":{"@id":"https:\/\/www.samverlen.com\/#\/schema\/person\/afebf9a6641e07827cda3c96032f5a3d"},"breadcrumb":{"@id":"https:\/\/www.samverlen.com\/index.php\/2019\/12\/15\/videos-de-noel\/#breadcrumb"},"inLanguage":"fr-FR","potentialAction":[{"@type":"ReadAction","target":["https:\/\/www.samverlen.com\/index.php\/2019\/12\/15\/videos-de-noel\/"]}]},{"@type":"ImageObject","inLanguage":"fr-FR","@id":"https:\/\/www.samverlen.com\/index.php\/2019\/12\/15\/videos-de-noel\/#primaryimage","url":"https:\/\/www.samverlen.com\/wp-content\/uploads\/2019\/12\/FDB.jpg","contentUrl":"https:\/\/www.samverlen.com\/wp-content\/uploads\/2019\/12\/FDB.jpg","width":500,"height":298},{"@type":"BreadcrumbList","@id":"https:\/\/www.samverlen.com\/index.php\/2019\/12\/15\/videos-de-noel\/#breadcrumb","itemListElement":[{"@type":"ListItem","position":1,"name":"Accueil","item":"https:\/\/www.samverlen.com\/"},{"@type":"ListItem","position":2,"name":"VID\u00c9OS DE NO\u00cbL"}]},{"@type":"WebSite","@id":"https:\/\/www.samverlen.com\/#website","url":"https:\/\/www.samverlen.com\/","name":"Sam Verlen","description":"Chercheur de po\u00e9sie sonore \/\/ Compositeur, musicien","potentialAction":[{"@type":"SearchAction","target":{"@type":"EntryPoint","urlTemplate":"https:\/\/www.samverlen.com\/?s={search_term_string}"},"query-input":{"@type":"PropertyValueSpecification","valueRequired":true,"valueName":"search_term_string"}}],"inLanguage":"fr-FR"},{"@type":"Person","@id":"https:\/\/www.samverlen.com\/#\/schema\/person\/afebf9a6641e07827cda3c96032f5a3d","name":"samverlen","image":{"@type":"ImageObject","inLanguage":"fr-FR","@id":"https:\/\/secure.gravatar.com\/avatar\/bb71d7c316348923a9c8f09e6ff09f43f1d48a987eff10b4119565e5a4f2ecd9?s=96&d=mm&r=g","url":"https:\/\/secure.gravatar.com\/avatar\/bb71d7c316348923a9c8f09e6ff09f43f1d48a987eff10b4119565e5a4f2ecd9?s=96&d=mm&r=g","contentUrl":"https:\/\/secure.gravatar.com\/avatar\/bb71d7c316348923a9c8f09e6ff09f43f1d48a987eff10b4119565e5a4f2ecd9?s=96&d=mm&r=g","caption":"samverlen"}}]}},"_links":{"self":[{"href":"https:\/\/www.samverlen.com\/index.php\/wp-json\/wp\/v2\/posts\/1320","targetHints":{"allow":["GET"]}}],"collection":[{"href":"https:\/\/www.samverlen.com\/index.php\/wp-json\/wp\/v2\/posts"}],"about":[{"href":"https:\/\/www.samverlen.com\/index.php\/wp-json\/wp\/v2\/types\/post"}],"author":[{"embeddable":true,"href":"https:\/\/www.samverlen.com\/index.php\/wp-json\/wp\/v2\/users\/1"}],"replies":[{"embeddable":true,"href":"https:\/\/www.samverlen.com\/index.php\/wp-json\/wp\/v2\/comments?post=1320"}],"version-history":[{"count":4,"href":"https:\/\/www.samverlen.com\/index.php\/wp-json\/wp\/v2\/posts\/1320\/revisions"}],"predecessor-version":[{"id":1327,"href":"https:\/\/www.samverlen.com\/index.php\/wp-json\/wp\/v2\/posts\/1320\/revisions\/1327"}],"wp:featuredmedia":[{"embeddable":true,"href":"https:\/\/www.samverlen.com\/index.php\/wp-json\/wp\/v2\/media\/1326"}],"wp:attachment":[{"href":"https:\/\/www.samverlen.com\/index.php\/wp-json\/wp\/v2\/media?parent=1320"}],"wp:term":[{"taxonomy":"category","embeddable":true,"href":"https:\/\/www.samverlen.com\/index.php\/wp-json\/wp\/v2\/categories?post=1320"},{"taxonomy":"post_tag","embeddable":true,"href":"https:\/\/www.samverlen.com\/index.php\/wp-json\/wp\/v2\/tags?post=1320"}],"curies":[{"name":"wp","href":"https:\/\/api.w.org\/{rel}","templated":true}]}}