{"id":1367,"date":"2020-09-11T10:26:08","date_gmt":"2020-09-11T08:26:08","guid":{"rendered":"http:\/\/www.samverlen.com\/?p=1367"},"modified":"2020-10-11T10:35:05","modified_gmt":"2020-10-11T08:35:05","slug":"performance-avec-heol-pour-ames-de-bretagne","status":"publish","type":"post","link":"https:\/\/www.samverlen.com\/index.php\/2020\/09\/11\/performance-avec-heol-pour-ames-de-bretagne\/","title":{"rendered":"PERFORMANCE AVEC HEOL POUR \u00ab\u00a0\u00c2MES DE BRETAGNE\u00a0\u00bb"},"content":{"rendered":"\n<figure class=\"wp-block-embed-youtube wp-block-embed is-type-video is-provider-youtube wp-embed-aspect-16-9 wp-has-aspect-ratio\"><div class=\"wp-block-embed__wrapper\">\n<iframe loading=\"lazy\" title=\"Etape 5 du Tour : on construit l&#039;expo avec Heol et Sam \u00e0 H\u00e9d\u00e9 (35) !\" width=\"1060\" height=\"596\" src=\"https:\/\/www.youtube.com\/embed\/uEh6PIGCU5o?feature=oembed\" frameborder=\"0\" allow=\"accelerometer; autoplay; clipboard-write; encrypted-media; gyroscope; picture-in-picture\" allowfullscreen><\/iframe>\n<\/div><figcaption><br>L&rsquo;association \u00ab\u00a0<a href=\"http:\/\/www.amesdebretagne.bzh\/\" target=\"_blank\" rel=\"noreferrer noopener\">\u00c2mes de Bretagne\u00a0\u00bb<\/a> parcourt la Bretagne \u00e0 la rencontre de ses habitants et de ses amoureux, pour la d\u00e9peindre \u00e0 travers leurs yeux ! <br>L\u2019objectif ? Ecrire tous ensemble une belle histoire sur le territoire, qui puisse recr\u00e9er du lien et du sens avec le local \u2013 dans un \u00e9lan positif, moderne et ouvert\u2026 et tout \u00e7a, pour mieux habiter &amp; mieux s\u2019habiter.<br><br>De passage \u00e0 H\u00e9d\u00e9, ils avaient demand\u00e9 \u00e0 l&rsquo;artiste peintre <a href=\"http:\/\/heolart.com\/\" target=\"_blank\" rel=\"noreferrer noopener\">Heol<\/a><a href=\"http:\/\/heolart.com\/\">&nbsp;<\/a>de r\u00e9aliser une fresque sur 5 facettes pour une future exposition. <br>A son invitation, je l&rsquo;ai accompagn\u00e9 d&rsquo;improvisations musicales pendant quelques heures avec mes instruments habituels (claviers, guitares). Et aussi une pierre sonore cr\u00e9\u00e9e en collaboration avec l&rsquo;entreprise de tailleurs de pierre \u00ab\u00a0<a href=\"https:\/\/www.maillard-maillard.com\/\" target=\"_blank\" rel=\"noreferrer noopener\">Maillard &amp; Maillard<\/a>\u00a0\u00bb pour un futur projet.<br><br>Si vous me connaissez un peu, vous savez que je ne joue uniquement que de la musique pr\u00e9alablement \u00e9crite jusqu&rsquo;ici et que j&rsquo;improvise tr\u00e8s peu..en tout cas en public.<br>Toutes les annulations de spectacle engendr\u00e9es par le confinement r\u00e9cent m&rsquo;ont fait me recentrer sur l&rsquo;instant pr\u00e9sent (sans me projeter comme je le fais habituellement) et sur l&rsquo;importance de cr\u00e9er des instants de partages musicaux uniques de l&rsquo;instant. J&rsquo;ai profit\u00e9 de ce temps \u00ab\u00a0offert\u00a0\u00bb pour cr\u00e9er un dispositif utilisant les techniques de musiques \u00e9lectroniques (boucles, effets, etc&#8230;) mais en se basant sur des samples cr\u00e9\u00e9s \u00e0 la vol\u00e9e avec mes instruments et ma voix. Avec comme seule ambition de cr\u00e9er une musique de l&rsquo;instant qui nait du moment v\u00e9cu, de l&rsquo;image cr\u00e9\u00e9e, du texte, du public et disparait sans laisser de trace.<br><br>Sauf ici puisque nous avons \u00e9t\u00e9 film\u00e9 et que quelques passages d&rsquo;impros sont restitu\u00e9s (bon, on entend pas les orgues mais ils ont d\u00fb faire une sacr\u00e9 selection sur les 3h de rushs).<br> <br>Nous \u00e9tions un brin ext\u00e9nu\u00e9 (ou encore sur notre nuage) lors de l\u2019interview et \u00e7a se voit et s&rsquo;entend <img loading=\"lazy\" decoding=\"async\" height=\"16\" width=\"16\" alt=\"\ud83d\ude42\" src=\"https:\/\/static.xx.fbcdn.net\/images\/emoji.php\/v9\/teb\/2\/16\/1f642.png\">. Merci \u00e0 l\u2019\u00e9quipe Chromao pour le joli montage.<br><\/figcaption><\/figure>\n<p><\/p>","protected":false},"excerpt":{"rendered":"","protected":false},"author":1,"featured_media":1371,"comment_status":"open","ping_status":"open","sticky":false,"template":"","format":"standard","meta":{"_et_pb_use_builder":"","_et_pb_old_content":"","_et_gb_content_width":"","footnotes":""},"categories":[5],"tags":[],"class_list":["post-1367","post","type-post","status-publish","format-standard","has-post-thumbnail","hentry","category-news"],"yoast_head":"<!-- This site is optimized with the Yoast SEO plugin v27.4 - https:\/\/yoast.com\/product\/yoast-seo-wordpress\/ -->\n<title>PERFORMANCE AVEC HEOL POUR &quot;\u00c2MES DE BRETAGNE&quot; - Sam Verlen<\/title>\n<meta name=\"robots\" content=\"index, follow, max-snippet:-1, max-image-preview:large, max-video-preview:-1\" \/>\n<link rel=\"canonical\" href=\"https:\/\/www.samverlen.com\/index.php\/2020\/09\/11\/performance-avec-heol-pour-ames-de-bretagne\/\" \/>\n<meta property=\"og:locale\" content=\"fr_FR\" \/>\n<meta property=\"og:type\" content=\"article\" \/>\n<meta property=\"og:title\" content=\"PERFORMANCE AVEC HEOL POUR &quot;\u00c2MES DE BRETAGNE&quot; - Sam Verlen\" \/>\n<meta property=\"og:url\" content=\"https:\/\/www.samverlen.com\/index.php\/2020\/09\/11\/performance-avec-heol-pour-ames-de-bretagne\/\" \/>\n<meta property=\"og:site_name\" content=\"Sam Verlen\" \/>\n<meta property=\"article:publisher\" content=\"https:\/\/www.facebook.com\/sverlen\" \/>\n<meta property=\"article:published_time\" content=\"2020-09-11T08:26:08+00:00\" \/>\n<meta property=\"article:modified_time\" content=\"2020-10-11T08:35:05+00:00\" \/>\n<meta property=\"og:image\" content=\"https:\/\/www.samverlen.com\/wp-content\/uploads\/2020\/10\/AmesDeBretagne.jpg\" \/>\n\t<meta property=\"og:image:width\" content=\"1963\" \/>\n\t<meta property=\"og:image:height\" content=\"904\" \/>\n\t<meta property=\"og:image:type\" content=\"image\/jpeg\" \/>\n<meta name=\"author\" content=\"samverlen\" \/>\n<meta name=\"twitter:card\" content=\"summary_large_image\" \/>\n<meta name=\"twitter:creator\" content=\"@samverlen\" \/>\n<meta name=\"twitter:site\" content=\"@samverlen\" \/>\n<meta name=\"twitter:label1\" content=\"\u00c9crit par\" \/>\n\t<meta name=\"twitter:data1\" content=\"samverlen\" \/>\n\t<meta name=\"twitter:label2\" content=\"Dur\u00e9e de lecture estim\u00e9e\" \/>\n\t<meta name=\"twitter:data2\" content=\"2 minutes\" \/>\n<script type=\"application\/ld+json\" class=\"yoast-schema-graph\">{\"@context\":\"https:\\\/\\\/schema.org\",\"@graph\":[{\"@type\":\"Article\",\"@id\":\"https:\\\/\\\/www.samverlen.com\\\/index.php\\\/2020\\\/09\\\/11\\\/performance-avec-heol-pour-ames-de-bretagne\\\/#article\",\"isPartOf\":{\"@id\":\"https:\\\/\\\/www.samverlen.com\\\/index.php\\\/2020\\\/09\\\/11\\\/performance-avec-heol-pour-ames-de-bretagne\\\/\"},\"author\":{\"name\":\"samverlen\",\"@id\":\"https:\\\/\\\/www.samverlen.com\\\/#\\\/schema\\\/person\\\/afebf9a6641e07827cda3c96032f5a3d\"},\"headline\":\"PERFORMANCE AVEC HEOL POUR \u00ab\u00a0\u00c2MES DE BRETAGNE\u00a0\u00bb\",\"datePublished\":\"2020-09-11T08:26:08+00:00\",\"dateModified\":\"2020-10-11T08:35:05+00:00\",\"mainEntityOfPage\":{\"@id\":\"https:\\\/\\\/www.samverlen.com\\\/index.php\\\/2020\\\/09\\\/11\\\/performance-avec-heol-pour-ames-de-bretagne\\\/\"},\"wordCount\":343,\"commentCount\":0,\"image\":{\"@id\":\"https:\\\/\\\/www.samverlen.com\\\/index.php\\\/2020\\\/09\\\/11\\\/performance-avec-heol-pour-ames-de-bretagne\\\/#primaryimage\"},\"thumbnailUrl\":\"https:\\\/\\\/www.samverlen.com\\\/wp-content\\\/uploads\\\/2020\\\/10\\\/AmesDeBretagne.jpg\",\"articleSection\":[\"news\"],\"inLanguage\":\"fr-FR\",\"potentialAction\":[{\"@type\":\"CommentAction\",\"name\":\"Comment\",\"target\":[\"https:\\\/\\\/www.samverlen.com\\\/index.php\\\/2020\\\/09\\\/11\\\/performance-avec-heol-pour-ames-de-bretagne\\\/#respond\"]}]},{\"@type\":\"WebPage\",\"@id\":\"https:\\\/\\\/www.samverlen.com\\\/index.php\\\/2020\\\/09\\\/11\\\/performance-avec-heol-pour-ames-de-bretagne\\\/\",\"url\":\"https:\\\/\\\/www.samverlen.com\\\/index.php\\\/2020\\\/09\\\/11\\\/performance-avec-heol-pour-ames-de-bretagne\\\/\",\"name\":\"PERFORMANCE AVEC HEOL POUR \\\"\u00c2MES DE BRETAGNE\\\" - Sam Verlen\",\"isPartOf\":{\"@id\":\"https:\\\/\\\/www.samverlen.com\\\/#website\"},\"primaryImageOfPage\":{\"@id\":\"https:\\\/\\\/www.samverlen.com\\\/index.php\\\/2020\\\/09\\\/11\\\/performance-avec-heol-pour-ames-de-bretagne\\\/#primaryimage\"},\"image\":{\"@id\":\"https:\\\/\\\/www.samverlen.com\\\/index.php\\\/2020\\\/09\\\/11\\\/performance-avec-heol-pour-ames-de-bretagne\\\/#primaryimage\"},\"thumbnailUrl\":\"https:\\\/\\\/www.samverlen.com\\\/wp-content\\\/uploads\\\/2020\\\/10\\\/AmesDeBretagne.jpg\",\"datePublished\":\"2020-09-11T08:26:08+00:00\",\"dateModified\":\"2020-10-11T08:35:05+00:00\",\"author\":{\"@id\":\"https:\\\/\\\/www.samverlen.com\\\/#\\\/schema\\\/person\\\/afebf9a6641e07827cda3c96032f5a3d\"},\"breadcrumb\":{\"@id\":\"https:\\\/\\\/www.samverlen.com\\\/index.php\\\/2020\\\/09\\\/11\\\/performance-avec-heol-pour-ames-de-bretagne\\\/#breadcrumb\"},\"inLanguage\":\"fr-FR\",\"potentialAction\":[{\"@type\":\"ReadAction\",\"target\":[\"https:\\\/\\\/www.samverlen.com\\\/index.php\\\/2020\\\/09\\\/11\\\/performance-avec-heol-pour-ames-de-bretagne\\\/\"]}]},{\"@type\":\"ImageObject\",\"inLanguage\":\"fr-FR\",\"@id\":\"https:\\\/\\\/www.samverlen.com\\\/index.php\\\/2020\\\/09\\\/11\\\/performance-avec-heol-pour-ames-de-bretagne\\\/#primaryimage\",\"url\":\"https:\\\/\\\/www.samverlen.com\\\/wp-content\\\/uploads\\\/2020\\\/10\\\/AmesDeBretagne.jpg\",\"contentUrl\":\"https:\\\/\\\/www.samverlen.com\\\/wp-content\\\/uploads\\\/2020\\\/10\\\/AmesDeBretagne.jpg\",\"width\":1963,\"height\":904},{\"@type\":\"BreadcrumbList\",\"@id\":\"https:\\\/\\\/www.samverlen.com\\\/index.php\\\/2020\\\/09\\\/11\\\/performance-avec-heol-pour-ames-de-bretagne\\\/#breadcrumb\",\"itemListElement\":[{\"@type\":\"ListItem\",\"position\":1,\"name\":\"Accueil\",\"item\":\"https:\\\/\\\/www.samverlen.com\\\/\"},{\"@type\":\"ListItem\",\"position\":2,\"name\":\"PERFORMANCE AVEC HEOL POUR \u00ab\u00a0\u00c2MES DE BRETAGNE\u00a0\u00bb\"}]},{\"@type\":\"WebSite\",\"@id\":\"https:\\\/\\\/www.samverlen.com\\\/#website\",\"url\":\"https:\\\/\\\/www.samverlen.com\\\/\",\"name\":\"Sam Verlen\",\"description\":\"Chercheur de po\u00e9sie sonore \\\/\\\/ Compositeur, musicien\",\"potentialAction\":[{\"@type\":\"SearchAction\",\"target\":{\"@type\":\"EntryPoint\",\"urlTemplate\":\"https:\\\/\\\/www.samverlen.com\\\/?s={search_term_string}\"},\"query-input\":{\"@type\":\"PropertyValueSpecification\",\"valueRequired\":true,\"valueName\":\"search_term_string\"}}],\"inLanguage\":\"fr-FR\"},{\"@type\":\"Person\",\"@id\":\"https:\\\/\\\/www.samverlen.com\\\/#\\\/schema\\\/person\\\/afebf9a6641e07827cda3c96032f5a3d\",\"name\":\"samverlen\",\"image\":{\"@type\":\"ImageObject\",\"inLanguage\":\"fr-FR\",\"@id\":\"https:\\\/\\\/secure.gravatar.com\\\/avatar\\\/bb71d7c316348923a9c8f09e6ff09f43f1d48a987eff10b4119565e5a4f2ecd9?s=96&d=mm&r=g\",\"url\":\"https:\\\/\\\/secure.gravatar.com\\\/avatar\\\/bb71d7c316348923a9c8f09e6ff09f43f1d48a987eff10b4119565e5a4f2ecd9?s=96&d=mm&r=g\",\"contentUrl\":\"https:\\\/\\\/secure.gravatar.com\\\/avatar\\\/bb71d7c316348923a9c8f09e6ff09f43f1d48a987eff10b4119565e5a4f2ecd9?s=96&d=mm&r=g\",\"caption\":\"samverlen\"}}]}<\/script>\n<!-- \/ Yoast SEO plugin. -->","yoast_head_json":{"title":"PERFORMANCE AVEC HEOL POUR \"\u00c2MES DE BRETAGNE\" - Sam Verlen","robots":{"index":"index","follow":"follow","max-snippet":"max-snippet:-1","max-image-preview":"max-image-preview:large","max-video-preview":"max-video-preview:-1"},"canonical":"https:\/\/www.samverlen.com\/index.php\/2020\/09\/11\/performance-avec-heol-pour-ames-de-bretagne\/","og_locale":"fr_FR","og_type":"article","og_title":"PERFORMANCE AVEC HEOL POUR \"\u00c2MES DE BRETAGNE\" - Sam Verlen","og_url":"https:\/\/www.samverlen.com\/index.php\/2020\/09\/11\/performance-avec-heol-pour-ames-de-bretagne\/","og_site_name":"Sam Verlen","article_publisher":"https:\/\/www.facebook.com\/sverlen","article_published_time":"2020-09-11T08:26:08+00:00","article_modified_time":"2020-10-11T08:35:05+00:00","og_image":[{"width":1963,"height":904,"url":"https:\/\/www.samverlen.com\/wp-content\/uploads\/2020\/10\/AmesDeBretagne.jpg","type":"image\/jpeg"}],"author":"samverlen","twitter_card":"summary_large_image","twitter_creator":"@samverlen","twitter_site":"@samverlen","twitter_misc":{"\u00c9crit par":"samverlen","Dur\u00e9e de lecture estim\u00e9e":"2 minutes"},"schema":{"@context":"https:\/\/schema.org","@graph":[{"@type":"Article","@id":"https:\/\/www.samverlen.com\/index.php\/2020\/09\/11\/performance-avec-heol-pour-ames-de-bretagne\/#article","isPartOf":{"@id":"https:\/\/www.samverlen.com\/index.php\/2020\/09\/11\/performance-avec-heol-pour-ames-de-bretagne\/"},"author":{"name":"samverlen","@id":"https:\/\/www.samverlen.com\/#\/schema\/person\/afebf9a6641e07827cda3c96032f5a3d"},"headline":"PERFORMANCE AVEC HEOL POUR \u00ab\u00a0\u00c2MES DE BRETAGNE\u00a0\u00bb","datePublished":"2020-09-11T08:26:08+00:00","dateModified":"2020-10-11T08:35:05+00:00","mainEntityOfPage":{"@id":"https:\/\/www.samverlen.com\/index.php\/2020\/09\/11\/performance-avec-heol-pour-ames-de-bretagne\/"},"wordCount":343,"commentCount":0,"image":{"@id":"https:\/\/www.samverlen.com\/index.php\/2020\/09\/11\/performance-avec-heol-pour-ames-de-bretagne\/#primaryimage"},"thumbnailUrl":"https:\/\/www.samverlen.com\/wp-content\/uploads\/2020\/10\/AmesDeBretagne.jpg","articleSection":["news"],"inLanguage":"fr-FR","potentialAction":[{"@type":"CommentAction","name":"Comment","target":["https:\/\/www.samverlen.com\/index.php\/2020\/09\/11\/performance-avec-heol-pour-ames-de-bretagne\/#respond"]}]},{"@type":"WebPage","@id":"https:\/\/www.samverlen.com\/index.php\/2020\/09\/11\/performance-avec-heol-pour-ames-de-bretagne\/","url":"https:\/\/www.samverlen.com\/index.php\/2020\/09\/11\/performance-avec-heol-pour-ames-de-bretagne\/","name":"PERFORMANCE AVEC HEOL POUR \"\u00c2MES DE BRETAGNE\" - Sam Verlen","isPartOf":{"@id":"https:\/\/www.samverlen.com\/#website"},"primaryImageOfPage":{"@id":"https:\/\/www.samverlen.com\/index.php\/2020\/09\/11\/performance-avec-heol-pour-ames-de-bretagne\/#primaryimage"},"image":{"@id":"https:\/\/www.samverlen.com\/index.php\/2020\/09\/11\/performance-avec-heol-pour-ames-de-bretagne\/#primaryimage"},"thumbnailUrl":"https:\/\/www.samverlen.com\/wp-content\/uploads\/2020\/10\/AmesDeBretagne.jpg","datePublished":"2020-09-11T08:26:08+00:00","dateModified":"2020-10-11T08:35:05+00:00","author":{"@id":"https:\/\/www.samverlen.com\/#\/schema\/person\/afebf9a6641e07827cda3c96032f5a3d"},"breadcrumb":{"@id":"https:\/\/www.samverlen.com\/index.php\/2020\/09\/11\/performance-avec-heol-pour-ames-de-bretagne\/#breadcrumb"},"inLanguage":"fr-FR","potentialAction":[{"@type":"ReadAction","target":["https:\/\/www.samverlen.com\/index.php\/2020\/09\/11\/performance-avec-heol-pour-ames-de-bretagne\/"]}]},{"@type":"ImageObject","inLanguage":"fr-FR","@id":"https:\/\/www.samverlen.com\/index.php\/2020\/09\/11\/performance-avec-heol-pour-ames-de-bretagne\/#primaryimage","url":"https:\/\/www.samverlen.com\/wp-content\/uploads\/2020\/10\/AmesDeBretagne.jpg","contentUrl":"https:\/\/www.samverlen.com\/wp-content\/uploads\/2020\/10\/AmesDeBretagne.jpg","width":1963,"height":904},{"@type":"BreadcrumbList","@id":"https:\/\/www.samverlen.com\/index.php\/2020\/09\/11\/performance-avec-heol-pour-ames-de-bretagne\/#breadcrumb","itemListElement":[{"@type":"ListItem","position":1,"name":"Accueil","item":"https:\/\/www.samverlen.com\/"},{"@type":"ListItem","position":2,"name":"PERFORMANCE AVEC HEOL POUR \u00ab\u00a0\u00c2MES DE BRETAGNE\u00a0\u00bb"}]},{"@type":"WebSite","@id":"https:\/\/www.samverlen.com\/#website","url":"https:\/\/www.samverlen.com\/","name":"Sam Verlen","description":"Chercheur de po\u00e9sie sonore \/\/ Compositeur, musicien","potentialAction":[{"@type":"SearchAction","target":{"@type":"EntryPoint","urlTemplate":"https:\/\/www.samverlen.com\/?s={search_term_string}"},"query-input":{"@type":"PropertyValueSpecification","valueRequired":true,"valueName":"search_term_string"}}],"inLanguage":"fr-FR"},{"@type":"Person","@id":"https:\/\/www.samverlen.com\/#\/schema\/person\/afebf9a6641e07827cda3c96032f5a3d","name":"samverlen","image":{"@type":"ImageObject","inLanguage":"fr-FR","@id":"https:\/\/secure.gravatar.com\/avatar\/bb71d7c316348923a9c8f09e6ff09f43f1d48a987eff10b4119565e5a4f2ecd9?s=96&d=mm&r=g","url":"https:\/\/secure.gravatar.com\/avatar\/bb71d7c316348923a9c8f09e6ff09f43f1d48a987eff10b4119565e5a4f2ecd9?s=96&d=mm&r=g","contentUrl":"https:\/\/secure.gravatar.com\/avatar\/bb71d7c316348923a9c8f09e6ff09f43f1d48a987eff10b4119565e5a4f2ecd9?s=96&d=mm&r=g","caption":"samverlen"}}]}},"_links":{"self":[{"href":"https:\/\/www.samverlen.com\/index.php\/wp-json\/wp\/v2\/posts\/1367","targetHints":{"allow":["GET"]}}],"collection":[{"href":"https:\/\/www.samverlen.com\/index.php\/wp-json\/wp\/v2\/posts"}],"about":[{"href":"https:\/\/www.samverlen.com\/index.php\/wp-json\/wp\/v2\/types\/post"}],"author":[{"embeddable":true,"href":"https:\/\/www.samverlen.com\/index.php\/wp-json\/wp\/v2\/users\/1"}],"replies":[{"embeddable":true,"href":"https:\/\/www.samverlen.com\/index.php\/wp-json\/wp\/v2\/comments?post=1367"}],"version-history":[{"count":3,"href":"https:\/\/www.samverlen.com\/index.php\/wp-json\/wp\/v2\/posts\/1367\/revisions"}],"predecessor-version":[{"id":1373,"href":"https:\/\/www.samverlen.com\/index.php\/wp-json\/wp\/v2\/posts\/1367\/revisions\/1373"}],"wp:featuredmedia":[{"embeddable":true,"href":"https:\/\/www.samverlen.com\/index.php\/wp-json\/wp\/v2\/media\/1371"}],"wp:attachment":[{"href":"https:\/\/www.samverlen.com\/index.php\/wp-json\/wp\/v2\/media?parent=1367"}],"wp:term":[{"taxonomy":"category","embeddable":true,"href":"https:\/\/www.samverlen.com\/index.php\/wp-json\/wp\/v2\/categories?post=1367"},{"taxonomy":"post_tag","embeddable":true,"href":"https:\/\/www.samverlen.com\/index.php\/wp-json\/wp\/v2\/tags?post=1367"}],"curies":[{"name":"wp","href":"https:\/\/api.w.org\/{rel}","templated":true}]}}