{"id":1374,"date":"2020-10-11T10:57:50","date_gmt":"2020-10-11T08:57:50","guid":{"rendered":"http:\/\/www.samverlen.com\/?p=1374"},"modified":"2020-10-11T11:01:55","modified_gmt":"2020-10-11T09:01:55","slug":"naiko-spectacle-cinematographique","status":"publish","type":"post","link":"https:\/\/www.samverlen.com\/index.php\/2020\/10\/11\/naiko-spectacle-cinematographique\/","title":{"rendered":"\u00ab\u00a0NA\u00cfK\u00d6\u00a0\u00bb &#8211; spectacle cin\u00e9matographique"},"content":{"rendered":"\n<p class=\"has-text-align-center\">Un dessin anim\u00e9 film\u00e9 en direct&#8230;quelle dr\u00f4le d&rsquo;id\u00e9e !<br>Trois ann\u00e9es se sont \u00e9coul\u00e9es depuis l&rsquo;envie de cr\u00e9er ensemble ce spectacle avec l&rsquo;artiste peintre <a href=\"http:\/\/heolart.com\/\" target=\"_blank\" rel=\"noreferrer noopener\">Heol<\/a> et Greg Bouchet.<\/p>\n\n\n\n<p class=\"has-text-align-center\">Nous avons tout cr\u00e9\u00e9 de A \u00e0 Z : de l&rsquo;histoire aux d\u00e9cors, personnages, animations, musiques et pass\u00e9 beaucoup de temps \u00e0 mettre au point nos techniques.<br>Avec chacun ses sp\u00e9cialit\u00e9s \u00e9videmment !<br>La cr\u00e9ation sent encore la peinture toute fraiche, nous l&rsquo;avons achev\u00e9 (en tout cas la premi\u00e8re version) au Centre culturel de Liffr\u00e9 qui a \u00e9t\u00e9 d&rsquo;un tr\u00e8s grand soutien pour nous.<br><\/p>\n\n\n\n<div class=\"wp-block-image\"><figure class=\"aligncenter size-large\"><img loading=\"lazy\" decoding=\"async\" width=\"1000\" height=\"667\" src=\"http:\/\/www.samverlen.com\/wp-content\/uploads\/2020\/10\/Naiko_33.jpg\" alt=\"\" class=\"wp-image-1389\" srcset=\"https:\/\/www.samverlen.com\/wp-content\/uploads\/2020\/10\/Naiko_33.jpg 1000w, https:\/\/www.samverlen.com\/wp-content\/uploads\/2020\/10\/Naiko_33-300x200.jpg 300w, https:\/\/www.samverlen.com\/wp-content\/uploads\/2020\/10\/Naiko_33-768x512.jpg 768w, https:\/\/www.samverlen.com\/wp-content\/uploads\/2020\/10\/Naiko_33-700x467.jpg 700w\" sizes=\"auto, (max-width: 1000px) 100vw, 1000px\" \/><\/figure><\/div>\n\n\n\n<p class=\"has-text-align-center\"><strong><a href=\"https:\/\/www.facebook.com\/heoljeffroy?__cft__[0]=AZXQ5ndUIEyrvfVHU1McHKmO8k5TGT4aR2v6FbcbOVyQ3v6Zwl5rNHB6U8tBMbw6evPp5icIGgrQjwZqbBysb29gLa_5ypSrJRuOSWsyVDw8VHzVj4blTk8LJHACFeaRsuOf7GjamdJxAfZdLb97PP9Ficfah2TIe9PcjZ47MQBIiTQHvu0Y1hxtcyOUi5di71s&amp;__tn__=-]K-R\" target=\"_blank\" rel=\"noreferrer noopener\">Heol Jeffroy<\/a>, artiste peintre.<\/strong><br><br>En plus d&rsquo;\u00eatre co-auteur de l&rsquo;histoire de Na\u00efk\u00f6, Heol lui a donn\u00e9 vie \u00e0 l&rsquo;encre de chine et en cr\u00e9ant tous les d\u00e9cors du spectacle. Chaque d\u00e9cor 3D est sculpt\u00e9, r\u00e9sin\u00e9 puis peint en nuance de gris. Pour les besoins de la cr\u00e9ation, il s&rsquo;est aussi lanc\u00e9 dans l&rsquo;animation 2D r\u00e9alis\u00e9e image par image \u00e0 l\u2019encre de chine (noir et blanc). Pendant le spectacle, il peint en direct sur diff\u00e9rents supports, manipule les d\u00e9cors et les marionettes en papier devant les cam\u00e9ras, filme&#8230;<br><br><\/p>\n\n\n\n<div class=\"wp-block-image\"><figure class=\"aligncenter size-large\"><img loading=\"lazy\" decoding=\"async\" width=\"1000\" height=\"667\" src=\"http:\/\/www.samverlen.com\/wp-content\/uploads\/2020\/10\/Naiko_24.jpg\" alt=\"\" class=\"wp-image-1390\" srcset=\"https:\/\/www.samverlen.com\/wp-content\/uploads\/2020\/10\/Naiko_24.jpg 1000w, https:\/\/www.samverlen.com\/wp-content\/uploads\/2020\/10\/Naiko_24-300x200.jpg 300w, https:\/\/www.samverlen.com\/wp-content\/uploads\/2020\/10\/Naiko_24-768x512.jpg 768w, https:\/\/www.samverlen.com\/wp-content\/uploads\/2020\/10\/Naiko_24-700x467.jpg 700w\" sizes=\"auto, (max-width: 1000px) 100vw, 1000px\" \/><\/figure><\/div>\n\n\n\n<p class=\"has-text-align-center\"><strong>Greg Bouchet, plasticien multim\u00e9dia<\/strong><\/p>\n\n\n\n<p><\/p>\n\n\n\n<p class=\"has-text-align-center\">Co-auteur essentiel de l&rsquo;histoire de Na\u00efk\u00f6, Greg a d\u00e9fini chaque plan et les cadrages avec Heol (storyboard). Il a invent\u00e9 comment les mettre en oeuvre au plateau \u00e0 travers la vue d&rsquo;ensemble (grand d\u00e9cor en 3D), le plateau rotatif pour les plans serr\u00e9s et a affin\u00e9 les animations d&rsquo;Heol sur ordinateur. Avec Sam, il a r\u00e9alis\u00e9 la programmation vid\u00e9o pour que chaque plan s&rsquo;encha\u00eene avec les effets voulus (m\u00e9lange d&rsquo;images provenant des cam\u00e9ras et d&rsquo;animations pr\u00e9-enregistr\u00e9es, m\u00e9lange de cam\u00e9ras, etc&#8230;), le tout synchronis\u00e9 avec la musique.Pendant le spectacle, il filme les diff\u00e9rentes sc\u00e8nes (travelling, cam\u00e9ra nomade), manipule les d\u00e9cors et les marionnettes en papier devant les cam\u00e9ras avec Heol, dessine,&#8230;<\/p>\n\n\n\n<p><\/p>\n\n\n\n<p class=\"has-text-align-center\">Quelques photos des d\u00e9cors de Na\u00efk\u00f6: <\/p>\n\n\n\n<figure class=\"wp-block-gallery columns-3 is-cropped wp-block-gallery-1 is-layout-flex wp-block-gallery-is-layout-flex\"><ul class=\"blocks-gallery-grid\"><li class=\"blocks-gallery-item\"><figure><img loading=\"lazy\" decoding=\"async\" width=\"1000\" height=\"658\" src=\"http:\/\/www.samverlen.com\/wp-content\/uploads\/2020\/10\/Naiko_36.jpg\" alt=\"\" data-id=\"1385\" data-full-url=\"http:\/\/www.samverlen.com\/wp-content\/uploads\/2020\/10\/Naiko_36.jpg\" data-link=\"http:\/\/www.samverlen.com\/?attachment_id=1385\" class=\"wp-image-1385\" srcset=\"https:\/\/www.samverlen.com\/wp-content\/uploads\/2020\/10\/Naiko_36.jpg 1000w, https:\/\/www.samverlen.com\/wp-content\/uploads\/2020\/10\/Naiko_36-300x197.jpg 300w, https:\/\/www.samverlen.com\/wp-content\/uploads\/2020\/10\/Naiko_36-768x505.jpg 768w, https:\/\/www.samverlen.com\/wp-content\/uploads\/2020\/10\/Naiko_36-700x461.jpg 700w\" sizes=\"auto, (max-width: 1000px) 100vw, 1000px\" \/><\/figure><\/li><li class=\"blocks-gallery-item\"><figure><img loading=\"lazy\" decoding=\"async\" width=\"1000\" height=\"667\" src=\"http:\/\/www.samverlen.com\/wp-content\/uploads\/2020\/10\/Naiko_14.jpg\" alt=\"\" data-id=\"1383\" data-full-url=\"http:\/\/www.samverlen.com\/wp-content\/uploads\/2020\/10\/Naiko_14.jpg\" data-link=\"http:\/\/www.samverlen.com\/?attachment_id=1383\" class=\"wp-image-1383\" srcset=\"https:\/\/www.samverlen.com\/wp-content\/uploads\/2020\/10\/Naiko_14.jpg 1000w, https:\/\/www.samverlen.com\/wp-content\/uploads\/2020\/10\/Naiko_14-300x200.jpg 300w, https:\/\/www.samverlen.com\/wp-content\/uploads\/2020\/10\/Naiko_14-768x512.jpg 768w, https:\/\/www.samverlen.com\/wp-content\/uploads\/2020\/10\/Naiko_14-700x467.jpg 700w\" sizes=\"auto, (max-width: 1000px) 100vw, 1000px\" \/><\/figure><\/li><li class=\"blocks-gallery-item\"><figure><img loading=\"lazy\" decoding=\"async\" width=\"1000\" height=\"607\" src=\"http:\/\/www.samverlen.com\/wp-content\/uploads\/2020\/10\/Naiko_1.jpg\" alt=\"\" data-id=\"1382\" data-full-url=\"http:\/\/www.samverlen.com\/wp-content\/uploads\/2020\/10\/Naiko_1.jpg\" data-link=\"http:\/\/www.samverlen.com\/?attachment_id=1382\" class=\"wp-image-1382\" srcset=\"https:\/\/www.samverlen.com\/wp-content\/uploads\/2020\/10\/Naiko_1.jpg 1000w, https:\/\/www.samverlen.com\/wp-content\/uploads\/2020\/10\/Naiko_1-300x182.jpg 300w, https:\/\/www.samverlen.com\/wp-content\/uploads\/2020\/10\/Naiko_1-768x466.jpg 768w, https:\/\/www.samverlen.com\/wp-content\/uploads\/2020\/10\/Naiko_1-700x425.jpg 700w\" sizes=\"auto, (max-width: 1000px) 100vw, 1000px\" \/><\/figure><\/li><li class=\"blocks-gallery-item\"><figure><img loading=\"lazy\" decoding=\"async\" width=\"645\" height=\"1024\" src=\"http:\/\/www.samverlen.com\/wp-content\/uploads\/2020\/10\/Naiko_15-645x1024.jpg\" alt=\"\" data-id=\"1384\" data-full-url=\"http:\/\/www.samverlen.com\/wp-content\/uploads\/2020\/10\/Naiko_15.jpg\" data-link=\"http:\/\/www.samverlen.com\/?attachment_id=1384\" class=\"wp-image-1384\" srcset=\"https:\/\/www.samverlen.com\/wp-content\/uploads\/2020\/10\/Naiko_15-645x1024.jpg 645w, https:\/\/www.samverlen.com\/wp-content\/uploads\/2020\/10\/Naiko_15-189x300.jpg 189w, https:\/\/www.samverlen.com\/wp-content\/uploads\/2020\/10\/Naiko_15-768x1219.jpg 768w, https:\/\/www.samverlen.com\/wp-content\/uploads\/2020\/10\/Naiko_15-968x1536.jpg 968w, https:\/\/www.samverlen.com\/wp-content\/uploads\/2020\/10\/Naiko_15-700x1111.jpg 700w, https:\/\/www.samverlen.com\/wp-content\/uploads\/2020\/10\/Naiko_15.jpg 1000w\" sizes=\"auto, (max-width: 645px) 100vw, 645px\" \/><\/figure><\/li><li class=\"blocks-gallery-item\"><figure><img loading=\"lazy\" decoding=\"async\" width=\"1000\" height=\"667\" src=\"http:\/\/www.samverlen.com\/wp-content\/uploads\/2020\/10\/Naiko_44.jpg\" alt=\"\" data-id=\"1386\" data-full-url=\"http:\/\/www.samverlen.com\/wp-content\/uploads\/2020\/10\/Naiko_44.jpg\" data-link=\"http:\/\/www.samverlen.com\/?attachment_id=1386\" class=\"wp-image-1386\" srcset=\"https:\/\/www.samverlen.com\/wp-content\/uploads\/2020\/10\/Naiko_44.jpg 1000w, https:\/\/www.samverlen.com\/wp-content\/uploads\/2020\/10\/Naiko_44-300x200.jpg 300w, https:\/\/www.samverlen.com\/wp-content\/uploads\/2020\/10\/Naiko_44-768x512.jpg 768w, https:\/\/www.samverlen.com\/wp-content\/uploads\/2020\/10\/Naiko_44-700x467.jpg 700w\" sizes=\"auto, (max-width: 1000px) 100vw, 1000px\" \/><\/figure><\/li><li class=\"blocks-gallery-item\"><figure><img loading=\"lazy\" decoding=\"async\" width=\"1000\" height=\"667\" src=\"http:\/\/www.samverlen.com\/wp-content\/uploads\/2020\/10\/Naiko_61.jpg\" alt=\"\" data-id=\"1387\" data-full-url=\"http:\/\/www.samverlen.com\/wp-content\/uploads\/2020\/10\/Naiko_61.jpg\" data-link=\"http:\/\/www.samverlen.com\/?attachment_id=1387\" class=\"wp-image-1387\" srcset=\"https:\/\/www.samverlen.com\/wp-content\/uploads\/2020\/10\/Naiko_61.jpg 1000w, https:\/\/www.samverlen.com\/wp-content\/uploads\/2020\/10\/Naiko_61-300x200.jpg 300w, https:\/\/www.samverlen.com\/wp-content\/uploads\/2020\/10\/Naiko_61-768x512.jpg 768w, https:\/\/www.samverlen.com\/wp-content\/uploads\/2020\/10\/Naiko_61-700x467.jpg 700w\" sizes=\"auto, (max-width: 1000px) 100vw, 1000px\" \/><\/figure><\/li><li class=\"blocks-gallery-item\"><figure><img loading=\"lazy\" decoding=\"async\" width=\"1000\" height=\"621\" src=\"http:\/\/www.samverlen.com\/wp-content\/uploads\/2020\/10\/Naiko_64.jpg\" alt=\"\" data-id=\"1388\" data-full-url=\"http:\/\/www.samverlen.com\/wp-content\/uploads\/2020\/10\/Naiko_64.jpg\" data-link=\"http:\/\/www.samverlen.com\/?attachment_id=1388\" class=\"wp-image-1388\" srcset=\"https:\/\/www.samverlen.com\/wp-content\/uploads\/2020\/10\/Naiko_64.jpg 1000w, https:\/\/www.samverlen.com\/wp-content\/uploads\/2020\/10\/Naiko_64-300x186.jpg 300w, https:\/\/www.samverlen.com\/wp-content\/uploads\/2020\/10\/Naiko_64-768x477.jpg 768w, https:\/\/www.samverlen.com\/wp-content\/uploads\/2020\/10\/Naiko_64-700x435.jpg 700w\" sizes=\"auto, (max-width: 1000px) 100vw, 1000px\" \/><\/figure><\/li><\/ul><figcaption class=\"blocks-gallery-caption\">Co-auteur de l&rsquo;histoire de Na\u00efk\u00f6, j&rsquo;ai compos\u00e9 l&rsquo;univers sonore du spectacle. Souhaitant tout jouer \u00ab\u00a0live\u00a0\u00bb, j&rsquo;enregistre mes bruitages et boucles instrumentales et les diffuse en multi-canal (devant et derri\u00e8re le public). Au fil de l&rsquo;histoire, le glockenspiel et le piano laissent place aux synth\u00e9s analogiques, guitares \u00e9lectriques et tom basse.<br>Pour les besoins de cette cr\u00e9ation, j&rsquo;ai beaucoup programm\u00e9 sur ordinateur\u00a0: les enregistrements et effets automatiques de chaque instrument, les d\u00e9clenchements des changements de sc\u00e8ne vid\u00e9o et effets vid\u00e9os cal\u00e9s avec le son. La dur\u00e9e de chaque sc\u00e8ne \u00e9tant toujours variable en fonction des manipulations en direct, la musique s&rsquo;adapte et varie l\u00e9g\u00e8rement \u00e0 chaque repr\u00e9sentation.<br>Pendant le spectacle, je joue\/enregistre mes instruments et les bruitages en m\u00eame temps que l&rsquo;image se cr\u00e9e&#8230;<\/figcaption><\/figure>\n\n\n\n<figure class=\"wp-block-gallery columns-3 is-cropped wp-block-gallery-2 is-layout-flex wp-block-gallery-is-layout-flex\"><ul class=\"blocks-gallery-grid\"><li class=\"blocks-gallery-item\"><figure><img loading=\"lazy\" decoding=\"async\" width=\"1000\" height=\"667\" src=\"http:\/\/www.samverlen.com\/wp-content\/uploads\/2020\/10\/Naiko_10-1.jpg\" alt=\"\" data-id=\"1376\" data-full-url=\"http:\/\/www.samverlen.com\/wp-content\/uploads\/2020\/10\/Naiko_10-1.jpg\" data-link=\"http:\/\/www.samverlen.com\/?attachment_id=1376\" class=\"wp-image-1376\" srcset=\"https:\/\/www.samverlen.com\/wp-content\/uploads\/2020\/10\/Naiko_10-1.jpg 1000w, https:\/\/www.samverlen.com\/wp-content\/uploads\/2020\/10\/Naiko_10-1-300x200.jpg 300w, https:\/\/www.samverlen.com\/wp-content\/uploads\/2020\/10\/Naiko_10-1-768x512.jpg 768w, https:\/\/www.samverlen.com\/wp-content\/uploads\/2020\/10\/Naiko_10-1-700x467.jpg 700w\" sizes=\"auto, (max-width: 1000px) 100vw, 1000px\" \/><\/figure><\/li><li class=\"blocks-gallery-item\"><figure><img loading=\"lazy\" decoding=\"async\" width=\"1000\" height=\"667\" src=\"http:\/\/www.samverlen.com\/wp-content\/uploads\/2020\/10\/Naiko_18.jpg\" alt=\"\" data-id=\"1377\" data-full-url=\"http:\/\/www.samverlen.com\/wp-content\/uploads\/2020\/10\/Naiko_18.jpg\" data-link=\"http:\/\/www.samverlen.com\/?attachment_id=1377\" class=\"wp-image-1377\" srcset=\"https:\/\/www.samverlen.com\/wp-content\/uploads\/2020\/10\/Naiko_18.jpg 1000w, https:\/\/www.samverlen.com\/wp-content\/uploads\/2020\/10\/Naiko_18-300x200.jpg 300w, https:\/\/www.samverlen.com\/wp-content\/uploads\/2020\/10\/Naiko_18-768x512.jpg 768w, https:\/\/www.samverlen.com\/wp-content\/uploads\/2020\/10\/Naiko_18-700x467.jpg 700w\" sizes=\"auto, (max-width: 1000px) 100vw, 1000px\" \/><\/figure><\/li><li class=\"blocks-gallery-item\"><figure><img loading=\"lazy\" decoding=\"async\" width=\"683\" height=\"1024\" src=\"http:\/\/www.samverlen.com\/wp-content\/uploads\/2020\/10\/Naiko_19-683x1024.jpg\" alt=\"\" data-id=\"1378\" data-full-url=\"http:\/\/www.samverlen.com\/wp-content\/uploads\/2020\/10\/Naiko_19.jpg\" data-link=\"http:\/\/www.samverlen.com\/?attachment_id=1378\" class=\"wp-image-1378\" srcset=\"https:\/\/www.samverlen.com\/wp-content\/uploads\/2020\/10\/Naiko_19-683x1024.jpg 683w, https:\/\/www.samverlen.com\/wp-content\/uploads\/2020\/10\/Naiko_19-200x300.jpg 200w, https:\/\/www.samverlen.com\/wp-content\/uploads\/2020\/10\/Naiko_19-768x1152.jpg 768w, https:\/\/www.samverlen.com\/wp-content\/uploads\/2020\/10\/Naiko_19-700x1050.jpg 700w, https:\/\/www.samverlen.com\/wp-content\/uploads\/2020\/10\/Naiko_19.jpg 1000w\" sizes=\"auto, (max-width: 683px) 100vw, 683px\" \/><\/figure><\/li><li class=\"blocks-gallery-item\"><figure><img loading=\"lazy\" decoding=\"async\" width=\"723\" height=\"1024\" src=\"http:\/\/www.samverlen.com\/wp-content\/uploads\/2020\/10\/Naiko_38-723x1024.jpg\" alt=\"\" data-id=\"1379\" data-full-url=\"http:\/\/www.samverlen.com\/wp-content\/uploads\/2020\/10\/Naiko_38.jpg\" data-link=\"http:\/\/www.samverlen.com\/?attachment_id=1379\" class=\"wp-image-1379\" srcset=\"https:\/\/www.samverlen.com\/wp-content\/uploads\/2020\/10\/Naiko_38-723x1024.jpg 723w, https:\/\/www.samverlen.com\/wp-content\/uploads\/2020\/10\/Naiko_38-212x300.jpg 212w, https:\/\/www.samverlen.com\/wp-content\/uploads\/2020\/10\/Naiko_38-768x1088.jpg 768w, https:\/\/www.samverlen.com\/wp-content\/uploads\/2020\/10\/Naiko_38-700x992.jpg 700w, https:\/\/www.samverlen.com\/wp-content\/uploads\/2020\/10\/Naiko_38.jpg 1000w\" sizes=\"auto, (max-width: 723px) 100vw, 723px\" \/><\/figure><\/li><li class=\"blocks-gallery-item\"><figure><img loading=\"lazy\" decoding=\"async\" width=\"667\" height=\"667\" src=\"http:\/\/www.samverlen.com\/wp-content\/uploads\/2020\/10\/Naiko_40.jpg\" alt=\"\" data-id=\"1380\" data-full-url=\"http:\/\/www.samverlen.com\/wp-content\/uploads\/2020\/10\/Naiko_40.jpg\" data-link=\"http:\/\/www.samverlen.com\/?attachment_id=1380\" class=\"wp-image-1380\" srcset=\"https:\/\/www.samverlen.com\/wp-content\/uploads\/2020\/10\/Naiko_40.jpg 667w, https:\/\/www.samverlen.com\/wp-content\/uploads\/2020\/10\/Naiko_40-300x300.jpg 300w, https:\/\/www.samverlen.com\/wp-content\/uploads\/2020\/10\/Naiko_40-150x150.jpg 150w, https:\/\/www.samverlen.com\/wp-content\/uploads\/2020\/10\/Naiko_40-570x570.jpg 570w, https:\/\/www.samverlen.com\/wp-content\/uploads\/2020\/10\/Naiko_40-500x500.jpg 500w, https:\/\/www.samverlen.com\/wp-content\/uploads\/2020\/10\/Naiko_40-100x100.jpg 100w, https:\/\/www.samverlen.com\/wp-content\/uploads\/2020\/10\/Naiko_40-200x200.jpg 200w\" sizes=\"auto, (max-width: 667px) 100vw, 667px\" \/><\/figure><\/li><li class=\"blocks-gallery-item\"><figure><img loading=\"lazy\" decoding=\"async\" width=\"1000\" height=\"667\" src=\"http:\/\/www.samverlen.com\/wp-content\/uploads\/2020\/10\/Naiko_45.jpg\" alt=\"\" data-id=\"1381\" data-full-url=\"http:\/\/www.samverlen.com\/wp-content\/uploads\/2020\/10\/Naiko_45.jpg\" data-link=\"http:\/\/www.samverlen.com\/?attachment_id=1381\" class=\"wp-image-1381\" srcset=\"https:\/\/www.samverlen.com\/wp-content\/uploads\/2020\/10\/Naiko_45.jpg 1000w, https:\/\/www.samverlen.com\/wp-content\/uploads\/2020\/10\/Naiko_45-300x200.jpg 300w, https:\/\/www.samverlen.com\/wp-content\/uploads\/2020\/10\/Naiko_45-768x512.jpg 768w, https:\/\/www.samverlen.com\/wp-content\/uploads\/2020\/10\/Naiko_45-700x467.jpg 700w\" sizes=\"auto, (max-width: 1000px) 100vw, 1000px\" \/><\/figure><\/li><\/ul><figcaption class=\"blocks-gallery-caption\">Celles et ceux sans qui cette cr\u00e9ation n&rsquo;aurait jamais vu le jour : <\/figcaption><\/figure>\n\n\n\n<p>Regard ext\u00e9rieur :\u00a0<a href=\"https:\/\/business.facebook.com\/marjorie.bleriot.5?__tn__=K-R&amp;eid=ARDr1cUVJfWqRvyUWUDeTrOosO5tjxsWkqmMzKPNrZs1EAiThWYLOxeAx9Cb8LETt1uM97vTVnldS6Yy&amp;fref=mentions&amp;__xts__%5B0%5D=68.ARDxmdWrTYtL8HugxKR41VKiq3k5_zyXf9qZkU3OYJB_vJ2gMm6MtXX1oQEcFl5kpUz4_r93cCT_X3esaQYILQ_K9ClRsEABFzO5LwO5plLFR4TEmqmz8mfVYWMYPooIAHGyQpv0vYFrBKAbJxA0at-h1wPUQDD5T_GbtvxXpLiDrOjqrVG8cPhp8rPliIB94t-rfpn4Mi8hRyWgZ_gpgnMm2x63cTnhBQLkdewGO0glTFSRPfHdmNWlMa2QtP5L69G0_iu_QuaaQ9965BsW6myHJDF6goKGPD3jnwy8QbiByM4EmpUFLmYSBtHuMDoNkiZT\">Marjorie Bl\u00e9riot<\/a><br>Lumi\u00e8res : Fran\u00e7ois Marsollier<\/p>\n\n\n\n<p><\/p>\n\n\n\n<p><\/p>\n\n\n\n<p>Production :\u00a0<a href=\"https:\/\/business.facebook.com\/artoutaiproductions\/?__tn__=K-R&amp;eid=ARCwEM59utyEyPN0z6LaYLo0xK7pSJu5NeEnsZv_bIQacGDCR58woS1kxVPvo2xm6EbWh5e3HNXIYLXm&amp;fref=mentions&amp;__xts__%5B0%5D=68.ARDxmdWrTYtL8HugxKR41VKiq3k5_zyXf9qZkU3OYJB_vJ2gMm6MtXX1oQEcFl5kpUz4_r93cCT_X3esaQYILQ_K9ClRsEABFzO5LwO5plLFR4TEmqmz8mfVYWMYPooIAHGyQpv0vYFrBKAbJxA0at-h1wPUQDD5T_GbtvxXpLiDrOjqrVG8cPhp8rPliIB94t-rfpn4Mi8hRyWgZ_gpgnMm2x63cTnhBQLkdewGO0glTFSRPfHdmNWlMa2QtP5L69G0_iu_QuaaQ9965BsW6myHJDF6goKGPD3jnwy8QbiByM4EmpUFLmYSBtHuMDoNkiZT\">Artouta\u00ef Productions<\/a><br>Partenaires:\u00a0<a href=\"https:\/\/business.facebook.com\/centrecultureldeliffre\/?__tn__=K-R&amp;eid=ARDscdl-Bsnzz2Jj7BLPulhrIgHTwXkjvwSdxnihOynV7yalAfaFVeIh7SCUBe_ZzY1Tjrd29no_sS4s&amp;fref=mentions&amp;__xts__%5B0%5D=68.ARDxmdWrTYtL8HugxKR41VKiq3k5_zyXf9qZkU3OYJB_vJ2gMm6MtXX1oQEcFl5kpUz4_r93cCT_X3esaQYILQ_K9ClRsEABFzO5LwO5plLFR4TEmqmz8mfVYWMYPooIAHGyQpv0vYFrBKAbJxA0at-h1wPUQDD5T_GbtvxXpLiDrOjqrVG8cPhp8rPliIB94t-rfpn4Mi8hRyWgZ_gpgnMm2x63cTnhBQLkdewGO0glTFSRPfHdmNWlMa2QtP5L69G0_iu_QuaaQ9965BsW6myHJDF6goKGPD3jnwy8QbiByM4EmpUFLmYSBtHuMDoNkiZT\">Centre Culturel de Liffr\u00e9<\/a>,\u00a0<a href=\"https:\/\/business.facebook.com\/pacemjc\/?__tn__=K-R&amp;eid=ARDqtqZ3o8-5x2pxXH2t9itKO9ctbw0MCgePQvyzEyGwtV7pv0_WDEpIaGxlrv3vP3CBpezFveKs97bK&amp;fref=mentions&amp;__xts__%5B0%5D=68.ARDxmdWrTYtL8HugxKR41VKiq3k5_zyXf9qZkU3OYJB_vJ2gMm6MtXX1oQEcFl5kpUz4_r93cCT_X3esaQYILQ_K9ClRsEABFzO5LwO5plLFR4TEmqmz8mfVYWMYPooIAHGyQpv0vYFrBKAbJxA0at-h1wPUQDD5T_GbtvxXpLiDrOjqrVG8cPhp8rPliIB94t-rfpn4Mi8hRyWgZ_gpgnMm2x63cTnhBQLkdewGO0glTFSRPfHdmNWlMa2QtP5L69G0_iu_QuaaQ9965BsW6myHJDF6goKGPD3jnwy8QbiByM4EmpUFLmYSBtHuMDoNkiZT\">Culture MJC Pace<\/a>,\u00a0<a href=\"https:\/\/business.facebook.com\/legrandlogisbruz\/?__tn__=K-R&amp;eid=ARBveVLU7kd98dMVcXvkquuZtoZgbWngrgWNaZCAxCR3RLZLrQEszAm1lwwZFsAqIab8ZFOE8OQFEzyx&amp;fref=mentions&amp;__xts__%5B0%5D=68.ARDxmdWrTYtL8HugxKR41VKiq3k5_zyXf9qZkU3OYJB_vJ2gMm6MtXX1oQEcFl5kpUz4_r93cCT_X3esaQYILQ_K9ClRsEABFzO5LwO5plLFR4TEmqmz8mfVYWMYPooIAHGyQpv0vYFrBKAbJxA0at-h1wPUQDD5T_GbtvxXpLiDrOjqrVG8cPhp8rPliIB94t-rfpn4Mi8hRyWgZ_gpgnMm2x63cTnhBQLkdewGO0glTFSRPfHdmNWlMa2QtP5L69G0_iu_QuaaQ9965BsW6myHJDF6goKGPD3jnwy8QbiByM4EmpUFLmYSBtHuMDoNkiZT\">Le Grand Logis<\/a>\u00a0\u00e0 Bruz,\u00a0<a href=\"https:\/\/business.facebook.com\/CCJDFougeres\/?__tn__=K-R&amp;eid=ARASdd2LQtDFCUjWPNLs2s_8EXN6Py5qfUykGi04ANcqXohycLjiiPL0Fm173MnFqocfH9kv4s6Ev4eC&amp;fref=mentions&amp;__xts__%5B0%5D=68.ARDxmdWrTYtL8HugxKR41VKiq3k5_zyXf9qZkU3OYJB_vJ2gMm6MtXX1oQEcFl5kpUz4_r93cCT_X3esaQYILQ_K9ClRsEABFzO5LwO5plLFR4TEmqmz8mfVYWMYPooIAHGyQpv0vYFrBKAbJxA0at-h1wPUQDD5T_GbtvxXpLiDrOjqrVG8cPhp8rPliIB94t-rfpn4Mi8hRyWgZ_gpgnMm2x63cTnhBQLkdewGO0glTFSRPfHdmNWlMa2QtP5L69G0_iu_QuaaQ9965BsW6myHJDF6goKGPD3jnwy8QbiByM4EmpUFLmYSBtHuMDoNkiZT\">Centre culturel &amp; Th\u00e9\u00e2tre &#8211; Foug\u00e8res Agglom\u00e9ration<\/a>, Le\u00a0<a href=\"https:\/\/business.facebook.com\/theatredebecherelofficiel\/?__tn__=K-R&amp;eid=ARA8aA-0HIRjVAX1gGu_xSFT3VCBasH1G9yL3P2dVsPAPwDly4ufoSciysWdxFJEDisWM6jAK45i6bSj&amp;fref=mentions&amp;__xts__%5B0%5D=68.ARDxmdWrTYtL8HugxKR41VKiq3k5_zyXf9qZkU3OYJB_vJ2gMm6MtXX1oQEcFl5kpUz4_r93cCT_X3esaQYILQ_K9ClRsEABFzO5LwO5plLFR4TEmqmz8mfVYWMYPooIAHGyQpv0vYFrBKAbJxA0at-h1wPUQDD5T_GbtvxXpLiDrOjqrVG8cPhp8rPliIB94t-rfpn4Mi8hRyWgZ_gpgnMm2x63cTnhBQLkdewGO0glTFSRPfHdmNWlMa2QtP5L69G0_iu_QuaaQ9965BsW6myHJDF6goKGPD3jnwy8QbiByM4EmpUFLmYSBtHuMDoNkiZT\">Th\u00e9\u00e2tre-Paysage de B\u00e9cherel<\/a>,\u00a0<a href=\"https:\/\/business.facebook.com\/metropole.rennes\/?__tn__=K-R&amp;eid=ARD4ZB3Lp1-TAB671R-LRu8v9w62GDBID5l2UODVa_TphcMYZcKCnsq54wWN_wUImITKI2Pt7uToM8mR&amp;fref=mentions&amp;__xts__%5B0%5D=68.ARDxmdWrTYtL8HugxKR41VKiq3k5_zyXf9qZkU3OYJB_vJ2gMm6MtXX1oQEcFl5kpUz4_r93cCT_X3esaQYILQ_K9ClRsEABFzO5LwO5plLFR4TEmqmz8mfVYWMYPooIAHGyQpv0vYFrBKAbJxA0at-h1wPUQDD5T_GbtvxXpLiDrOjqrVG8cPhp8rPliIB94t-rfpn4Mi8hRyWgZ_gpgnMm2x63cTnhBQLkdewGO0glTFSRPfHdmNWlMa2QtP5L69G0_iu_QuaaQ9965BsW6myHJDF6goKGPD3jnwy8QbiByM4EmpUFLmYSBtHuMDoNkiZT\">Rennes Ville et M\u00e9tropole<\/a>,\u00a0<a href=\"https:\/\/business.facebook.com\/LaSacem\/?__tn__=K-R&amp;eid=ARBjizL0qBK_bQDE7RYqAMFGqWHpQrLlCYGYkNtYS_sk-R39UH2jxA6LEpl5RRoW2tdei3mR7hGhvg4X&amp;fref=mentions&amp;__xts__%5B0%5D=68.ARDxmdWrTYtL8HugxKR41VKiq3k5_zyXf9qZkU3OYJB_vJ2gMm6MtXX1oQEcFl5kpUz4_r93cCT_X3esaQYILQ_K9ClRsEABFzO5LwO5plLFR4TEmqmz8mfVYWMYPooIAHGyQpv0vYFrBKAbJxA0at-h1wPUQDD5T_GbtvxXpLiDrOjqrVG8cPhp8rPliIB94t-rfpn4Mi8hRyWgZ_gpgnMm2x63cTnhBQLkdewGO0glTFSRPfHdmNWlMa2QtP5L69G0_iu_QuaaQ9965BsW6myHJDF6goKGPD3jnwy8QbiByM4EmpUFLmYSBtHuMDoNkiZT\">Sacem<\/a>, la\u00a0<a href=\"https:\/\/business.facebook.com\/SPEDIDAM\/?__tn__=K-R&amp;eid=ARAMQJdrA9qIyNwLqI8pOKKLz-ENh_huoaTjKNh0RJFAOWfNBi25IPukT6YqMCJKZU3Cfsu3aszFgzB6&amp;fref=mentions&amp;__xts__%5B0%5D=68.ARDxmdWrTYtL8HugxKR41VKiq3k5_zyXf9qZkU3OYJB_vJ2gMm6MtXX1oQEcFl5kpUz4_r93cCT_X3esaQYILQ_K9ClRsEABFzO5LwO5plLFR4TEmqmz8mfVYWMYPooIAHGyQpv0vYFrBKAbJxA0at-h1wPUQDD5T_GbtvxXpLiDrOjqrVG8cPhp8rPliIB94t-rfpn4Mi8hRyWgZ_gpgnMm2x63cTnhBQLkdewGO0glTFSRPfHdmNWlMa2QtP5L69G0_iu_QuaaQ9965BsW6myHJDF6goKGPD3jnwy8QbiByM4EmpUFLmYSBtHuMDoNkiZT\">SPEDIDAM l&rsquo;alli\u00e9e d&rsquo;une vie d&rsquo;artiste<\/a><\/p>\n\n\n\n<p><\/p>\n\n\n\n<p>Photos : Yann Le Cornec \u00a9<\/p>\n\n\n\n<p><\/p>\n\n\n\n<p>Prochaines repr\u00e9sentations publiques :<br>&#8211; Dimanche 8 Novembre \/&nbsp;<a href=\"https:\/\/business.facebook.com\/lechonova\/?__tn__=K-R&amp;eid=ARCb9LyNpv6r8McB_eAKG67j6yxzQBkl92tTn5UFUzzdygfyOxz8VppWVNAA9EOFpv0_cHGsyvu2wb4t&amp;fref=mentions&amp;__xts__%5B0%5D=68.ARDxmdWrTYtL8HugxKR41VKiq3k5_zyXf9qZkU3OYJB_vJ2gMm6MtXX1oQEcFl5kpUz4_r93cCT_X3esaQYILQ_K9ClRsEABFzO5LwO5plLFR4TEmqmz8mfVYWMYPooIAHGyQpv0vYFrBKAbJxA0at-h1wPUQDD5T_GbtvxXpLiDrOjqrVG8cPhp8rPliIB94t-rfpn4Mi8hRyWgZ_gpgnMm2x63cTnhBQLkdewGO0glTFSRPfHdmNWlMa2QtP5L69G0_iu_QuaaQ9965BsW6myHJDF6goKGPD3jnwy8QbiByM4EmpUFLmYSBtHuMDoNkiZT\">L&rsquo;ECHONOVA<\/a>&nbsp;\u00e0 St Av\u00e9 (56) \u00e0 17h<br>&#8211; Mercredi 18 Novembre \/&nbsp;<a href=\"https:\/\/business.facebook.com\/centrecultureldeliffre\/?__tn__=K-R&amp;eid=ARBVhwqpR6QgduL__1GNRGVdv8a-KtcIE3kmeiEqmb0ML0K715NifeOkSW9mEdjRIb2J9ffkJke7ue91&amp;fref=mentions&amp;__xts__%5B0%5D=68.ARDxmdWrTYtL8HugxKR41VKiq3k5_zyXf9qZkU3OYJB_vJ2gMm6MtXX1oQEcFl5kpUz4_r93cCT_X3esaQYILQ_K9ClRsEABFzO5LwO5plLFR4TEmqmz8mfVYWMYPooIAHGyQpv0vYFrBKAbJxA0at-h1wPUQDD5T_GbtvxXpLiDrOjqrVG8cPhp8rPliIB94t-rfpn4Mi8hRyWgZ_gpgnMm2x63cTnhBQLkdewGO0glTFSRPfHdmNWlMa2QtP5L69G0_iu_QuaaQ9965BsW6myHJDF6goKGPD3jnwy8QbiByM4EmpUFLmYSBtHuMDoNkiZT\">Centre Culturel de Liffr\u00e9<\/a>&nbsp;(35) \u00e0 15h30<\/p>\n<p><\/p>","protected":false},"excerpt":{"rendered":"<p>Un dessin anim\u00e9 film\u00e9 en direct&#8230;quelle dr\u00f4le d&rsquo;id\u00e9e !Trois ann\u00e9es se sont \u00e9coul\u00e9es depuis l&rsquo;envie de cr\u00e9er ensemble ce spectacle avec l&rsquo;artiste peintre Heol et Greg Bouchet. Nous avons tout cr\u00e9\u00e9 de A \u00e0 Z : de l&rsquo;histoire aux d\u00e9cors, personnages, animations, musiques et pass\u00e9&#8230;<\/p>\n","protected":false},"author":1,"featured_media":1391,"comment_status":"open","ping_status":"open","sticky":false,"template":"","format":"standard","meta":{"_et_pb_use_builder":"","_et_pb_old_content":"","_et_gb_content_width":"","footnotes":""},"categories":[5],"tags":[],"class_list":["post-1374","post","type-post","status-publish","format-standard","has-post-thumbnail","hentry","category-news"],"yoast_head":"<!-- This site is optimized with the Yoast SEO plugin v27.4 - https:\/\/yoast.com\/product\/yoast-seo-wordpress\/ -->\n<title>&quot;NA\u00cfK\u00d6&quot; - spectacle cin\u00e9matographique - Sam Verlen<\/title>\n<meta name=\"robots\" content=\"index, follow, max-snippet:-1, max-image-preview:large, max-video-preview:-1\" \/>\n<link rel=\"canonical\" href=\"https:\/\/www.samverlen.com\/index.php\/2020\/10\/11\/naiko-spectacle-cinematographique\/\" \/>\n<meta property=\"og:locale\" content=\"fr_FR\" \/>\n<meta property=\"og:type\" content=\"article\" \/>\n<meta property=\"og:title\" content=\"&quot;NA\u00cfK\u00d6&quot; - spectacle cin\u00e9matographique - Sam Verlen\" \/>\n<meta property=\"og:description\" content=\"Un dessin anim\u00e9 film\u00e9 en direct&#8230;quelle dr\u00f4le d&rsquo;id\u00e9e !Trois ann\u00e9es se sont \u00e9coul\u00e9es depuis l&rsquo;envie de cr\u00e9er ensemble ce spectacle avec l&rsquo;artiste peintre Heol et Greg Bouchet. Nous avons tout cr\u00e9\u00e9 de A \u00e0 Z : de l&rsquo;histoire aux d\u00e9cors, personnages, animations, musiques et pass\u00e9...\" \/>\n<meta property=\"og:url\" content=\"https:\/\/www.samverlen.com\/index.php\/2020\/10\/11\/naiko-spectacle-cinematographique\/\" \/>\n<meta property=\"og:site_name\" content=\"Sam Verlen\" \/>\n<meta property=\"article:publisher\" content=\"https:\/\/www.facebook.com\/sverlen\" \/>\n<meta property=\"article:published_time\" content=\"2020-10-11T08:57:50+00:00\" \/>\n<meta property=\"article:modified_time\" content=\"2020-10-11T09:01:55+00:00\" \/>\n<meta property=\"og:image\" content=\"https:\/\/www.samverlen.com\/wp-content\/uploads\/2020\/10\/Naiko_39.jpg\" \/>\n\t<meta property=\"og:image:width\" content=\"1000\" \/>\n\t<meta property=\"og:image:height\" content=\"870\" \/>\n\t<meta property=\"og:image:type\" content=\"image\/jpeg\" \/>\n<meta name=\"author\" content=\"samverlen\" \/>\n<meta name=\"twitter:card\" content=\"summary_large_image\" \/>\n<meta name=\"twitter:creator\" content=\"@samverlen\" \/>\n<meta name=\"twitter:site\" content=\"@samverlen\" \/>\n<meta name=\"twitter:label1\" content=\"\u00c9crit par\" \/>\n\t<meta name=\"twitter:data1\" content=\"samverlen\" \/>\n\t<meta name=\"twitter:label2\" content=\"Dur\u00e9e de lecture estim\u00e9e\" \/>\n\t<meta name=\"twitter:data2\" content=\"3 minutes\" \/>\n<script type=\"application\/ld+json\" class=\"yoast-schema-graph\">{\"@context\":\"https:\\\/\\\/schema.org\",\"@graph\":[{\"@type\":\"Article\",\"@id\":\"https:\\\/\\\/www.samverlen.com\\\/index.php\\\/2020\\\/10\\\/11\\\/naiko-spectacle-cinematographique\\\/#article\",\"isPartOf\":{\"@id\":\"https:\\\/\\\/www.samverlen.com\\\/index.php\\\/2020\\\/10\\\/11\\\/naiko-spectacle-cinematographique\\\/\"},\"author\":{\"name\":\"samverlen\",\"@id\":\"https:\\\/\\\/www.samverlen.com\\\/#\\\/schema\\\/person\\\/afebf9a6641e07827cda3c96032f5a3d\"},\"headline\":\"\u00ab\u00a0NA\u00cfK\u00d6\u00a0\u00bb &#8211; spectacle cin\u00e9matographique\",\"datePublished\":\"2020-10-11T08:57:50+00:00\",\"dateModified\":\"2020-10-11T09:01:55+00:00\",\"mainEntityOfPage\":{\"@id\":\"https:\\\/\\\/www.samverlen.com\\\/index.php\\\/2020\\\/10\\\/11\\\/naiko-spectacle-cinematographique\\\/\"},\"wordCount\":577,\"commentCount\":0,\"image\":{\"@id\":\"https:\\\/\\\/www.samverlen.com\\\/index.php\\\/2020\\\/10\\\/11\\\/naiko-spectacle-cinematographique\\\/#primaryimage\"},\"thumbnailUrl\":\"https:\\\/\\\/www.samverlen.com\\\/wp-content\\\/uploads\\\/2020\\\/10\\\/Naiko_39.jpg\",\"articleSection\":[\"news\"],\"inLanguage\":\"fr-FR\",\"potentialAction\":[{\"@type\":\"CommentAction\",\"name\":\"Comment\",\"target\":[\"https:\\\/\\\/www.samverlen.com\\\/index.php\\\/2020\\\/10\\\/11\\\/naiko-spectacle-cinematographique\\\/#respond\"]}]},{\"@type\":\"WebPage\",\"@id\":\"https:\\\/\\\/www.samverlen.com\\\/index.php\\\/2020\\\/10\\\/11\\\/naiko-spectacle-cinematographique\\\/\",\"url\":\"https:\\\/\\\/www.samverlen.com\\\/index.php\\\/2020\\\/10\\\/11\\\/naiko-spectacle-cinematographique\\\/\",\"name\":\"\\\"NA\u00cfK\u00d6\\\" - spectacle cin\u00e9matographique - Sam Verlen\",\"isPartOf\":{\"@id\":\"https:\\\/\\\/www.samverlen.com\\\/#website\"},\"primaryImageOfPage\":{\"@id\":\"https:\\\/\\\/www.samverlen.com\\\/index.php\\\/2020\\\/10\\\/11\\\/naiko-spectacle-cinematographique\\\/#primaryimage\"},\"image\":{\"@id\":\"https:\\\/\\\/www.samverlen.com\\\/index.php\\\/2020\\\/10\\\/11\\\/naiko-spectacle-cinematographique\\\/#primaryimage\"},\"thumbnailUrl\":\"https:\\\/\\\/www.samverlen.com\\\/wp-content\\\/uploads\\\/2020\\\/10\\\/Naiko_39.jpg\",\"datePublished\":\"2020-10-11T08:57:50+00:00\",\"dateModified\":\"2020-10-11T09:01:55+00:00\",\"author\":{\"@id\":\"https:\\\/\\\/www.samverlen.com\\\/#\\\/schema\\\/person\\\/afebf9a6641e07827cda3c96032f5a3d\"},\"breadcrumb\":{\"@id\":\"https:\\\/\\\/www.samverlen.com\\\/index.php\\\/2020\\\/10\\\/11\\\/naiko-spectacle-cinematographique\\\/#breadcrumb\"},\"inLanguage\":\"fr-FR\",\"potentialAction\":[{\"@type\":\"ReadAction\",\"target\":[\"https:\\\/\\\/www.samverlen.com\\\/index.php\\\/2020\\\/10\\\/11\\\/naiko-spectacle-cinematographique\\\/\"]}]},{\"@type\":\"ImageObject\",\"inLanguage\":\"fr-FR\",\"@id\":\"https:\\\/\\\/www.samverlen.com\\\/index.php\\\/2020\\\/10\\\/11\\\/naiko-spectacle-cinematographique\\\/#primaryimage\",\"url\":\"https:\\\/\\\/www.samverlen.com\\\/wp-content\\\/uploads\\\/2020\\\/10\\\/Naiko_39.jpg\",\"contentUrl\":\"https:\\\/\\\/www.samverlen.com\\\/wp-content\\\/uploads\\\/2020\\\/10\\\/Naiko_39.jpg\",\"width\":1000,\"height\":870},{\"@type\":\"BreadcrumbList\",\"@id\":\"https:\\\/\\\/www.samverlen.com\\\/index.php\\\/2020\\\/10\\\/11\\\/naiko-spectacle-cinematographique\\\/#breadcrumb\",\"itemListElement\":[{\"@type\":\"ListItem\",\"position\":1,\"name\":\"Accueil\",\"item\":\"https:\\\/\\\/www.samverlen.com\\\/\"},{\"@type\":\"ListItem\",\"position\":2,\"name\":\"\u00ab\u00a0NA\u00cfK\u00d6\u00a0\u00bb &#8211; spectacle cin\u00e9matographique\"}]},{\"@type\":\"WebSite\",\"@id\":\"https:\\\/\\\/www.samverlen.com\\\/#website\",\"url\":\"https:\\\/\\\/www.samverlen.com\\\/\",\"name\":\"Sam Verlen\",\"description\":\"Chercheur de po\u00e9sie sonore \\\/\\\/ Compositeur, musicien\",\"potentialAction\":[{\"@type\":\"SearchAction\",\"target\":{\"@type\":\"EntryPoint\",\"urlTemplate\":\"https:\\\/\\\/www.samverlen.com\\\/?s={search_term_string}\"},\"query-input\":{\"@type\":\"PropertyValueSpecification\",\"valueRequired\":true,\"valueName\":\"search_term_string\"}}],\"inLanguage\":\"fr-FR\"},{\"@type\":\"Person\",\"@id\":\"https:\\\/\\\/www.samverlen.com\\\/#\\\/schema\\\/person\\\/afebf9a6641e07827cda3c96032f5a3d\",\"name\":\"samverlen\",\"image\":{\"@type\":\"ImageObject\",\"inLanguage\":\"fr-FR\",\"@id\":\"https:\\\/\\\/secure.gravatar.com\\\/avatar\\\/bb71d7c316348923a9c8f09e6ff09f43f1d48a987eff10b4119565e5a4f2ecd9?s=96&d=mm&r=g\",\"url\":\"https:\\\/\\\/secure.gravatar.com\\\/avatar\\\/bb71d7c316348923a9c8f09e6ff09f43f1d48a987eff10b4119565e5a4f2ecd9?s=96&d=mm&r=g\",\"contentUrl\":\"https:\\\/\\\/secure.gravatar.com\\\/avatar\\\/bb71d7c316348923a9c8f09e6ff09f43f1d48a987eff10b4119565e5a4f2ecd9?s=96&d=mm&r=g\",\"caption\":\"samverlen\"}}]}<\/script>\n<!-- \/ Yoast SEO plugin. -->","yoast_head_json":{"title":"\"NA\u00cfK\u00d6\" - spectacle cin\u00e9matographique - Sam Verlen","robots":{"index":"index","follow":"follow","max-snippet":"max-snippet:-1","max-image-preview":"max-image-preview:large","max-video-preview":"max-video-preview:-1"},"canonical":"https:\/\/www.samverlen.com\/index.php\/2020\/10\/11\/naiko-spectacle-cinematographique\/","og_locale":"fr_FR","og_type":"article","og_title":"\"NA\u00cfK\u00d6\" - spectacle cin\u00e9matographique - Sam Verlen","og_description":"Un dessin anim\u00e9 film\u00e9 en direct&#8230;quelle dr\u00f4le d&rsquo;id\u00e9e !Trois ann\u00e9es se sont \u00e9coul\u00e9es depuis l&rsquo;envie de cr\u00e9er ensemble ce spectacle avec l&rsquo;artiste peintre Heol et Greg Bouchet. Nous avons tout cr\u00e9\u00e9 de A \u00e0 Z : de l&rsquo;histoire aux d\u00e9cors, personnages, animations, musiques et pass\u00e9...","og_url":"https:\/\/www.samverlen.com\/index.php\/2020\/10\/11\/naiko-spectacle-cinematographique\/","og_site_name":"Sam Verlen","article_publisher":"https:\/\/www.facebook.com\/sverlen","article_published_time":"2020-10-11T08:57:50+00:00","article_modified_time":"2020-10-11T09:01:55+00:00","og_image":[{"width":1000,"height":870,"url":"https:\/\/www.samverlen.com\/wp-content\/uploads\/2020\/10\/Naiko_39.jpg","type":"image\/jpeg"}],"author":"samverlen","twitter_card":"summary_large_image","twitter_creator":"@samverlen","twitter_site":"@samverlen","twitter_misc":{"\u00c9crit par":"samverlen","Dur\u00e9e de lecture estim\u00e9e":"3 minutes"},"schema":{"@context":"https:\/\/schema.org","@graph":[{"@type":"Article","@id":"https:\/\/www.samverlen.com\/index.php\/2020\/10\/11\/naiko-spectacle-cinematographique\/#article","isPartOf":{"@id":"https:\/\/www.samverlen.com\/index.php\/2020\/10\/11\/naiko-spectacle-cinematographique\/"},"author":{"name":"samverlen","@id":"https:\/\/www.samverlen.com\/#\/schema\/person\/afebf9a6641e07827cda3c96032f5a3d"},"headline":"\u00ab\u00a0NA\u00cfK\u00d6\u00a0\u00bb &#8211; spectacle cin\u00e9matographique","datePublished":"2020-10-11T08:57:50+00:00","dateModified":"2020-10-11T09:01:55+00:00","mainEntityOfPage":{"@id":"https:\/\/www.samverlen.com\/index.php\/2020\/10\/11\/naiko-spectacle-cinematographique\/"},"wordCount":577,"commentCount":0,"image":{"@id":"https:\/\/www.samverlen.com\/index.php\/2020\/10\/11\/naiko-spectacle-cinematographique\/#primaryimage"},"thumbnailUrl":"https:\/\/www.samverlen.com\/wp-content\/uploads\/2020\/10\/Naiko_39.jpg","articleSection":["news"],"inLanguage":"fr-FR","potentialAction":[{"@type":"CommentAction","name":"Comment","target":["https:\/\/www.samverlen.com\/index.php\/2020\/10\/11\/naiko-spectacle-cinematographique\/#respond"]}]},{"@type":"WebPage","@id":"https:\/\/www.samverlen.com\/index.php\/2020\/10\/11\/naiko-spectacle-cinematographique\/","url":"https:\/\/www.samverlen.com\/index.php\/2020\/10\/11\/naiko-spectacle-cinematographique\/","name":"\"NA\u00cfK\u00d6\" - spectacle cin\u00e9matographique - Sam Verlen","isPartOf":{"@id":"https:\/\/www.samverlen.com\/#website"},"primaryImageOfPage":{"@id":"https:\/\/www.samverlen.com\/index.php\/2020\/10\/11\/naiko-spectacle-cinematographique\/#primaryimage"},"image":{"@id":"https:\/\/www.samverlen.com\/index.php\/2020\/10\/11\/naiko-spectacle-cinematographique\/#primaryimage"},"thumbnailUrl":"https:\/\/www.samverlen.com\/wp-content\/uploads\/2020\/10\/Naiko_39.jpg","datePublished":"2020-10-11T08:57:50+00:00","dateModified":"2020-10-11T09:01:55+00:00","author":{"@id":"https:\/\/www.samverlen.com\/#\/schema\/person\/afebf9a6641e07827cda3c96032f5a3d"},"breadcrumb":{"@id":"https:\/\/www.samverlen.com\/index.php\/2020\/10\/11\/naiko-spectacle-cinematographique\/#breadcrumb"},"inLanguage":"fr-FR","potentialAction":[{"@type":"ReadAction","target":["https:\/\/www.samverlen.com\/index.php\/2020\/10\/11\/naiko-spectacle-cinematographique\/"]}]},{"@type":"ImageObject","inLanguage":"fr-FR","@id":"https:\/\/www.samverlen.com\/index.php\/2020\/10\/11\/naiko-spectacle-cinematographique\/#primaryimage","url":"https:\/\/www.samverlen.com\/wp-content\/uploads\/2020\/10\/Naiko_39.jpg","contentUrl":"https:\/\/www.samverlen.com\/wp-content\/uploads\/2020\/10\/Naiko_39.jpg","width":1000,"height":870},{"@type":"BreadcrumbList","@id":"https:\/\/www.samverlen.com\/index.php\/2020\/10\/11\/naiko-spectacle-cinematographique\/#breadcrumb","itemListElement":[{"@type":"ListItem","position":1,"name":"Accueil","item":"https:\/\/www.samverlen.com\/"},{"@type":"ListItem","position":2,"name":"\u00ab\u00a0NA\u00cfK\u00d6\u00a0\u00bb &#8211; spectacle cin\u00e9matographique"}]},{"@type":"WebSite","@id":"https:\/\/www.samverlen.com\/#website","url":"https:\/\/www.samverlen.com\/","name":"Sam Verlen","description":"Chercheur de po\u00e9sie sonore \/\/ Compositeur, musicien","potentialAction":[{"@type":"SearchAction","target":{"@type":"EntryPoint","urlTemplate":"https:\/\/www.samverlen.com\/?s={search_term_string}"},"query-input":{"@type":"PropertyValueSpecification","valueRequired":true,"valueName":"search_term_string"}}],"inLanguage":"fr-FR"},{"@type":"Person","@id":"https:\/\/www.samverlen.com\/#\/schema\/person\/afebf9a6641e07827cda3c96032f5a3d","name":"samverlen","image":{"@type":"ImageObject","inLanguage":"fr-FR","@id":"https:\/\/secure.gravatar.com\/avatar\/bb71d7c316348923a9c8f09e6ff09f43f1d48a987eff10b4119565e5a4f2ecd9?s=96&d=mm&r=g","url":"https:\/\/secure.gravatar.com\/avatar\/bb71d7c316348923a9c8f09e6ff09f43f1d48a987eff10b4119565e5a4f2ecd9?s=96&d=mm&r=g","contentUrl":"https:\/\/secure.gravatar.com\/avatar\/bb71d7c316348923a9c8f09e6ff09f43f1d48a987eff10b4119565e5a4f2ecd9?s=96&d=mm&r=g","caption":"samverlen"}}]}},"_links":{"self":[{"href":"https:\/\/www.samverlen.com\/index.php\/wp-json\/wp\/v2\/posts\/1374","targetHints":{"allow":["GET"]}}],"collection":[{"href":"https:\/\/www.samverlen.com\/index.php\/wp-json\/wp\/v2\/posts"}],"about":[{"href":"https:\/\/www.samverlen.com\/index.php\/wp-json\/wp\/v2\/types\/post"}],"author":[{"embeddable":true,"href":"https:\/\/www.samverlen.com\/index.php\/wp-json\/wp\/v2\/users\/1"}],"replies":[{"embeddable":true,"href":"https:\/\/www.samverlen.com\/index.php\/wp-json\/wp\/v2\/comments?post=1374"}],"version-history":[{"count":1,"href":"https:\/\/www.samverlen.com\/index.php\/wp-json\/wp\/v2\/posts\/1374\/revisions"}],"predecessor-version":[{"id":1392,"href":"https:\/\/www.samverlen.com\/index.php\/wp-json\/wp\/v2\/posts\/1374\/revisions\/1392"}],"wp:featuredmedia":[{"embeddable":true,"href":"https:\/\/www.samverlen.com\/index.php\/wp-json\/wp\/v2\/media\/1391"}],"wp:attachment":[{"href":"https:\/\/www.samverlen.com\/index.php\/wp-json\/wp\/v2\/media?parent=1374"}],"wp:term":[{"taxonomy":"category","embeddable":true,"href":"https:\/\/www.samverlen.com\/index.php\/wp-json\/wp\/v2\/categories?post=1374"},{"taxonomy":"post_tag","embeddable":true,"href":"https:\/\/www.samverlen.com\/index.php\/wp-json\/wp\/v2\/tags?post=1374"}],"curies":[{"name":"wp","href":"https:\/\/api.w.org\/{rel}","templated":true}]}}