{"id":1709,"date":"2022-06-02T23:07:19","date_gmt":"2022-06-02T21:07:19","guid":{"rendered":"https:\/\/www.samverlen.com\/?p=1709"},"modified":"2022-06-02T23:07:22","modified_gmt":"2022-06-02T21:07:22","slug":"petit-rockeur-livre-cd","status":"publish","type":"post","link":"https:\/\/www.samverlen.com\/index.php\/2022\/06\/02\/petit-rockeur-livre-cd\/","title":{"rendered":"\u00ab\u00a0Petit rockeur\u00a0\u00bb &#8211; livre-cd"},"content":{"rendered":"\n<p>A l&rsquo;origine, il y a plus de 5 ans, il y avait l&rsquo;envie de Christos de cr\u00e9er un disque de rock&rsquo;n&rsquo;roll pour enfant avec de nombreux compositeurs et interpr\u00e8tes qui se d\u00e9clinerait en spectacle autour de son histoire \u00ab\u00a0Le vilain petit rockeur\u00a0\u00bb. <\/p>\n\n\n\n<p>Si ce projet, un brin trop ambitieux et compliqu\u00e9 \u00e0 organiser est tomb\u00e9 \u00e0 l&rsquo;eau, j&rsquo;y avais compos\u00e9 une premi\u00e8re chanson sur le texte \u00ab\u00a0No\u00a0\u00bb. Cette chanson avait bien plu \u00e0 Christos et \u00e9tait rest\u00e9 dans les cartons.<\/p>\n\n\n\n<p>   <\/p>\n\n\n\n<figure class=\"wp-block-image size-full\"><img loading=\"lazy\" decoding=\"async\" width=\"600\" height=\"600\" src=\"https:\/\/www.samverlen.com\/wp-content\/uploads\/2022\/06\/281026786_685517582496238_2643571749640286256_n.jpeg\" alt=\"\" class=\"wp-image-1710\" srcset=\"https:\/\/www.samverlen.com\/wp-content\/uploads\/2022\/06\/281026786_685517582496238_2643571749640286256_n.jpeg 600w, https:\/\/www.samverlen.com\/wp-content\/uploads\/2022\/06\/281026786_685517582496238_2643571749640286256_n-300x300.jpeg 300w, https:\/\/www.samverlen.com\/wp-content\/uploads\/2022\/06\/281026786_685517582496238_2643571749640286256_n-150x150.jpeg 150w, https:\/\/www.samverlen.com\/wp-content\/uploads\/2022\/06\/281026786_685517582496238_2643571749640286256_n-570x570.jpeg 570w, https:\/\/www.samverlen.com\/wp-content\/uploads\/2022\/06\/281026786_685517582496238_2643571749640286256_n-500x500.jpeg 500w\" sizes=\"auto, (max-width: 600px) 100vw, 600px\" \/><\/figure>\n\n\n\n<p><br>\u00ab\u00a0Le vilain petit rockeur\u00a0\u00bb renait de l&rsquo;envie de Christos et <a href=\"https:\/\/fr.wikipedia.org\/wiki\/Alan_Mets\" target=\"_blank\" rel=\"noreferrer noopener\">Alan Mets <\/a>(illustrateur) de cr\u00e9er ensemble et de leur passion commune pour la musique rock&rsquo;n&rsquo;roll: tous deux \u00e9tant d&rsquo;anciens musiciens. <br><br><strong>Un petit extrait de l&rsquo;histoire : <\/strong><\/p>\n\n\n\n<p>\u00ab\u00a0Dans la famille Dor\u00e9mi, quand maman dit \u00ab allez, hop, on joue de la musique ! \u00bb, <\/p>\n\n\n\n<p>Sidonie s\u2019assied au piano et Fado se met \u00e0 chanter. <\/p>\n\n\n\n<p>Do, le petit dernier, ne veut rien savoir.<\/p>\n\n\n\n<p>\u2013 Allez Do, \u00e0 toi de jouer !<\/p>\n\n\n\n<p>\u2013 Je ne m\u2019appelle pas Do, je m\u2019appelle NO !<\/p>\n\n\n\n<p>Et c\u2019est un nom qui veut dire NON !<\/p>\n\n\n\n<p>Non, je n\u2019aime pas la musique classique !<\/p>\n\n\n\n<p>Je veux jouer de la guitare \u00e9lectrique !<\/p>\n\n\n\n<p>Devant l\u2019incompr\u00e9hension de sa famille, <\/p>\n\n\n\n<p>Do, euh No,part \u00e0 la recherche de \u00ab vrais musiciens \u00bb.\u00a0\u00bb<\/p>\n\n\n\n<p><\/p>\n\n\n\n<figure class=\"wp-block-image size-large\"><img loading=\"lazy\" decoding=\"async\" width=\"1024\" height=\"1024\" src=\"https:\/\/www.samverlen.com\/wp-content\/uploads\/2022\/06\/281062232_685517619162901_3866669191363172402_n-1024x1024.jpeg\" alt=\"\" class=\"wp-image-1711\" srcset=\"https:\/\/www.samverlen.com\/wp-content\/uploads\/2022\/06\/281062232_685517619162901_3866669191363172402_n-1024x1024.jpeg 1024w, https:\/\/www.samverlen.com\/wp-content\/uploads\/2022\/06\/281062232_685517619162901_3866669191363172402_n-300x300.jpeg 300w, https:\/\/www.samverlen.com\/wp-content\/uploads\/2022\/06\/281062232_685517619162901_3866669191363172402_n-150x150.jpeg 150w, https:\/\/www.samverlen.com\/wp-content\/uploads\/2022\/06\/281062232_685517619162901_3866669191363172402_n-768x768.jpeg 768w, https:\/\/www.samverlen.com\/wp-content\/uploads\/2022\/06\/281062232_685517619162901_3866669191363172402_n-1536x1536.jpeg 1536w, https:\/\/www.samverlen.com\/wp-content\/uploads\/2022\/06\/281062232_685517619162901_3866669191363172402_n.jpeg 2048w, https:\/\/www.samverlen.com\/wp-content\/uploads\/2022\/06\/281062232_685517619162901_3866669191363172402_n-570x570.jpeg 570w, https:\/\/www.samverlen.com\/wp-content\/uploads\/2022\/06\/281062232_685517619162901_3866669191363172402_n-500x500.jpeg 500w, https:\/\/www.samverlen.com\/wp-content\/uploads\/2022\/06\/281062232_685517619162901_3866669191363172402_n-1000x1000.jpeg 1000w, https:\/\/www.samverlen.com\/wp-content\/uploads\/2022\/06\/281062232_685517619162901_3866669191363172402_n-700x700.jpeg 700w\" sizes=\"auto, (max-width: 1024px) 100vw, 1024px\" \/><\/figure>\n\n\n\n<p><\/p>\n\n\n\n<p>Le coup de coeur de Rudy de Benjamin M\u00e9dia pour leur proposition permet l&rsquo;\u00e9dition et la sortie r\u00e9cemment du livre -cd \u00ab\u00a0Petit rockeur\u00a0\u00bb.<br>Pour celui-ci, <a href=\"https:\/\/www.benjamins-media.org\/\" target=\"_blank\" rel=\"noreferrer noopener\">Benjamins M\u00e9dia<\/a> m&rsquo;a propos\u00e9 de composer et interpr\u00e9ter quatre chansons rock&rsquo;n&rsquo;roll. J&rsquo;ai pris beaucoup de plaisir \u00e0 d\u00e9cliner ces chansons en fran\u00e7ais sur des textes de Christos, influenc\u00e9es tour \u00e0 tour par les Black Keys, Rage against the machine, la Mano Negra ou les Clash,<\/p>\n\n\n\n<p>Sur ces chansons, j&rsquo;ai \u00e9videmment utilis\u00e9 beaucoup de guitares \u00e9lectriques (ma Fender musicmaster principalement) et mon ampli \u00ab\u00a0Dominator\u00a0\u00bb (un proto des ann\u00e9es 70) mais aussi de la basse hofner et quelques vieux claviers (pianet et moog MG1).<\/p>\n\n\n\n<p>Robin Tixier a interpr\u00e9t\u00e9 toutes les parties batteries et percussions avec Damien Tillaut \u00e0 la prise de son.<\/p>\n\n\n\n<p>Ludovic Rocca de Benjamins Media a r\u00e9alis\u00e9 le mixage de ces chansons et la r\u00e9alisation sonore globale du disque avec l&rsquo;histoire magnifiquement racont\u00e9e par <a href=\"https:\/\/www.benjamins-media.org\/fr\/artistes\/comediens\/marion-trintignant\">Marion TRINTIGNANT<\/a> (com\u00e9dienne et auteure).<\/p>\n\n\n\n<p><\/p>\n\n\n\n<p>Pour le commander, rendez-vous chez votre libraire pr\u00e9f\u00e9r\u00e9 ou directement en ligne par ici : <a href=\"https:\/\/l.facebook.com\/l.php?u=https%3A%2F%2Fwww.benjamins-media.org%2Ffr%2Fcatalogues%2Flivres-cd-braille%2Fcollection-taille-m%2Fpetit-rockeur%3Ffbclid%3DIwAR0DWTrpBc89ASxRfkg-gi7Lwz6CNuKq0NQWXQHo7EYhGjFqei-8lMZQfnw&amp;h=AT2UqrKlwQ8eHXvNo2sisRiTC7Yh2Z0FeuXoLkZPA8_7rMQG2HeqsYq9G3uNY6U1O-XfDQdxdpDy4VmI1NkxL7q_sviMTifh-BZNAcKrz-tJUekytyvU6Z-o_Zya5zDSHUpsip_CLgigytiegmswIRWgRA&amp;__tn__=-UK-R&amp;c[0]=AT1BRdIOwDUN8I5jdV5t7o_qGzEB4zYPK82_RHI20hEpzWb-INVx9VHfszN1cBtx24J9iUHNPQjyjEbR7xKVZRET3SIg7seedM5m8IMZc957weV7-qsgFLlhNfWN0DFmQyhGavFy_4KJIrcgzpGyt7bnmVcih8IqDocIzYRGFeq8N1sJXaVox4I5VqfUDvYeln2zDOau\" target=\"_blank\" rel=\"noreferrer noopener\">https:\/\/www.benjamins-media.org\/fr\/catalogues\/livres-cd-braille\/collection-taille-m\/petit-rockeur<\/a><\/p>\n<p><\/p>","protected":false},"excerpt":{"rendered":"<p>A l&rsquo;origine, il y a plus de 5 ans, il y avait l&rsquo;envie de Christos de cr\u00e9er un disque de rock&rsquo;n&rsquo;roll pour enfant avec de nombreux compositeurs et interpr\u00e8tes qui se d\u00e9clinerait en spectacle autour de son histoire \u00ab\u00a0Le vilain petit rockeur\u00a0\u00bb. Si ce projet,&#8230;<\/p>\n","protected":false},"author":1,"featured_media":1712,"comment_status":"open","ping_status":"open","sticky":false,"template":"","format":"standard","meta":{"_et_pb_use_builder":"","_et_pb_old_content":"","_et_gb_content_width":"","footnotes":""},"categories":[3,4,5],"tags":[],"class_list":["post-1709","post","type-post","status-publish","format-standard","has-post-thumbnail","hentry","category-chanson-2","category-composition-3","category-news"],"yoast_head":"<!-- This site is optimized with the Yoast SEO plugin v27.4 - https:\/\/yoast.com\/product\/yoast-seo-wordpress\/ -->\n<title>&quot;Petit rockeur&quot; - livre-cd - Sam Verlen<\/title>\n<meta name=\"robots\" content=\"index, follow, max-snippet:-1, max-image-preview:large, max-video-preview:-1\" \/>\n<link rel=\"canonical\" href=\"https:\/\/www.samverlen.com\/index.php\/2022\/06\/02\/petit-rockeur-livre-cd\/\" \/>\n<meta property=\"og:locale\" content=\"fr_FR\" \/>\n<meta property=\"og:type\" content=\"article\" \/>\n<meta property=\"og:title\" content=\"&quot;Petit rockeur&quot; - livre-cd - Sam Verlen\" \/>\n<meta property=\"og:description\" content=\"A l&rsquo;origine, il y a plus de 5 ans, il y avait l&rsquo;envie de Christos de cr\u00e9er un disque de rock&rsquo;n&rsquo;roll pour enfant avec de nombreux compositeurs et interpr\u00e8tes qui se d\u00e9clinerait en spectacle autour de son histoire \u00ab\u00a0Le vilain petit rockeur\u00a0\u00bb. Si ce projet,...\" \/>\n<meta property=\"og:url\" content=\"https:\/\/www.samverlen.com\/index.php\/2022\/06\/02\/petit-rockeur-livre-cd\/\" \/>\n<meta property=\"og:site_name\" content=\"Sam Verlen\" \/>\n<meta property=\"article:publisher\" content=\"https:\/\/www.facebook.com\/sverlen\" \/>\n<meta property=\"article:published_time\" content=\"2022-06-02T21:07:19+00:00\" \/>\n<meta property=\"article:modified_time\" content=\"2022-06-02T21:07:22+00:00\" \/>\n<meta property=\"og:image\" content=\"https:\/\/www.samverlen.com\/wp-content\/uploads\/2022\/06\/281576213_685517549162908_190565214305982947_n.jpeg\" \/>\n\t<meta property=\"og:image:width\" content=\"2048\" \/>\n\t<meta property=\"og:image:height\" content=\"2048\" \/>\n\t<meta property=\"og:image:type\" content=\"image\/jpeg\" \/>\n<meta name=\"author\" content=\"samverlen\" \/>\n<meta name=\"twitter:card\" content=\"summary_large_image\" \/>\n<meta name=\"twitter:creator\" content=\"@samverlen\" \/>\n<meta name=\"twitter:site\" content=\"@samverlen\" \/>\n<meta name=\"twitter:label1\" content=\"\u00c9crit par\" \/>\n\t<meta name=\"twitter:data1\" content=\"samverlen\" \/>\n\t<meta name=\"twitter:label2\" content=\"Dur\u00e9e de lecture estim\u00e9e\" \/>\n\t<meta name=\"twitter:data2\" content=\"3 minutes\" \/>\n<script type=\"application\/ld+json\" class=\"yoast-schema-graph\">{\"@context\":\"https:\\\/\\\/schema.org\",\"@graph\":[{\"@type\":\"Article\",\"@id\":\"https:\\\/\\\/www.samverlen.com\\\/index.php\\\/2022\\\/06\\\/02\\\/petit-rockeur-livre-cd\\\/#article\",\"isPartOf\":{\"@id\":\"https:\\\/\\\/www.samverlen.com\\\/index.php\\\/2022\\\/06\\\/02\\\/petit-rockeur-livre-cd\\\/\"},\"author\":{\"name\":\"samverlen\",\"@id\":\"https:\\\/\\\/www.samverlen.com\\\/#\\\/schema\\\/person\\\/afebf9a6641e07827cda3c96032f5a3d\"},\"headline\":\"\u00ab\u00a0Petit rockeur\u00a0\u00bb &#8211; livre-cd\",\"datePublished\":\"2022-06-02T21:07:19+00:00\",\"dateModified\":\"2022-06-02T21:07:22+00:00\",\"mainEntityOfPage\":{\"@id\":\"https:\\\/\\\/www.samverlen.com\\\/index.php\\\/2022\\\/06\\\/02\\\/petit-rockeur-livre-cd\\\/\"},\"wordCount\":397,\"commentCount\":0,\"image\":{\"@id\":\"https:\\\/\\\/www.samverlen.com\\\/index.php\\\/2022\\\/06\\\/02\\\/petit-rockeur-livre-cd\\\/#primaryimage\"},\"thumbnailUrl\":\"https:\\\/\\\/www.samverlen.com\\\/wp-content\\\/uploads\\\/2022\\\/06\\\/281576213_685517549162908_190565214305982947_n.jpeg\",\"articleSection\":[\"chanson\",\"composition\",\"news\"],\"inLanguage\":\"fr-FR\",\"potentialAction\":[{\"@type\":\"CommentAction\",\"name\":\"Comment\",\"target\":[\"https:\\\/\\\/www.samverlen.com\\\/index.php\\\/2022\\\/06\\\/02\\\/petit-rockeur-livre-cd\\\/#respond\"]}]},{\"@type\":\"WebPage\",\"@id\":\"https:\\\/\\\/www.samverlen.com\\\/index.php\\\/2022\\\/06\\\/02\\\/petit-rockeur-livre-cd\\\/\",\"url\":\"https:\\\/\\\/www.samverlen.com\\\/index.php\\\/2022\\\/06\\\/02\\\/petit-rockeur-livre-cd\\\/\",\"name\":\"\\\"Petit rockeur\\\" - livre-cd - Sam Verlen\",\"isPartOf\":{\"@id\":\"https:\\\/\\\/www.samverlen.com\\\/#website\"},\"primaryImageOfPage\":{\"@id\":\"https:\\\/\\\/www.samverlen.com\\\/index.php\\\/2022\\\/06\\\/02\\\/petit-rockeur-livre-cd\\\/#primaryimage\"},\"image\":{\"@id\":\"https:\\\/\\\/www.samverlen.com\\\/index.php\\\/2022\\\/06\\\/02\\\/petit-rockeur-livre-cd\\\/#primaryimage\"},\"thumbnailUrl\":\"https:\\\/\\\/www.samverlen.com\\\/wp-content\\\/uploads\\\/2022\\\/06\\\/281576213_685517549162908_190565214305982947_n.jpeg\",\"datePublished\":\"2022-06-02T21:07:19+00:00\",\"dateModified\":\"2022-06-02T21:07:22+00:00\",\"author\":{\"@id\":\"https:\\\/\\\/www.samverlen.com\\\/#\\\/schema\\\/person\\\/afebf9a6641e07827cda3c96032f5a3d\"},\"breadcrumb\":{\"@id\":\"https:\\\/\\\/www.samverlen.com\\\/index.php\\\/2022\\\/06\\\/02\\\/petit-rockeur-livre-cd\\\/#breadcrumb\"},\"inLanguage\":\"fr-FR\",\"potentialAction\":[{\"@type\":\"ReadAction\",\"target\":[\"https:\\\/\\\/www.samverlen.com\\\/index.php\\\/2022\\\/06\\\/02\\\/petit-rockeur-livre-cd\\\/\"]}]},{\"@type\":\"ImageObject\",\"inLanguage\":\"fr-FR\",\"@id\":\"https:\\\/\\\/www.samverlen.com\\\/index.php\\\/2022\\\/06\\\/02\\\/petit-rockeur-livre-cd\\\/#primaryimage\",\"url\":\"https:\\\/\\\/www.samverlen.com\\\/wp-content\\\/uploads\\\/2022\\\/06\\\/281576213_685517549162908_190565214305982947_n.jpeg\",\"contentUrl\":\"https:\\\/\\\/www.samverlen.com\\\/wp-content\\\/uploads\\\/2022\\\/06\\\/281576213_685517549162908_190565214305982947_n.jpeg\",\"width\":2048,\"height\":2048},{\"@type\":\"BreadcrumbList\",\"@id\":\"https:\\\/\\\/www.samverlen.com\\\/index.php\\\/2022\\\/06\\\/02\\\/petit-rockeur-livre-cd\\\/#breadcrumb\",\"itemListElement\":[{\"@type\":\"ListItem\",\"position\":1,\"name\":\"Accueil\",\"item\":\"https:\\\/\\\/www.samverlen.com\\\/\"},{\"@type\":\"ListItem\",\"position\":2,\"name\":\"\u00ab\u00a0Petit rockeur\u00a0\u00bb &#8211; livre-cd\"}]},{\"@type\":\"WebSite\",\"@id\":\"https:\\\/\\\/www.samverlen.com\\\/#website\",\"url\":\"https:\\\/\\\/www.samverlen.com\\\/\",\"name\":\"Sam Verlen\",\"description\":\"Chercheur de po\u00e9sie sonore \\\/\\\/ Compositeur, musicien\",\"potentialAction\":[{\"@type\":\"SearchAction\",\"target\":{\"@type\":\"EntryPoint\",\"urlTemplate\":\"https:\\\/\\\/www.samverlen.com\\\/?s={search_term_string}\"},\"query-input\":{\"@type\":\"PropertyValueSpecification\",\"valueRequired\":true,\"valueName\":\"search_term_string\"}}],\"inLanguage\":\"fr-FR\"},{\"@type\":\"Person\",\"@id\":\"https:\\\/\\\/www.samverlen.com\\\/#\\\/schema\\\/person\\\/afebf9a6641e07827cda3c96032f5a3d\",\"name\":\"samverlen\",\"image\":{\"@type\":\"ImageObject\",\"inLanguage\":\"fr-FR\",\"@id\":\"https:\\\/\\\/secure.gravatar.com\\\/avatar\\\/bb71d7c316348923a9c8f09e6ff09f43f1d48a987eff10b4119565e5a4f2ecd9?s=96&d=mm&r=g\",\"url\":\"https:\\\/\\\/secure.gravatar.com\\\/avatar\\\/bb71d7c316348923a9c8f09e6ff09f43f1d48a987eff10b4119565e5a4f2ecd9?s=96&d=mm&r=g\",\"contentUrl\":\"https:\\\/\\\/secure.gravatar.com\\\/avatar\\\/bb71d7c316348923a9c8f09e6ff09f43f1d48a987eff10b4119565e5a4f2ecd9?s=96&d=mm&r=g\",\"caption\":\"samverlen\"}}]}<\/script>\n<!-- \/ Yoast SEO plugin. -->","yoast_head_json":{"title":"\"Petit rockeur\" - livre-cd - Sam Verlen","robots":{"index":"index","follow":"follow","max-snippet":"max-snippet:-1","max-image-preview":"max-image-preview:large","max-video-preview":"max-video-preview:-1"},"canonical":"https:\/\/www.samverlen.com\/index.php\/2022\/06\/02\/petit-rockeur-livre-cd\/","og_locale":"fr_FR","og_type":"article","og_title":"\"Petit rockeur\" - livre-cd - Sam Verlen","og_description":"A l&rsquo;origine, il y a plus de 5 ans, il y avait l&rsquo;envie de Christos de cr\u00e9er un disque de rock&rsquo;n&rsquo;roll pour enfant avec de nombreux compositeurs et interpr\u00e8tes qui se d\u00e9clinerait en spectacle autour de son histoire \u00ab\u00a0Le vilain petit rockeur\u00a0\u00bb. Si ce projet,...","og_url":"https:\/\/www.samverlen.com\/index.php\/2022\/06\/02\/petit-rockeur-livre-cd\/","og_site_name":"Sam Verlen","article_publisher":"https:\/\/www.facebook.com\/sverlen","article_published_time":"2022-06-02T21:07:19+00:00","article_modified_time":"2022-06-02T21:07:22+00:00","og_image":[{"width":2048,"height":2048,"url":"https:\/\/www.samverlen.com\/wp-content\/uploads\/2022\/06\/281576213_685517549162908_190565214305982947_n.jpeg","type":"image\/jpeg"}],"author":"samverlen","twitter_card":"summary_large_image","twitter_creator":"@samverlen","twitter_site":"@samverlen","twitter_misc":{"\u00c9crit par":"samverlen","Dur\u00e9e de lecture estim\u00e9e":"3 minutes"},"schema":{"@context":"https:\/\/schema.org","@graph":[{"@type":"Article","@id":"https:\/\/www.samverlen.com\/index.php\/2022\/06\/02\/petit-rockeur-livre-cd\/#article","isPartOf":{"@id":"https:\/\/www.samverlen.com\/index.php\/2022\/06\/02\/petit-rockeur-livre-cd\/"},"author":{"name":"samverlen","@id":"https:\/\/www.samverlen.com\/#\/schema\/person\/afebf9a6641e07827cda3c96032f5a3d"},"headline":"\u00ab\u00a0Petit rockeur\u00a0\u00bb &#8211; livre-cd","datePublished":"2022-06-02T21:07:19+00:00","dateModified":"2022-06-02T21:07:22+00:00","mainEntityOfPage":{"@id":"https:\/\/www.samverlen.com\/index.php\/2022\/06\/02\/petit-rockeur-livre-cd\/"},"wordCount":397,"commentCount":0,"image":{"@id":"https:\/\/www.samverlen.com\/index.php\/2022\/06\/02\/petit-rockeur-livre-cd\/#primaryimage"},"thumbnailUrl":"https:\/\/www.samverlen.com\/wp-content\/uploads\/2022\/06\/281576213_685517549162908_190565214305982947_n.jpeg","articleSection":["chanson","composition","news"],"inLanguage":"fr-FR","potentialAction":[{"@type":"CommentAction","name":"Comment","target":["https:\/\/www.samverlen.com\/index.php\/2022\/06\/02\/petit-rockeur-livre-cd\/#respond"]}]},{"@type":"WebPage","@id":"https:\/\/www.samverlen.com\/index.php\/2022\/06\/02\/petit-rockeur-livre-cd\/","url":"https:\/\/www.samverlen.com\/index.php\/2022\/06\/02\/petit-rockeur-livre-cd\/","name":"\"Petit rockeur\" - livre-cd - Sam Verlen","isPartOf":{"@id":"https:\/\/www.samverlen.com\/#website"},"primaryImageOfPage":{"@id":"https:\/\/www.samverlen.com\/index.php\/2022\/06\/02\/petit-rockeur-livre-cd\/#primaryimage"},"image":{"@id":"https:\/\/www.samverlen.com\/index.php\/2022\/06\/02\/petit-rockeur-livre-cd\/#primaryimage"},"thumbnailUrl":"https:\/\/www.samverlen.com\/wp-content\/uploads\/2022\/06\/281576213_685517549162908_190565214305982947_n.jpeg","datePublished":"2022-06-02T21:07:19+00:00","dateModified":"2022-06-02T21:07:22+00:00","author":{"@id":"https:\/\/www.samverlen.com\/#\/schema\/person\/afebf9a6641e07827cda3c96032f5a3d"},"breadcrumb":{"@id":"https:\/\/www.samverlen.com\/index.php\/2022\/06\/02\/petit-rockeur-livre-cd\/#breadcrumb"},"inLanguage":"fr-FR","potentialAction":[{"@type":"ReadAction","target":["https:\/\/www.samverlen.com\/index.php\/2022\/06\/02\/petit-rockeur-livre-cd\/"]}]},{"@type":"ImageObject","inLanguage":"fr-FR","@id":"https:\/\/www.samverlen.com\/index.php\/2022\/06\/02\/petit-rockeur-livre-cd\/#primaryimage","url":"https:\/\/www.samverlen.com\/wp-content\/uploads\/2022\/06\/281576213_685517549162908_190565214305982947_n.jpeg","contentUrl":"https:\/\/www.samverlen.com\/wp-content\/uploads\/2022\/06\/281576213_685517549162908_190565214305982947_n.jpeg","width":2048,"height":2048},{"@type":"BreadcrumbList","@id":"https:\/\/www.samverlen.com\/index.php\/2022\/06\/02\/petit-rockeur-livre-cd\/#breadcrumb","itemListElement":[{"@type":"ListItem","position":1,"name":"Accueil","item":"https:\/\/www.samverlen.com\/"},{"@type":"ListItem","position":2,"name":"\u00ab\u00a0Petit rockeur\u00a0\u00bb &#8211; livre-cd"}]},{"@type":"WebSite","@id":"https:\/\/www.samverlen.com\/#website","url":"https:\/\/www.samverlen.com\/","name":"Sam Verlen","description":"Chercheur de po\u00e9sie sonore \/\/ Compositeur, musicien","potentialAction":[{"@type":"SearchAction","target":{"@type":"EntryPoint","urlTemplate":"https:\/\/www.samverlen.com\/?s={search_term_string}"},"query-input":{"@type":"PropertyValueSpecification","valueRequired":true,"valueName":"search_term_string"}}],"inLanguage":"fr-FR"},{"@type":"Person","@id":"https:\/\/www.samverlen.com\/#\/schema\/person\/afebf9a6641e07827cda3c96032f5a3d","name":"samverlen","image":{"@type":"ImageObject","inLanguage":"fr-FR","@id":"https:\/\/secure.gravatar.com\/avatar\/bb71d7c316348923a9c8f09e6ff09f43f1d48a987eff10b4119565e5a4f2ecd9?s=96&d=mm&r=g","url":"https:\/\/secure.gravatar.com\/avatar\/bb71d7c316348923a9c8f09e6ff09f43f1d48a987eff10b4119565e5a4f2ecd9?s=96&d=mm&r=g","contentUrl":"https:\/\/secure.gravatar.com\/avatar\/bb71d7c316348923a9c8f09e6ff09f43f1d48a987eff10b4119565e5a4f2ecd9?s=96&d=mm&r=g","caption":"samverlen"}}]}},"_links":{"self":[{"href":"https:\/\/www.samverlen.com\/index.php\/wp-json\/wp\/v2\/posts\/1709","targetHints":{"allow":["GET"]}}],"collection":[{"href":"https:\/\/www.samverlen.com\/index.php\/wp-json\/wp\/v2\/posts"}],"about":[{"href":"https:\/\/www.samverlen.com\/index.php\/wp-json\/wp\/v2\/types\/post"}],"author":[{"embeddable":true,"href":"https:\/\/www.samverlen.com\/index.php\/wp-json\/wp\/v2\/users\/1"}],"replies":[{"embeddable":true,"href":"https:\/\/www.samverlen.com\/index.php\/wp-json\/wp\/v2\/comments?post=1709"}],"version-history":[{"count":1,"href":"https:\/\/www.samverlen.com\/index.php\/wp-json\/wp\/v2\/posts\/1709\/revisions"}],"predecessor-version":[{"id":1713,"href":"https:\/\/www.samverlen.com\/index.php\/wp-json\/wp\/v2\/posts\/1709\/revisions\/1713"}],"wp:featuredmedia":[{"embeddable":true,"href":"https:\/\/www.samverlen.com\/index.php\/wp-json\/wp\/v2\/media\/1712"}],"wp:attachment":[{"href":"https:\/\/www.samverlen.com\/index.php\/wp-json\/wp\/v2\/media?parent=1709"}],"wp:term":[{"taxonomy":"category","embeddable":true,"href":"https:\/\/www.samverlen.com\/index.php\/wp-json\/wp\/v2\/categories?post=1709"},{"taxonomy":"post_tag","embeddable":true,"href":"https:\/\/www.samverlen.com\/index.php\/wp-json\/wp\/v2\/tags?post=1709"}],"curies":[{"name":"wp","href":"https:\/\/api.w.org\/{rel}","templated":true}]}}