{"id":1756,"date":"2022-12-15T09:12:00","date_gmt":"2022-12-15T08:12:00","guid":{"rendered":"https:\/\/www.samverlen.com\/?p=1756"},"modified":"2023-01-15T12:15:35","modified_gmt":"2023-01-15T11:15:35","slug":"grande-et-petite-forme-pour-lhomme-montagne","status":"publish","type":"post","link":"https:\/\/www.samverlen.com\/index.php\/2022\/12\/15\/grande-et-petite-forme-pour-lhomme-montagne\/","title":{"rendered":"\u00ab\u00a0Grande et petite\u00a0\u00bb forme pour L&rsquo;homme montagne"},"content":{"rendered":"\n<h2 class=\"wp-block-heading\">En grande forme !<\/h2>\n\n\n\n<p>Fin-Septembre 2022, nous \u00e9tions en r\u00e9sidence au Grand Logis \u00e0 Bruz pour affiner avec Fran\u00e7ois Marsollier la cr\u00e9ation lumi\u00e8re pour plateaux \u00e9quip\u00e9s de ma BD-concert <a href=\"https:\/\/www.samverlen.com\/index.php\/2022\/03\/16\/lhomme-montag\" target=\"_blank\" rel=\"noreferrer noopener\">\u00ab\u00a0L&rsquo;homme montagne\u00a0\u00bb<\/a>. Une belle mise en valeur de chaque espace, deux lumi\u00e8res automatiques pour amener mouvement et dynamique adapt\u00e9e \u00e0 chaque chanson.<br>Voici quelques photos de cette \u00ab\u00a0grande\u00a0\u00bb forme prises au Grand Logis \u00e0 Bruz r\u00e9alis\u00e9es par Johann Menier (\u00a9) et l&rsquo;\u00e9quipe de photographes amateurs de BruzKromatik:<\/p>\n\n\n\n<p><\/p>\n\n\n\n<figure class=\"wp-block-gallery has-nested-images columns-default is-cropped wp-block-gallery-1 is-layout-flex wp-block-gallery-is-layout-flex\">\n<figure class=\"wp-block-image size-large\"><img loading=\"lazy\" decoding=\"async\" width=\"819\" height=\"1024\" data-id=\"1773\" src=\"https:\/\/www.samverlen.com\/wp-content\/uploads\/2023\/01\/20221130_CHEVAL-O_01_HD-819x1024.jpg\" alt=\"\" class=\"wp-image-1773\" srcset=\"https:\/\/www.samverlen.com\/wp-content\/uploads\/2023\/01\/20221130_CHEVAL-O_01_HD-819x1024.jpg 819w, https:\/\/www.samverlen.com\/wp-content\/uploads\/2023\/01\/20221130_CHEVAL-O_01_HD-240x300.jpg 240w, https:\/\/www.samverlen.com\/wp-content\/uploads\/2023\/01\/20221130_CHEVAL-O_01_HD-768x960.jpg 768w, https:\/\/www.samverlen.com\/wp-content\/uploads\/2023\/01\/20221130_CHEVAL-O_01_HD-700x875.jpg 700w, https:\/\/www.samverlen.com\/wp-content\/uploads\/2023\/01\/20221130_CHEVAL-O_01_HD.jpg 1000w\" sizes=\"auto, (max-width: 819px) 100vw, 819px\" \/><\/figure>\n\n\n\n<figure class=\"wp-block-image size-large\"><img loading=\"lazy\" decoding=\"async\" width=\"1000\" height=\"800\" data-id=\"1762\" src=\"https:\/\/www.samverlen.com\/wp-content\/uploads\/2023\/01\/20221130_RAGUIN-F_07hd.jpg\" alt=\"\" class=\"wp-image-1762\" srcset=\"https:\/\/www.samverlen.com\/wp-content\/uploads\/2023\/01\/20221130_RAGUIN-F_07hd.jpg 1000w, https:\/\/www.samverlen.com\/wp-content\/uploads\/2023\/01\/20221130_RAGUIN-F_07hd-300x240.jpg 300w, https:\/\/www.samverlen.com\/wp-content\/uploads\/2023\/01\/20221130_RAGUIN-F_07hd-768x614.jpg 768w, https:\/\/www.samverlen.com\/wp-content\/uploads\/2023\/01\/20221130_RAGUIN-F_07hd-700x560.jpg 700w\" sizes=\"auto, (max-width: 1000px) 100vw, 1000px\" \/><\/figure>\n\n\n\n<figure class=\"wp-block-image size-large\"><img loading=\"lazy\" decoding=\"async\" width=\"1000\" height=\"800\" data-id=\"1768\" src=\"https:\/\/www.samverlen.com\/wp-content\/uploads\/2023\/01\/20221130_RAGUIN-F_08hd.jpg\" alt=\"\" class=\"wp-image-1768\" srcset=\"https:\/\/www.samverlen.com\/wp-content\/uploads\/2023\/01\/20221130_RAGUIN-F_08hd.jpg 1000w, https:\/\/www.samverlen.com\/wp-content\/uploads\/2023\/01\/20221130_RAGUIN-F_08hd-300x240.jpg 300w, https:\/\/www.samverlen.com\/wp-content\/uploads\/2023\/01\/20221130_RAGUIN-F_08hd-768x614.jpg 768w, https:\/\/www.samverlen.com\/wp-content\/uploads\/2023\/01\/20221130_RAGUIN-F_08hd-700x560.jpg 700w\" sizes=\"auto, (max-width: 1000px) 100vw, 1000px\" \/><\/figure>\n\n\n\n<figure class=\"wp-block-image size-large\"><img loading=\"lazy\" decoding=\"async\" width=\"1000\" height=\"667\" data-id=\"1765\" src=\"https:\/\/www.samverlen.com\/wp-content\/uploads\/2023\/01\/HM-GrandLogis-10.jpg\" alt=\"\" class=\"wp-image-1765\" srcset=\"https:\/\/www.samverlen.com\/wp-content\/uploads\/2023\/01\/HM-GrandLogis-10.jpg 1000w, https:\/\/www.samverlen.com\/wp-content\/uploads\/2023\/01\/HM-GrandLogis-10-300x200.jpg 300w, https:\/\/www.samverlen.com\/wp-content\/uploads\/2023\/01\/HM-GrandLogis-10-768x512.jpg 768w, https:\/\/www.samverlen.com\/wp-content\/uploads\/2023\/01\/HM-GrandLogis-10-700x467.jpg 700w\" sizes=\"auto, (max-width: 1000px) 100vw, 1000px\" \/><\/figure>\n\n\n\n<figure class=\"wp-block-image size-large\"><img loading=\"lazy\" decoding=\"async\" width=\"683\" height=\"1024\" data-id=\"1771\" src=\"https:\/\/www.samverlen.com\/wp-content\/uploads\/2023\/01\/HM-GrandLogis-12-683x1024.jpg\" alt=\"\" class=\"wp-image-1771\" srcset=\"https:\/\/www.samverlen.com\/wp-content\/uploads\/2023\/01\/HM-GrandLogis-12-683x1024.jpg 683w, https:\/\/www.samverlen.com\/wp-content\/uploads\/2023\/01\/HM-GrandLogis-12-200x300.jpg 200w, https:\/\/www.samverlen.com\/wp-content\/uploads\/2023\/01\/HM-GrandLogis-12-768x1152.jpg 768w, https:\/\/www.samverlen.com\/wp-content\/uploads\/2023\/01\/HM-GrandLogis-12-700x1050.jpg 700w, https:\/\/www.samverlen.com\/wp-content\/uploads\/2023\/01\/HM-GrandLogis-12.jpg 1000w\" sizes=\"auto, (max-width: 683px) 100vw, 683px\" \/><\/figure>\n\n\n\n<figure class=\"wp-block-image size-large\"><img loading=\"lazy\" decoding=\"async\" width=\"1000\" height=\"667\" data-id=\"1772\" src=\"https:\/\/www.samverlen.com\/wp-content\/uploads\/2023\/01\/HM-GrandLogis-14.jpg\" alt=\"\" class=\"wp-image-1772\" srcset=\"https:\/\/www.samverlen.com\/wp-content\/uploads\/2023\/01\/HM-GrandLogis-14.jpg 1000w, https:\/\/www.samverlen.com\/wp-content\/uploads\/2023\/01\/HM-GrandLogis-14-300x200.jpg 300w, https:\/\/www.samverlen.com\/wp-content\/uploads\/2023\/01\/HM-GrandLogis-14-768x512.jpg 768w, https:\/\/www.samverlen.com\/wp-content\/uploads\/2023\/01\/HM-GrandLogis-14-700x467.jpg 700w\" sizes=\"auto, (max-width: 1000px) 100vw, 1000px\" \/><\/figure>\n\n\n\n<figure class=\"wp-block-image size-large\"><img loading=\"lazy\" decoding=\"async\" width=\"1000\" height=\"667\" data-id=\"1766\" src=\"https:\/\/www.samverlen.com\/wp-content\/uploads\/2023\/01\/HM-GrandLogis-16.jpg\" alt=\"\" class=\"wp-image-1766\" srcset=\"https:\/\/www.samverlen.com\/wp-content\/uploads\/2023\/01\/HM-GrandLogis-16.jpg 1000w, https:\/\/www.samverlen.com\/wp-content\/uploads\/2023\/01\/HM-GrandLogis-16-300x200.jpg 300w, https:\/\/www.samverlen.com\/wp-content\/uploads\/2023\/01\/HM-GrandLogis-16-768x512.jpg 768w, https:\/\/www.samverlen.com\/wp-content\/uploads\/2023\/01\/HM-GrandLogis-16-700x467.jpg 700w\" sizes=\"auto, (max-width: 1000px) 100vw, 1000px\" \/><\/figure>\n\n\n\n<figure class=\"wp-block-image size-large\"><img loading=\"lazy\" decoding=\"async\" width=\"1000\" height=\"667\" data-id=\"1767\" src=\"https:\/\/www.samverlen.com\/wp-content\/uploads\/2023\/01\/HM-GrandLogis-19.jpg\" alt=\"\" class=\"wp-image-1767\" srcset=\"https:\/\/www.samverlen.com\/wp-content\/uploads\/2023\/01\/HM-GrandLogis-19.jpg 1000w, https:\/\/www.samverlen.com\/wp-content\/uploads\/2023\/01\/HM-GrandLogis-19-300x200.jpg 300w, https:\/\/www.samverlen.com\/wp-content\/uploads\/2023\/01\/HM-GrandLogis-19-768x512.jpg 768w, https:\/\/www.samverlen.com\/wp-content\/uploads\/2023\/01\/HM-GrandLogis-19-700x467.jpg 700w\" sizes=\"auto, (max-width: 1000px) 100vw, 1000px\" \/><\/figure>\n\n\n\n<figure class=\"wp-block-image size-large\"><img loading=\"lazy\" decoding=\"async\" width=\"1000\" height=\"667\" data-id=\"1770\" src=\"https:\/\/www.samverlen.com\/wp-content\/uploads\/2023\/01\/HM-GrandLogis-21.jpg\" alt=\"\" class=\"wp-image-1770\" srcset=\"https:\/\/www.samverlen.com\/wp-content\/uploads\/2023\/01\/HM-GrandLogis-21.jpg 1000w, https:\/\/www.samverlen.com\/wp-content\/uploads\/2023\/01\/HM-GrandLogis-21-300x200.jpg 300w, https:\/\/www.samverlen.com\/wp-content\/uploads\/2023\/01\/HM-GrandLogis-21-768x512.jpg 768w, https:\/\/www.samverlen.com\/wp-content\/uploads\/2023\/01\/HM-GrandLogis-21-700x467.jpg 700w\" sizes=\"auto, (max-width: 1000px) 100vw, 1000px\" \/><\/figure>\n\n\n\n<figure class=\"wp-block-image size-large\"><img loading=\"lazy\" decoding=\"async\" width=\"1000\" height=\"667\" data-id=\"1763\" src=\"https:\/\/www.samverlen.com\/wp-content\/uploads\/2023\/01\/HM-GrandLogis-22.jpg\" alt=\"\" class=\"wp-image-1763\" srcset=\"https:\/\/www.samverlen.com\/wp-content\/uploads\/2023\/01\/HM-GrandLogis-22.jpg 1000w, https:\/\/www.samverlen.com\/wp-content\/uploads\/2023\/01\/HM-GrandLogis-22-300x200.jpg 300w, https:\/\/www.samverlen.com\/wp-content\/uploads\/2023\/01\/HM-GrandLogis-22-768x512.jpg 768w, https:\/\/www.samverlen.com\/wp-content\/uploads\/2023\/01\/HM-GrandLogis-22-700x467.jpg 700w\" sizes=\"auto, (max-width: 1000px) 100vw, 1000px\" \/><\/figure>\n\n\n\n<figure class=\"wp-block-image size-large\"><img loading=\"lazy\" decoding=\"async\" width=\"1000\" height=\"667\" data-id=\"1764\" src=\"https:\/\/www.samverlen.com\/wp-content\/uploads\/2023\/01\/HM-GrandLogis-24.jpg\" alt=\"\" class=\"wp-image-1764\" srcset=\"https:\/\/www.samverlen.com\/wp-content\/uploads\/2023\/01\/HM-GrandLogis-24.jpg 1000w, https:\/\/www.samverlen.com\/wp-content\/uploads\/2023\/01\/HM-GrandLogis-24-300x200.jpg 300w, https:\/\/www.samverlen.com\/wp-content\/uploads\/2023\/01\/HM-GrandLogis-24-768x512.jpg 768w, https:\/\/www.samverlen.com\/wp-content\/uploads\/2023\/01\/HM-GrandLogis-24-700x467.jpg 700w\" sizes=\"auto, (max-width: 1000px) 100vw, 1000px\" \/><\/figure>\n\n\n\n<figure class=\"wp-block-image size-large\"><img loading=\"lazy\" decoding=\"async\" width=\"1000\" height=\"667\" data-id=\"1774\" src=\"https:\/\/www.samverlen.com\/wp-content\/uploads\/2023\/01\/HM-GrandLogis-28-1.jpg\" alt=\"\" class=\"wp-image-1774\" srcset=\"https:\/\/www.samverlen.com\/wp-content\/uploads\/2023\/01\/HM-GrandLogis-28-1.jpg 1000w, https:\/\/www.samverlen.com\/wp-content\/uploads\/2023\/01\/HM-GrandLogis-28-1-300x200.jpg 300w, https:\/\/www.samverlen.com\/wp-content\/uploads\/2023\/01\/HM-GrandLogis-28-1-768x512.jpg 768w, https:\/\/www.samverlen.com\/wp-content\/uploads\/2023\/01\/HM-GrandLogis-28-1-700x467.jpg 700w\" sizes=\"auto, (max-width: 1000px) 100vw, 1000px\" \/><\/figure>\n<\/figure>\n\n\n\n<h2 class=\"wp-block-heading\">Une adaptation pour les petits lieux non-\u00e9quip\u00e9s<\/h2>\n\n\n\n<p>Adapt\u00e9 ce spectacle assez lourd techniquement (et qui s&rsquo;\u00e9tale ais\u00e9ment sur un plateau de 10m d&rsquo;ouverture) en un spectacle autonome techniquement (en son et lumi\u00e8re) pouvant jouer sur un plateau de 4mx4m a \u00e9t\u00e9 un vrai d\u00e9fi. Mais vous me connaissez, j&rsquo;adore les d\u00e9fis et avec Virginie Guilluy (au regard ext\u00e9rieur) nous avons travaill\u00e9 \u00e0 la fa\u00e7on d&rsquo;adapter le spectacle, de d\u00e9finir les automates \u00e0 conserver et leur emplacements. Et nous avons r\u00e9ussi : la premi\u00e8re a eu lieu le 14 D\u00e9cembre \u00e0 la p\u00e9niche spectacle de Rennes !<br>Un \u00e9cran sp\u00e9cifique en forme de montagne a \u00e9t\u00e9 cr\u00e9\u00e9 sur lequel on vient faire la projection vid\u00e9o en mapping.<\/p>\n\n\n\n<p>Voici des photos de Virginie Guilluy pour vous donner une id\u00e9e du rendu \u00e0 la p\u00e9niche spectacle : <\/p>\n\n\n\n<figure class=\"wp-block-image size-large\"><img loading=\"lazy\" decoding=\"async\" width=\"1024\" height=\"461\" src=\"https:\/\/www.samverlen.com\/wp-content\/uploads\/2023\/01\/HM2-1024x461.jpeg\" alt=\"\" class=\"wp-image-1758\" srcset=\"https:\/\/www.samverlen.com\/wp-content\/uploads\/2023\/01\/HM2-1024x461.jpeg 1024w, https:\/\/www.samverlen.com\/wp-content\/uploads\/2023\/01\/HM2-300x135.jpeg 300w, https:\/\/www.samverlen.com\/wp-content\/uploads\/2023\/01\/HM2-768x346.jpeg 768w, https:\/\/www.samverlen.com\/wp-content\/uploads\/2023\/01\/HM2-1536x691.jpeg 1536w, https:\/\/www.samverlen.com\/wp-content\/uploads\/2023\/01\/HM2-2048x922.jpeg 2048w, https:\/\/www.samverlen.com\/wp-content\/uploads\/2023\/01\/HM2-700x315.jpeg 700w\" sizes=\"auto, (max-width: 1024px) 100vw, 1024px\" \/><\/figure>\n\n\n\n<figure class=\"wp-block-image size-large\"><img loading=\"lazy\" decoding=\"async\" width=\"591\" height=\"1024\" src=\"https:\/\/www.samverlen.com\/wp-content\/uploads\/2023\/01\/HM1-591x1024.jpeg\" alt=\"\" class=\"wp-image-1759\" srcset=\"https:\/\/www.samverlen.com\/wp-content\/uploads\/2023\/01\/HM1-591x1024.jpeg 591w, https:\/\/www.samverlen.com\/wp-content\/uploads\/2023\/01\/HM1-173x300.jpeg 173w, https:\/\/www.samverlen.com\/wp-content\/uploads\/2023\/01\/HM1-768x1331.jpeg 768w, https:\/\/www.samverlen.com\/wp-content\/uploads\/2023\/01\/HM1-886x1536.jpeg 886w, https:\/\/www.samverlen.com\/wp-content\/uploads\/2023\/01\/HM1-1181x2048.jpeg 1181w, https:\/\/www.samverlen.com\/wp-content\/uploads\/2023\/01\/HM1-700x1214.jpeg 700w, https:\/\/www.samverlen.com\/wp-content\/uploads\/2023\/01\/HM1-scaled.jpeg 1477w\" sizes=\"auto, (max-width: 591px) 100vw, 591px\" \/><\/figure>\n<p><\/p>","protected":false},"excerpt":{"rendered":"<p>En grande forme ! Fin-Septembre 2022, nous \u00e9tions en r\u00e9sidence au Grand Logis \u00e0 Bruz pour affiner avec Fran\u00e7ois Marsollier la cr\u00e9ation lumi\u00e8re pour plateaux \u00e9quip\u00e9s de ma BD-concert \u00ab\u00a0L&rsquo;homme montagne\u00a0\u00bb. Une belle mise en valeur de chaque espace, deux lumi\u00e8res automatiques pour amener mouvement&#8230;<\/p>\n","protected":false},"author":1,"featured_media":1759,"comment_status":"open","ping_status":"open","sticky":false,"template":"","format":"standard","meta":{"_et_pb_use_builder":"","_et_pb_old_content":"","_et_gb_content_width":"","footnotes":""},"categories":[5],"tags":[],"class_list":["post-1756","post","type-post","status-publish","format-standard","has-post-thumbnail","hentry","category-news"],"yoast_head":"<!-- This site is optimized with the Yoast SEO plugin v27.5 - https:\/\/yoast.com\/product\/yoast-seo-wordpress\/ -->\n<title>&quot;Grande et petite&quot; forme pour L&#039;homme montagne - Sam Verlen<\/title>\n<meta name=\"robots\" content=\"index, follow, max-snippet:-1, max-image-preview:large, max-video-preview:-1\" \/>\n<link rel=\"canonical\" href=\"https:\/\/www.samverlen.com\/index.php\/2022\/12\/15\/grande-et-petite-forme-pour-lhomme-montagne\/\" \/>\n<meta property=\"og:locale\" content=\"fr_FR\" \/>\n<meta property=\"og:type\" content=\"article\" \/>\n<meta property=\"og:title\" content=\"&quot;Grande et petite&quot; forme pour L&#039;homme montagne - Sam Verlen\" \/>\n<meta property=\"og:description\" content=\"En grande forme ! Fin-Septembre 2022, nous \u00e9tions en r\u00e9sidence au Grand Logis \u00e0 Bruz pour affiner avec Fran\u00e7ois Marsollier la cr\u00e9ation lumi\u00e8re pour plateaux \u00e9quip\u00e9s de ma BD-concert \u00ab\u00a0L&rsquo;homme montagne\u00a0\u00bb. Une belle mise en valeur de chaque espace, deux lumi\u00e8res automatiques pour amener mouvement...\" \/>\n<meta property=\"og:url\" content=\"https:\/\/www.samverlen.com\/index.php\/2022\/12\/15\/grande-et-petite-forme-pour-lhomme-montagne\/\" \/>\n<meta property=\"og:site_name\" content=\"Sam Verlen\" \/>\n<meta property=\"article:publisher\" content=\"https:\/\/www.facebook.com\/sverlen\" \/>\n<meta property=\"article:published_time\" content=\"2022-12-15T08:12:00+00:00\" \/>\n<meta property=\"article:modified_time\" content=\"2023-01-15T11:15:35+00:00\" \/>\n<meta property=\"og:image\" content=\"https:\/\/www.samverlen.com\/wp-content\/uploads\/2023\/01\/HM1-scaled.jpeg\" \/>\n\t<meta property=\"og:image:width\" content=\"1477\" \/>\n\t<meta property=\"og:image:height\" content=\"2560\" \/>\n\t<meta property=\"og:image:type\" content=\"image\/jpeg\" \/>\n<meta name=\"author\" content=\"samverlen\" \/>\n<meta name=\"twitter:card\" content=\"summary_large_image\" \/>\n<meta name=\"twitter:creator\" content=\"@samverlen\" \/>\n<meta name=\"twitter:site\" content=\"@samverlen\" \/>\n<meta name=\"twitter:label1\" content=\"\u00c9crit par\" \/>\n\t<meta name=\"twitter:data1\" content=\"samverlen\" \/>\n\t<meta name=\"twitter:label2\" content=\"Dur\u00e9e de lecture estim\u00e9e\" \/>\n\t<meta name=\"twitter:data2\" content=\"4 minutes\" \/>\n<script type=\"application\/ld+json\" class=\"yoast-schema-graph\">{\"@context\":\"https:\\\/\\\/schema.org\",\"@graph\":[{\"@type\":\"Article\",\"@id\":\"https:\\\/\\\/www.samverlen.com\\\/index.php\\\/2022\\\/12\\\/15\\\/grande-et-petite-forme-pour-lhomme-montagne\\\/#article\",\"isPartOf\":{\"@id\":\"https:\\\/\\\/www.samverlen.com\\\/index.php\\\/2022\\\/12\\\/15\\\/grande-et-petite-forme-pour-lhomme-montagne\\\/\"},\"author\":{\"name\":\"samverlen\",\"@id\":\"https:\\\/\\\/www.samverlen.com\\\/#\\\/schema\\\/person\\\/afebf9a6641e07827cda3c96032f5a3d\"},\"headline\":\"\u00ab\u00a0Grande et petite\u00a0\u00bb forme pour L&rsquo;homme montagne\",\"datePublished\":\"2022-12-15T08:12:00+00:00\",\"dateModified\":\"2023-01-15T11:15:35+00:00\",\"mainEntityOfPage\":{\"@id\":\"https:\\\/\\\/www.samverlen.com\\\/index.php\\\/2022\\\/12\\\/15\\\/grande-et-petite-forme-pour-lhomme-montagne\\\/\"},\"wordCount\":232,\"commentCount\":0,\"image\":{\"@id\":\"https:\\\/\\\/www.samverlen.com\\\/index.php\\\/2022\\\/12\\\/15\\\/grande-et-petite-forme-pour-lhomme-montagne\\\/#primaryimage\"},\"thumbnailUrl\":\"https:\\\/\\\/www.samverlen.com\\\/wp-content\\\/uploads\\\/2023\\\/01\\\/HM1-scaled.jpeg\",\"articleSection\":[\"news\"],\"inLanguage\":\"fr-FR\",\"potentialAction\":[{\"@type\":\"CommentAction\",\"name\":\"Comment\",\"target\":[\"https:\\\/\\\/www.samverlen.com\\\/index.php\\\/2022\\\/12\\\/15\\\/grande-et-petite-forme-pour-lhomme-montagne\\\/#respond\"]}]},{\"@type\":\"WebPage\",\"@id\":\"https:\\\/\\\/www.samverlen.com\\\/index.php\\\/2022\\\/12\\\/15\\\/grande-et-petite-forme-pour-lhomme-montagne\\\/\",\"url\":\"https:\\\/\\\/www.samverlen.com\\\/index.php\\\/2022\\\/12\\\/15\\\/grande-et-petite-forme-pour-lhomme-montagne\\\/\",\"name\":\"\\\"Grande et petite\\\" forme pour L'homme montagne - Sam Verlen\",\"isPartOf\":{\"@id\":\"https:\\\/\\\/www.samverlen.com\\\/#website\"},\"primaryImageOfPage\":{\"@id\":\"https:\\\/\\\/www.samverlen.com\\\/index.php\\\/2022\\\/12\\\/15\\\/grande-et-petite-forme-pour-lhomme-montagne\\\/#primaryimage\"},\"image\":{\"@id\":\"https:\\\/\\\/www.samverlen.com\\\/index.php\\\/2022\\\/12\\\/15\\\/grande-et-petite-forme-pour-lhomme-montagne\\\/#primaryimage\"},\"thumbnailUrl\":\"https:\\\/\\\/www.samverlen.com\\\/wp-content\\\/uploads\\\/2023\\\/01\\\/HM1-scaled.jpeg\",\"datePublished\":\"2022-12-15T08:12:00+00:00\",\"dateModified\":\"2023-01-15T11:15:35+00:00\",\"author\":{\"@id\":\"https:\\\/\\\/www.samverlen.com\\\/#\\\/schema\\\/person\\\/afebf9a6641e07827cda3c96032f5a3d\"},\"breadcrumb\":{\"@id\":\"https:\\\/\\\/www.samverlen.com\\\/index.php\\\/2022\\\/12\\\/15\\\/grande-et-petite-forme-pour-lhomme-montagne\\\/#breadcrumb\"},\"inLanguage\":\"fr-FR\",\"potentialAction\":[{\"@type\":\"ReadAction\",\"target\":[\"https:\\\/\\\/www.samverlen.com\\\/index.php\\\/2022\\\/12\\\/15\\\/grande-et-petite-forme-pour-lhomme-montagne\\\/\"]}]},{\"@type\":\"ImageObject\",\"inLanguage\":\"fr-FR\",\"@id\":\"https:\\\/\\\/www.samverlen.com\\\/index.php\\\/2022\\\/12\\\/15\\\/grande-et-petite-forme-pour-lhomme-montagne\\\/#primaryimage\",\"url\":\"https:\\\/\\\/www.samverlen.com\\\/wp-content\\\/uploads\\\/2023\\\/01\\\/HM1-scaled.jpeg\",\"contentUrl\":\"https:\\\/\\\/www.samverlen.com\\\/wp-content\\\/uploads\\\/2023\\\/01\\\/HM1-scaled.jpeg\",\"width\":1477,\"height\":2560},{\"@type\":\"BreadcrumbList\",\"@id\":\"https:\\\/\\\/www.samverlen.com\\\/index.php\\\/2022\\\/12\\\/15\\\/grande-et-petite-forme-pour-lhomme-montagne\\\/#breadcrumb\",\"itemListElement\":[{\"@type\":\"ListItem\",\"position\":1,\"name\":\"Accueil\",\"item\":\"https:\\\/\\\/www.samverlen.com\\\/\"},{\"@type\":\"ListItem\",\"position\":2,\"name\":\"\u00ab\u00a0Grande et petite\u00a0\u00bb forme pour L&rsquo;homme montagne\"}]},{\"@type\":\"WebSite\",\"@id\":\"https:\\\/\\\/www.samverlen.com\\\/#website\",\"url\":\"https:\\\/\\\/www.samverlen.com\\\/\",\"name\":\"Sam Verlen\",\"description\":\"Chercheur de po\u00e9sie sonore \\\/\\\/ Compositeur, musicien\",\"potentialAction\":[{\"@type\":\"SearchAction\",\"target\":{\"@type\":\"EntryPoint\",\"urlTemplate\":\"https:\\\/\\\/www.samverlen.com\\\/?s={search_term_string}\"},\"query-input\":{\"@type\":\"PropertyValueSpecification\",\"valueRequired\":true,\"valueName\":\"search_term_string\"}}],\"inLanguage\":\"fr-FR\"},{\"@type\":\"Person\",\"@id\":\"https:\\\/\\\/www.samverlen.com\\\/#\\\/schema\\\/person\\\/afebf9a6641e07827cda3c96032f5a3d\",\"name\":\"samverlen\",\"image\":{\"@type\":\"ImageObject\",\"inLanguage\":\"fr-FR\",\"@id\":\"https:\\\/\\\/secure.gravatar.com\\\/avatar\\\/bb71d7c316348923a9c8f09e6ff09f43f1d48a987eff10b4119565e5a4f2ecd9?s=96&d=mm&r=g\",\"url\":\"https:\\\/\\\/secure.gravatar.com\\\/avatar\\\/bb71d7c316348923a9c8f09e6ff09f43f1d48a987eff10b4119565e5a4f2ecd9?s=96&d=mm&r=g\",\"contentUrl\":\"https:\\\/\\\/secure.gravatar.com\\\/avatar\\\/bb71d7c316348923a9c8f09e6ff09f43f1d48a987eff10b4119565e5a4f2ecd9?s=96&d=mm&r=g\",\"caption\":\"samverlen\"}}]}<\/script>\n<!-- \/ Yoast SEO plugin. -->","yoast_head_json":{"title":"\"Grande et petite\" forme pour L'homme montagne - Sam Verlen","robots":{"index":"index","follow":"follow","max-snippet":"max-snippet:-1","max-image-preview":"max-image-preview:large","max-video-preview":"max-video-preview:-1"},"canonical":"https:\/\/www.samverlen.com\/index.php\/2022\/12\/15\/grande-et-petite-forme-pour-lhomme-montagne\/","og_locale":"fr_FR","og_type":"article","og_title":"\"Grande et petite\" forme pour L'homme montagne - Sam Verlen","og_description":"En grande forme ! Fin-Septembre 2022, nous \u00e9tions en r\u00e9sidence au Grand Logis \u00e0 Bruz pour affiner avec Fran\u00e7ois Marsollier la cr\u00e9ation lumi\u00e8re pour plateaux \u00e9quip\u00e9s de ma BD-concert \u00ab\u00a0L&rsquo;homme montagne\u00a0\u00bb. Une belle mise en valeur de chaque espace, deux lumi\u00e8res automatiques pour amener mouvement...","og_url":"https:\/\/www.samverlen.com\/index.php\/2022\/12\/15\/grande-et-petite-forme-pour-lhomme-montagne\/","og_site_name":"Sam Verlen","article_publisher":"https:\/\/www.facebook.com\/sverlen","article_published_time":"2022-12-15T08:12:00+00:00","article_modified_time":"2023-01-15T11:15:35+00:00","og_image":[{"width":1477,"height":2560,"url":"https:\/\/www.samverlen.com\/wp-content\/uploads\/2023\/01\/HM1-scaled.jpeg","type":"image\/jpeg"}],"author":"samverlen","twitter_card":"summary_large_image","twitter_creator":"@samverlen","twitter_site":"@samverlen","twitter_misc":{"\u00c9crit par":"samverlen","Dur\u00e9e de lecture estim\u00e9e":"4 minutes"},"schema":{"@context":"https:\/\/schema.org","@graph":[{"@type":"Article","@id":"https:\/\/www.samverlen.com\/index.php\/2022\/12\/15\/grande-et-petite-forme-pour-lhomme-montagne\/#article","isPartOf":{"@id":"https:\/\/www.samverlen.com\/index.php\/2022\/12\/15\/grande-et-petite-forme-pour-lhomme-montagne\/"},"author":{"name":"samverlen","@id":"https:\/\/www.samverlen.com\/#\/schema\/person\/afebf9a6641e07827cda3c96032f5a3d"},"headline":"\u00ab\u00a0Grande et petite\u00a0\u00bb forme pour L&rsquo;homme montagne","datePublished":"2022-12-15T08:12:00+00:00","dateModified":"2023-01-15T11:15:35+00:00","mainEntityOfPage":{"@id":"https:\/\/www.samverlen.com\/index.php\/2022\/12\/15\/grande-et-petite-forme-pour-lhomme-montagne\/"},"wordCount":232,"commentCount":0,"image":{"@id":"https:\/\/www.samverlen.com\/index.php\/2022\/12\/15\/grande-et-petite-forme-pour-lhomme-montagne\/#primaryimage"},"thumbnailUrl":"https:\/\/www.samverlen.com\/wp-content\/uploads\/2023\/01\/HM1-scaled.jpeg","articleSection":["news"],"inLanguage":"fr-FR","potentialAction":[{"@type":"CommentAction","name":"Comment","target":["https:\/\/www.samverlen.com\/index.php\/2022\/12\/15\/grande-et-petite-forme-pour-lhomme-montagne\/#respond"]}]},{"@type":"WebPage","@id":"https:\/\/www.samverlen.com\/index.php\/2022\/12\/15\/grande-et-petite-forme-pour-lhomme-montagne\/","url":"https:\/\/www.samverlen.com\/index.php\/2022\/12\/15\/grande-et-petite-forme-pour-lhomme-montagne\/","name":"\"Grande et petite\" forme pour L'homme montagne - Sam Verlen","isPartOf":{"@id":"https:\/\/www.samverlen.com\/#website"},"primaryImageOfPage":{"@id":"https:\/\/www.samverlen.com\/index.php\/2022\/12\/15\/grande-et-petite-forme-pour-lhomme-montagne\/#primaryimage"},"image":{"@id":"https:\/\/www.samverlen.com\/index.php\/2022\/12\/15\/grande-et-petite-forme-pour-lhomme-montagne\/#primaryimage"},"thumbnailUrl":"https:\/\/www.samverlen.com\/wp-content\/uploads\/2023\/01\/HM1-scaled.jpeg","datePublished":"2022-12-15T08:12:00+00:00","dateModified":"2023-01-15T11:15:35+00:00","author":{"@id":"https:\/\/www.samverlen.com\/#\/schema\/person\/afebf9a6641e07827cda3c96032f5a3d"},"breadcrumb":{"@id":"https:\/\/www.samverlen.com\/index.php\/2022\/12\/15\/grande-et-petite-forme-pour-lhomme-montagne\/#breadcrumb"},"inLanguage":"fr-FR","potentialAction":[{"@type":"ReadAction","target":["https:\/\/www.samverlen.com\/index.php\/2022\/12\/15\/grande-et-petite-forme-pour-lhomme-montagne\/"]}]},{"@type":"ImageObject","inLanguage":"fr-FR","@id":"https:\/\/www.samverlen.com\/index.php\/2022\/12\/15\/grande-et-petite-forme-pour-lhomme-montagne\/#primaryimage","url":"https:\/\/www.samverlen.com\/wp-content\/uploads\/2023\/01\/HM1-scaled.jpeg","contentUrl":"https:\/\/www.samverlen.com\/wp-content\/uploads\/2023\/01\/HM1-scaled.jpeg","width":1477,"height":2560},{"@type":"BreadcrumbList","@id":"https:\/\/www.samverlen.com\/index.php\/2022\/12\/15\/grande-et-petite-forme-pour-lhomme-montagne\/#breadcrumb","itemListElement":[{"@type":"ListItem","position":1,"name":"Accueil","item":"https:\/\/www.samverlen.com\/"},{"@type":"ListItem","position":2,"name":"\u00ab\u00a0Grande et petite\u00a0\u00bb forme pour L&rsquo;homme montagne"}]},{"@type":"WebSite","@id":"https:\/\/www.samverlen.com\/#website","url":"https:\/\/www.samverlen.com\/","name":"Sam Verlen","description":"Chercheur de po\u00e9sie sonore \/\/ Compositeur, musicien","potentialAction":[{"@type":"SearchAction","target":{"@type":"EntryPoint","urlTemplate":"https:\/\/www.samverlen.com\/?s={search_term_string}"},"query-input":{"@type":"PropertyValueSpecification","valueRequired":true,"valueName":"search_term_string"}}],"inLanguage":"fr-FR"},{"@type":"Person","@id":"https:\/\/www.samverlen.com\/#\/schema\/person\/afebf9a6641e07827cda3c96032f5a3d","name":"samverlen","image":{"@type":"ImageObject","inLanguage":"fr-FR","@id":"https:\/\/secure.gravatar.com\/avatar\/bb71d7c316348923a9c8f09e6ff09f43f1d48a987eff10b4119565e5a4f2ecd9?s=96&d=mm&r=g","url":"https:\/\/secure.gravatar.com\/avatar\/bb71d7c316348923a9c8f09e6ff09f43f1d48a987eff10b4119565e5a4f2ecd9?s=96&d=mm&r=g","contentUrl":"https:\/\/secure.gravatar.com\/avatar\/bb71d7c316348923a9c8f09e6ff09f43f1d48a987eff10b4119565e5a4f2ecd9?s=96&d=mm&r=g","caption":"samverlen"}}]}},"_links":{"self":[{"href":"https:\/\/www.samverlen.com\/index.php\/wp-json\/wp\/v2\/posts\/1756","targetHints":{"allow":["GET"]}}],"collection":[{"href":"https:\/\/www.samverlen.com\/index.php\/wp-json\/wp\/v2\/posts"}],"about":[{"href":"https:\/\/www.samverlen.com\/index.php\/wp-json\/wp\/v2\/types\/post"}],"author":[{"embeddable":true,"href":"https:\/\/www.samverlen.com\/index.php\/wp-json\/wp\/v2\/users\/1"}],"replies":[{"embeddable":true,"href":"https:\/\/www.samverlen.com\/index.php\/wp-json\/wp\/v2\/comments?post=1756"}],"version-history":[{"count":2,"href":"https:\/\/www.samverlen.com\/index.php\/wp-json\/wp\/v2\/posts\/1756\/revisions"}],"predecessor-version":[{"id":1775,"href":"https:\/\/www.samverlen.com\/index.php\/wp-json\/wp\/v2\/posts\/1756\/revisions\/1775"}],"wp:featuredmedia":[{"embeddable":true,"href":"https:\/\/www.samverlen.com\/index.php\/wp-json\/wp\/v2\/media\/1759"}],"wp:attachment":[{"href":"https:\/\/www.samverlen.com\/index.php\/wp-json\/wp\/v2\/media?parent=1756"}],"wp:term":[{"taxonomy":"category","embeddable":true,"href":"https:\/\/www.samverlen.com\/index.php\/wp-json\/wp\/v2\/categories?post=1756"},{"taxonomy":"post_tag","embeddable":true,"href":"https:\/\/www.samverlen.com\/index.php\/wp-json\/wp\/v2\/tags?post=1756"}],"curies":[{"name":"wp","href":"https:\/\/api.w.org\/{rel}","templated":true}]}}