{"id":1806,"date":"2023-04-02T08:25:57","date_gmt":"2023-04-02T06:25:57","guid":{"rendered":"https:\/\/www.samverlen.com\/?p=1806"},"modified":"2024-08-24T15:15:04","modified_gmt":"2024-08-24T13:15:04","slug":"6-suites-de-lhomme-montagne-en-bd-numeriques","status":"publish","type":"post","link":"https:\/\/www.samverlen.com\/index.php\/2023\/04\/02\/6-suites-de-lhomme-montagne-en-bd-numeriques\/","title":{"rendered":"6 suites de L&rsquo;homme montagne en BD num\u00e9riques"},"content":{"rendered":"\n<p>Dans le cadre de la r\u00e9sidence mission qui m&rsquo;a \u00e9t\u00e9 propos\u00e9e par Le grand logis \u00e0 Bruz (et soutenu par le D\u00e9partement d&rsquo;Ille et vilaine), <\/p>\n\n\n\n<p>autour de ma cr\u00e9ation <a href=\"https:\/\/www.artoutai.com\/portfolio_page\/lhomme-montagne\/\" target=\"_blank\" rel=\"noreferrer noopener\">BD-concert \u201cL\u2019homme montagne\u201d<\/a>, S\u00e9verine Gauthier, Am\u00e9lie Fl\u00e9chais, Le Duc Yannick et moi-m\u00eame avons accompagn\u00e9 la classe de CM2 de Magali Bellec \u00e0 Bruz de Janvier \u00e0 Mars 2023 pour imaginer six suites \u00e0 l\u2019histoire initiale de la BD. <br><br><\/p>\n\n\n\n<p>Avec S\u00e9verine Gauthier et Am\u00e9lie Fl\u00e9chais, les \u00e9l\u00e8ves ont&nbsp;<strong>imagin\u00e9 leurs histoires<\/strong>,&nbsp;<strong>cr\u00e9\u00e9 leurs storyboards<\/strong>,&nbsp;<strong>dessin\u00e9<\/strong>&nbsp;les planches de leurs BDs. Cette premi\u00e8re \u00e9tape leur a permis de finaliser leurs&nbsp;<strong>bandes dessin\u00e9es papier<\/strong>. <\/p>\n\n\n\n<p><\/p>\n\n\n\n<figure class=\"wp-block-gallery has-nested-images columns-default is-cropped wp-block-gallery-1 is-layout-flex wp-block-gallery-is-layout-flex\">\n<figure class=\"wp-block-image size-large\"><img loading=\"lazy\" decoding=\"async\" width=\"1024\" height=\"768\" data-id=\"1807\" src=\"https:\/\/www.samverlen.com\/wp-content\/uploads\/2023\/04\/IMG_8243-1024x768.jpg\" alt=\"\" class=\"wp-image-1807\" srcset=\"https:\/\/www.samverlen.com\/wp-content\/uploads\/2023\/04\/IMG_8243-1024x768.jpg 1024w, https:\/\/www.samverlen.com\/wp-content\/uploads\/2023\/04\/IMG_8243-300x225.jpg 300w, https:\/\/www.samverlen.com\/wp-content\/uploads\/2023\/04\/IMG_8243-768x576.jpg 768w, https:\/\/www.samverlen.com\/wp-content\/uploads\/2023\/04\/IMG_8243-1536x1152.jpg 1536w, https:\/\/www.samverlen.com\/wp-content\/uploads\/2023\/04\/IMG_8243-800x600.jpg 800w, https:\/\/www.samverlen.com\/wp-content\/uploads\/2023\/04\/IMG_8243-700x525.jpg 700w, https:\/\/www.samverlen.com\/wp-content\/uploads\/2023\/04\/IMG_8243.jpg 1707w\" sizes=\"auto, (max-width: 1024px) 100vw, 1024px\" \/><\/figure>\n\n\n\n<figure class=\"wp-block-image size-large\"><img loading=\"lazy\" decoding=\"async\" width=\"1024\" height=\"768\" data-id=\"1808\" src=\"https:\/\/www.samverlen.com\/wp-content\/uploads\/2023\/04\/IMG_8245-1024x768.jpg\" alt=\"\" class=\"wp-image-1808\" srcset=\"https:\/\/www.samverlen.com\/wp-content\/uploads\/2023\/04\/IMG_8245-1024x768.jpg 1024w, https:\/\/www.samverlen.com\/wp-content\/uploads\/2023\/04\/IMG_8245-300x225.jpg 300w, https:\/\/www.samverlen.com\/wp-content\/uploads\/2023\/04\/IMG_8245-768x576.jpg 768w, https:\/\/www.samverlen.com\/wp-content\/uploads\/2023\/04\/IMG_8245-1536x1152.jpg 1536w, https:\/\/www.samverlen.com\/wp-content\/uploads\/2023\/04\/IMG_8245-800x600.jpg 800w, https:\/\/www.samverlen.com\/wp-content\/uploads\/2023\/04\/IMG_8245-700x525.jpg 700w, https:\/\/www.samverlen.com\/wp-content\/uploads\/2023\/04\/IMG_8245.jpg 1707w\" sizes=\"auto, (max-width: 1024px) 100vw, 1024px\" \/><\/figure>\n<\/figure>\n\n\n\n<p><\/p>\n\n\n\n<p>Puis avec moi, ils ont&nbsp;<strong>enregistr\u00e9 des voix off, musiques et paysages sonores<\/strong>. Enfin, avec Yannick Le Duc, ils ont&nbsp;<strong>r\u00e9alis\u00e9 le montage des images de leurs planches et des sons sur ordinateur<\/strong>&nbsp;afin de composer eux-m\u00eame la&nbsp;<strong>version num\u00e9rique<\/strong>&nbsp;de leurs bandes dessin\u00e9es.<\/p>\n\n\n\n<p><\/p>\n\n\n\n<p>Pour d\u00e9couvrir les BD num\u00e9riques (avec du son) des \u00e9l\u00e8ves, c\u2019est par ici:<\/p>\n\n\n\n<figure class=\"wp-block-embed is-type-wp-embed is-provider-artouta-productions wp-block-embed-artouta-productions\"><div class=\"wp-block-embed__wrapper\">\n<blockquote class=\"wp-embedded-content\" data-secret=\"qoIJHYpGev\"><a href=\"https:\/\/www.artoutai.com\/bd-num-bruz\/\">BD num\u00e9rique &#8211; suite de L&#8217;homme montagne<\/a><\/blockquote><iframe loading=\"lazy\" class=\"wp-embedded-content\" sandbox=\"allow-scripts\" security=\"restricted\" style=\"position: absolute; visibility: hidden;\" title=\"\u00ab\u00a0BD num\u00e9rique &#8211; suite de L&#8217;homme montagne\u00a0\u00bb &#8212; ARTOUTA\u00cf PRODUCTIONS\" src=\"https:\/\/www.artoutai.com\/bd-num-bruz\/embed\/#?secret=QFoVEr0BEB#?secret=qoIJHYpGev\" data-secret=\"qoIJHYpGev\" width=\"600\" height=\"338\" frameborder=\"0\" marginwidth=\"0\" marginheight=\"0\" scrolling=\"no\"><\/iframe>\n<\/div><\/figure>\n\n\n\n<p>Un grand merci \u00e0 Romuald Poirier d\u2019Artouta\u00ef Productions et Camille Siegel du Grand Logis pour la belle coordination du projet.<\/p>\n\n\n\n<figure class=\"wp-block-gallery has-nested-images columns-default is-cropped wp-block-gallery-2 is-layout-flex wp-block-gallery-is-layout-flex\">\n<figure class=\"wp-block-image size-large\"><img loading=\"lazy\" decoding=\"async\" width=\"1024\" height=\"768\" data-id=\"1810\" src=\"https:\/\/www.samverlen.com\/wp-content\/uploads\/2023\/04\/IMG_8248-1024x768.jpg\" alt=\"\" class=\"wp-image-1810\" srcset=\"https:\/\/www.samverlen.com\/wp-content\/uploads\/2023\/04\/IMG_8248-1024x768.jpg 1024w, https:\/\/www.samverlen.com\/wp-content\/uploads\/2023\/04\/IMG_8248-300x225.jpg 300w, https:\/\/www.samverlen.com\/wp-content\/uploads\/2023\/04\/IMG_8248-768x576.jpg 768w, https:\/\/www.samverlen.com\/wp-content\/uploads\/2023\/04\/IMG_8248-1536x1152.jpg 1536w, https:\/\/www.samverlen.com\/wp-content\/uploads\/2023\/04\/IMG_8248-800x600.jpg 800w, https:\/\/www.samverlen.com\/wp-content\/uploads\/2023\/04\/IMG_8248-700x525.jpg 700w, https:\/\/www.samverlen.com\/wp-content\/uploads\/2023\/04\/IMG_8248.jpg 1707w\" sizes=\"auto, (max-width: 1024px) 100vw, 1024px\" \/><\/figure>\n\n\n\n<figure class=\"wp-block-image size-large\"><img loading=\"lazy\" decoding=\"async\" width=\"1024\" height=\"768\" data-id=\"1811\" src=\"https:\/\/www.samverlen.com\/wp-content\/uploads\/2023\/04\/IMG_8238-1024x768.jpg\" alt=\"\" class=\"wp-image-1811\" srcset=\"https:\/\/www.samverlen.com\/wp-content\/uploads\/2023\/04\/IMG_8238-1024x768.jpg 1024w, https:\/\/www.samverlen.com\/wp-content\/uploads\/2023\/04\/IMG_8238-300x225.jpg 300w, https:\/\/www.samverlen.com\/wp-content\/uploads\/2023\/04\/IMG_8238-768x576.jpg 768w, https:\/\/www.samverlen.com\/wp-content\/uploads\/2023\/04\/IMG_8238-1536x1152.jpg 1536w, https:\/\/www.samverlen.com\/wp-content\/uploads\/2023\/04\/IMG_8238-800x600.jpg 800w, https:\/\/www.samverlen.com\/wp-content\/uploads\/2023\/04\/IMG_8238-700x525.jpg 700w, https:\/\/www.samverlen.com\/wp-content\/uploads\/2023\/04\/IMG_8238.jpg 1707w\" sizes=\"auto, (max-width: 1024px) 100vw, 1024px\" \/><\/figure>\n\n\n\n<figure class=\"wp-block-image size-large\"><img loading=\"lazy\" decoding=\"async\" width=\"1024\" height=\"768\" data-id=\"1809\" src=\"https:\/\/www.samverlen.com\/wp-content\/uploads\/2023\/04\/IMG_8235-1024x768.jpg\" alt=\"\" class=\"wp-image-1809\" srcset=\"https:\/\/www.samverlen.com\/wp-content\/uploads\/2023\/04\/IMG_8235-1024x768.jpg 1024w, https:\/\/www.samverlen.com\/wp-content\/uploads\/2023\/04\/IMG_8235-300x225.jpg 300w, https:\/\/www.samverlen.com\/wp-content\/uploads\/2023\/04\/IMG_8235-768x576.jpg 768w, https:\/\/www.samverlen.com\/wp-content\/uploads\/2023\/04\/IMG_8235-1536x1152.jpg 1536w, https:\/\/www.samverlen.com\/wp-content\/uploads\/2023\/04\/IMG_8235-800x600.jpg 800w, https:\/\/www.samverlen.com\/wp-content\/uploads\/2023\/04\/IMG_8235-700x525.jpg 700w, https:\/\/www.samverlen.com\/wp-content\/uploads\/2023\/04\/IMG_8235.jpg 1707w\" sizes=\"auto, (max-width: 1024px) 100vw, 1024px\" \/><\/figure>\n<\/figure>\n\n\n\n<p><br><\/p>\n<p><\/p>","protected":false},"excerpt":{"rendered":"<p>Dans le cadre de la r\u00e9sidence mission qui m&rsquo;a \u00e9t\u00e9 propos\u00e9e par Le grand logis \u00e0 Bruz (et soutenu par le D\u00e9partement d&rsquo;Ille et vilaine), autour de ma cr\u00e9ation BD-concert \u201cL\u2019homme montagne\u201d, S\u00e9verine Gauthier, Am\u00e9lie Fl\u00e9chais, Le Duc Yannick et moi-m\u00eame avons accompagn\u00e9 la classe&#8230;<\/p>\n","protected":false},"author":1,"featured_media":1807,"comment_status":"open","ping_status":"open","sticky":false,"template":"","format":"standard","meta":{"_et_pb_use_builder":"","_et_pb_old_content":"","_et_gb_content_width":"","footnotes":""},"categories":[5],"tags":[],"class_list":["post-1806","post","type-post","status-publish","format-standard","has-post-thumbnail","hentry","category-news"],"yoast_head":"<!-- This site is optimized with the Yoast SEO plugin v27.5 - https:\/\/yoast.com\/product\/yoast-seo-wordpress\/ -->\n<title>6 suites de L&#039;homme montagne en BD num\u00e9riques - Sam Verlen<\/title>\n<meta name=\"robots\" content=\"index, follow, max-snippet:-1, max-image-preview:large, max-video-preview:-1\" \/>\n<link rel=\"canonical\" href=\"https:\/\/www.samverlen.com\/index.php\/2023\/04\/02\/6-suites-de-lhomme-montagne-en-bd-numeriques\/\" \/>\n<meta property=\"og:locale\" content=\"fr_FR\" \/>\n<meta property=\"og:type\" content=\"article\" \/>\n<meta property=\"og:title\" content=\"6 suites de L&#039;homme montagne en BD num\u00e9riques - Sam Verlen\" \/>\n<meta property=\"og:description\" content=\"Dans le cadre de la r\u00e9sidence mission qui m&rsquo;a \u00e9t\u00e9 propos\u00e9e par Le grand logis \u00e0 Bruz (et soutenu par le D\u00e9partement d&rsquo;Ille et vilaine), autour de ma cr\u00e9ation BD-concert \u201cL\u2019homme montagne\u201d, S\u00e9verine Gauthier, Am\u00e9lie Fl\u00e9chais, Le Duc Yannick et moi-m\u00eame avons accompagn\u00e9 la classe...\" \/>\n<meta property=\"og:url\" content=\"https:\/\/www.samverlen.com\/index.php\/2023\/04\/02\/6-suites-de-lhomme-montagne-en-bd-numeriques\/\" \/>\n<meta property=\"og:site_name\" content=\"Sam Verlen\" \/>\n<meta property=\"article:publisher\" content=\"https:\/\/www.facebook.com\/sverlen\" \/>\n<meta property=\"article:published_time\" content=\"2023-04-02T06:25:57+00:00\" \/>\n<meta property=\"article:modified_time\" content=\"2024-08-24T13:15:04+00:00\" \/>\n<meta property=\"og:image\" content=\"https:\/\/www.samverlen.com\/wp-content\/uploads\/2023\/04\/IMG_8243.jpg\" \/>\n\t<meta property=\"og:image:width\" content=\"1707\" \/>\n\t<meta property=\"og:image:height\" content=\"1280\" \/>\n\t<meta property=\"og:image:type\" content=\"image\/jpeg\" \/>\n<meta name=\"author\" content=\"samverlen\" \/>\n<meta name=\"twitter:card\" content=\"summary_large_image\" \/>\n<meta name=\"twitter:creator\" content=\"@samverlen\" \/>\n<meta name=\"twitter:site\" content=\"@samverlen\" \/>\n<meta name=\"twitter:label1\" content=\"\u00c9crit par\" \/>\n\t<meta name=\"twitter:data1\" content=\"samverlen\" \/>\n\t<meta name=\"twitter:label2\" content=\"Dur\u00e9e de lecture estim\u00e9e\" \/>\n\t<meta name=\"twitter:data2\" content=\"3 minutes\" \/>\n<script type=\"application\/ld+json\" class=\"yoast-schema-graph\">{\"@context\":\"https:\\\/\\\/schema.org\",\"@graph\":[{\"@type\":\"Article\",\"@id\":\"https:\\\/\\\/www.samverlen.com\\\/index.php\\\/2023\\\/04\\\/02\\\/6-suites-de-lhomme-montagne-en-bd-numeriques\\\/#article\",\"isPartOf\":{\"@id\":\"https:\\\/\\\/www.samverlen.com\\\/index.php\\\/2023\\\/04\\\/02\\\/6-suites-de-lhomme-montagne-en-bd-numeriques\\\/\"},\"author\":{\"name\":\"samverlen\",\"@id\":\"https:\\\/\\\/www.samverlen.com\\\/#\\\/schema\\\/person\\\/afebf9a6641e07827cda3c96032f5a3d\"},\"headline\":\"6 suites de L&rsquo;homme montagne en BD num\u00e9riques\",\"datePublished\":\"2023-04-02T06:25:57+00:00\",\"dateModified\":\"2024-08-24T13:15:04+00:00\",\"mainEntityOfPage\":{\"@id\":\"https:\\\/\\\/www.samverlen.com\\\/index.php\\\/2023\\\/04\\\/02\\\/6-suites-de-lhomme-montagne-en-bd-numeriques\\\/\"},\"wordCount\":219,\"commentCount\":0,\"image\":{\"@id\":\"https:\\\/\\\/www.samverlen.com\\\/index.php\\\/2023\\\/04\\\/02\\\/6-suites-de-lhomme-montagne-en-bd-numeriques\\\/#primaryimage\"},\"thumbnailUrl\":\"https:\\\/\\\/www.samverlen.com\\\/wp-content\\\/uploads\\\/2023\\\/04\\\/IMG_8243.jpg\",\"articleSection\":[\"news\"],\"inLanguage\":\"fr-FR\",\"potentialAction\":[{\"@type\":\"CommentAction\",\"name\":\"Comment\",\"target\":[\"https:\\\/\\\/www.samverlen.com\\\/index.php\\\/2023\\\/04\\\/02\\\/6-suites-de-lhomme-montagne-en-bd-numeriques\\\/#respond\"]}]},{\"@type\":\"WebPage\",\"@id\":\"https:\\\/\\\/www.samverlen.com\\\/index.php\\\/2023\\\/04\\\/02\\\/6-suites-de-lhomme-montagne-en-bd-numeriques\\\/\",\"url\":\"https:\\\/\\\/www.samverlen.com\\\/index.php\\\/2023\\\/04\\\/02\\\/6-suites-de-lhomme-montagne-en-bd-numeriques\\\/\",\"name\":\"6 suites de L'homme montagne en BD num\u00e9riques - Sam Verlen\",\"isPartOf\":{\"@id\":\"https:\\\/\\\/www.samverlen.com\\\/#website\"},\"primaryImageOfPage\":{\"@id\":\"https:\\\/\\\/www.samverlen.com\\\/index.php\\\/2023\\\/04\\\/02\\\/6-suites-de-lhomme-montagne-en-bd-numeriques\\\/#primaryimage\"},\"image\":{\"@id\":\"https:\\\/\\\/www.samverlen.com\\\/index.php\\\/2023\\\/04\\\/02\\\/6-suites-de-lhomme-montagne-en-bd-numeriques\\\/#primaryimage\"},\"thumbnailUrl\":\"https:\\\/\\\/www.samverlen.com\\\/wp-content\\\/uploads\\\/2023\\\/04\\\/IMG_8243.jpg\",\"datePublished\":\"2023-04-02T06:25:57+00:00\",\"dateModified\":\"2024-08-24T13:15:04+00:00\",\"author\":{\"@id\":\"https:\\\/\\\/www.samverlen.com\\\/#\\\/schema\\\/person\\\/afebf9a6641e07827cda3c96032f5a3d\"},\"breadcrumb\":{\"@id\":\"https:\\\/\\\/www.samverlen.com\\\/index.php\\\/2023\\\/04\\\/02\\\/6-suites-de-lhomme-montagne-en-bd-numeriques\\\/#breadcrumb\"},\"inLanguage\":\"fr-FR\",\"potentialAction\":[{\"@type\":\"ReadAction\",\"target\":[\"https:\\\/\\\/www.samverlen.com\\\/index.php\\\/2023\\\/04\\\/02\\\/6-suites-de-lhomme-montagne-en-bd-numeriques\\\/\"]}]},{\"@type\":\"ImageObject\",\"inLanguage\":\"fr-FR\",\"@id\":\"https:\\\/\\\/www.samverlen.com\\\/index.php\\\/2023\\\/04\\\/02\\\/6-suites-de-lhomme-montagne-en-bd-numeriques\\\/#primaryimage\",\"url\":\"https:\\\/\\\/www.samverlen.com\\\/wp-content\\\/uploads\\\/2023\\\/04\\\/IMG_8243.jpg\",\"contentUrl\":\"https:\\\/\\\/www.samverlen.com\\\/wp-content\\\/uploads\\\/2023\\\/04\\\/IMG_8243.jpg\",\"width\":1707,\"height\":1280},{\"@type\":\"BreadcrumbList\",\"@id\":\"https:\\\/\\\/www.samverlen.com\\\/index.php\\\/2023\\\/04\\\/02\\\/6-suites-de-lhomme-montagne-en-bd-numeriques\\\/#breadcrumb\",\"itemListElement\":[{\"@type\":\"ListItem\",\"position\":1,\"name\":\"Accueil\",\"item\":\"https:\\\/\\\/www.samverlen.com\\\/\"},{\"@type\":\"ListItem\",\"position\":2,\"name\":\"6 suites de L&rsquo;homme montagne en BD num\u00e9riques\"}]},{\"@type\":\"WebSite\",\"@id\":\"https:\\\/\\\/www.samverlen.com\\\/#website\",\"url\":\"https:\\\/\\\/www.samverlen.com\\\/\",\"name\":\"Sam Verlen\",\"description\":\"Chercheur de po\u00e9sie sonore \\\/\\\/ Compositeur, musicien\",\"potentialAction\":[{\"@type\":\"SearchAction\",\"target\":{\"@type\":\"EntryPoint\",\"urlTemplate\":\"https:\\\/\\\/www.samverlen.com\\\/?s={search_term_string}\"},\"query-input\":{\"@type\":\"PropertyValueSpecification\",\"valueRequired\":true,\"valueName\":\"search_term_string\"}}],\"inLanguage\":\"fr-FR\"},{\"@type\":\"Person\",\"@id\":\"https:\\\/\\\/www.samverlen.com\\\/#\\\/schema\\\/person\\\/afebf9a6641e07827cda3c96032f5a3d\",\"name\":\"samverlen\",\"image\":{\"@type\":\"ImageObject\",\"inLanguage\":\"fr-FR\",\"@id\":\"https:\\\/\\\/secure.gravatar.com\\\/avatar\\\/bb71d7c316348923a9c8f09e6ff09f43f1d48a987eff10b4119565e5a4f2ecd9?s=96&d=mm&r=g\",\"url\":\"https:\\\/\\\/secure.gravatar.com\\\/avatar\\\/bb71d7c316348923a9c8f09e6ff09f43f1d48a987eff10b4119565e5a4f2ecd9?s=96&d=mm&r=g\",\"contentUrl\":\"https:\\\/\\\/secure.gravatar.com\\\/avatar\\\/bb71d7c316348923a9c8f09e6ff09f43f1d48a987eff10b4119565e5a4f2ecd9?s=96&d=mm&r=g\",\"caption\":\"samverlen\"}}]}<\/script>\n<!-- \/ Yoast SEO plugin. -->","yoast_head_json":{"title":"6 suites de L'homme montagne en BD num\u00e9riques - Sam Verlen","robots":{"index":"index","follow":"follow","max-snippet":"max-snippet:-1","max-image-preview":"max-image-preview:large","max-video-preview":"max-video-preview:-1"},"canonical":"https:\/\/www.samverlen.com\/index.php\/2023\/04\/02\/6-suites-de-lhomme-montagne-en-bd-numeriques\/","og_locale":"fr_FR","og_type":"article","og_title":"6 suites de L'homme montagne en BD num\u00e9riques - Sam Verlen","og_description":"Dans le cadre de la r\u00e9sidence mission qui m&rsquo;a \u00e9t\u00e9 propos\u00e9e par Le grand logis \u00e0 Bruz (et soutenu par le D\u00e9partement d&rsquo;Ille et vilaine), autour de ma cr\u00e9ation BD-concert \u201cL\u2019homme montagne\u201d, S\u00e9verine Gauthier, Am\u00e9lie Fl\u00e9chais, Le Duc Yannick et moi-m\u00eame avons accompagn\u00e9 la classe...","og_url":"https:\/\/www.samverlen.com\/index.php\/2023\/04\/02\/6-suites-de-lhomme-montagne-en-bd-numeriques\/","og_site_name":"Sam Verlen","article_publisher":"https:\/\/www.facebook.com\/sverlen","article_published_time":"2023-04-02T06:25:57+00:00","article_modified_time":"2024-08-24T13:15:04+00:00","og_image":[{"width":1707,"height":1280,"url":"https:\/\/www.samverlen.com\/wp-content\/uploads\/2023\/04\/IMG_8243.jpg","type":"image\/jpeg"}],"author":"samverlen","twitter_card":"summary_large_image","twitter_creator":"@samverlen","twitter_site":"@samverlen","twitter_misc":{"\u00c9crit par":"samverlen","Dur\u00e9e de lecture estim\u00e9e":"3 minutes"},"schema":{"@context":"https:\/\/schema.org","@graph":[{"@type":"Article","@id":"https:\/\/www.samverlen.com\/index.php\/2023\/04\/02\/6-suites-de-lhomme-montagne-en-bd-numeriques\/#article","isPartOf":{"@id":"https:\/\/www.samverlen.com\/index.php\/2023\/04\/02\/6-suites-de-lhomme-montagne-en-bd-numeriques\/"},"author":{"name":"samverlen","@id":"https:\/\/www.samverlen.com\/#\/schema\/person\/afebf9a6641e07827cda3c96032f5a3d"},"headline":"6 suites de L&rsquo;homme montagne en BD num\u00e9riques","datePublished":"2023-04-02T06:25:57+00:00","dateModified":"2024-08-24T13:15:04+00:00","mainEntityOfPage":{"@id":"https:\/\/www.samverlen.com\/index.php\/2023\/04\/02\/6-suites-de-lhomme-montagne-en-bd-numeriques\/"},"wordCount":219,"commentCount":0,"image":{"@id":"https:\/\/www.samverlen.com\/index.php\/2023\/04\/02\/6-suites-de-lhomme-montagne-en-bd-numeriques\/#primaryimage"},"thumbnailUrl":"https:\/\/www.samverlen.com\/wp-content\/uploads\/2023\/04\/IMG_8243.jpg","articleSection":["news"],"inLanguage":"fr-FR","potentialAction":[{"@type":"CommentAction","name":"Comment","target":["https:\/\/www.samverlen.com\/index.php\/2023\/04\/02\/6-suites-de-lhomme-montagne-en-bd-numeriques\/#respond"]}]},{"@type":"WebPage","@id":"https:\/\/www.samverlen.com\/index.php\/2023\/04\/02\/6-suites-de-lhomme-montagne-en-bd-numeriques\/","url":"https:\/\/www.samverlen.com\/index.php\/2023\/04\/02\/6-suites-de-lhomme-montagne-en-bd-numeriques\/","name":"6 suites de L'homme montagne en BD num\u00e9riques - Sam Verlen","isPartOf":{"@id":"https:\/\/www.samverlen.com\/#website"},"primaryImageOfPage":{"@id":"https:\/\/www.samverlen.com\/index.php\/2023\/04\/02\/6-suites-de-lhomme-montagne-en-bd-numeriques\/#primaryimage"},"image":{"@id":"https:\/\/www.samverlen.com\/index.php\/2023\/04\/02\/6-suites-de-lhomme-montagne-en-bd-numeriques\/#primaryimage"},"thumbnailUrl":"https:\/\/www.samverlen.com\/wp-content\/uploads\/2023\/04\/IMG_8243.jpg","datePublished":"2023-04-02T06:25:57+00:00","dateModified":"2024-08-24T13:15:04+00:00","author":{"@id":"https:\/\/www.samverlen.com\/#\/schema\/person\/afebf9a6641e07827cda3c96032f5a3d"},"breadcrumb":{"@id":"https:\/\/www.samverlen.com\/index.php\/2023\/04\/02\/6-suites-de-lhomme-montagne-en-bd-numeriques\/#breadcrumb"},"inLanguage":"fr-FR","potentialAction":[{"@type":"ReadAction","target":["https:\/\/www.samverlen.com\/index.php\/2023\/04\/02\/6-suites-de-lhomme-montagne-en-bd-numeriques\/"]}]},{"@type":"ImageObject","inLanguage":"fr-FR","@id":"https:\/\/www.samverlen.com\/index.php\/2023\/04\/02\/6-suites-de-lhomme-montagne-en-bd-numeriques\/#primaryimage","url":"https:\/\/www.samverlen.com\/wp-content\/uploads\/2023\/04\/IMG_8243.jpg","contentUrl":"https:\/\/www.samverlen.com\/wp-content\/uploads\/2023\/04\/IMG_8243.jpg","width":1707,"height":1280},{"@type":"BreadcrumbList","@id":"https:\/\/www.samverlen.com\/index.php\/2023\/04\/02\/6-suites-de-lhomme-montagne-en-bd-numeriques\/#breadcrumb","itemListElement":[{"@type":"ListItem","position":1,"name":"Accueil","item":"https:\/\/www.samverlen.com\/"},{"@type":"ListItem","position":2,"name":"6 suites de L&rsquo;homme montagne en BD num\u00e9riques"}]},{"@type":"WebSite","@id":"https:\/\/www.samverlen.com\/#website","url":"https:\/\/www.samverlen.com\/","name":"Sam Verlen","description":"Chercheur de po\u00e9sie sonore \/\/ Compositeur, musicien","potentialAction":[{"@type":"SearchAction","target":{"@type":"EntryPoint","urlTemplate":"https:\/\/www.samverlen.com\/?s={search_term_string}"},"query-input":{"@type":"PropertyValueSpecification","valueRequired":true,"valueName":"search_term_string"}}],"inLanguage":"fr-FR"},{"@type":"Person","@id":"https:\/\/www.samverlen.com\/#\/schema\/person\/afebf9a6641e07827cda3c96032f5a3d","name":"samverlen","image":{"@type":"ImageObject","inLanguage":"fr-FR","@id":"https:\/\/secure.gravatar.com\/avatar\/bb71d7c316348923a9c8f09e6ff09f43f1d48a987eff10b4119565e5a4f2ecd9?s=96&d=mm&r=g","url":"https:\/\/secure.gravatar.com\/avatar\/bb71d7c316348923a9c8f09e6ff09f43f1d48a987eff10b4119565e5a4f2ecd9?s=96&d=mm&r=g","contentUrl":"https:\/\/secure.gravatar.com\/avatar\/bb71d7c316348923a9c8f09e6ff09f43f1d48a987eff10b4119565e5a4f2ecd9?s=96&d=mm&r=g","caption":"samverlen"}}]}},"_links":{"self":[{"href":"https:\/\/www.samverlen.com\/index.php\/wp-json\/wp\/v2\/posts\/1806","targetHints":{"allow":["GET"]}}],"collection":[{"href":"https:\/\/www.samverlen.com\/index.php\/wp-json\/wp\/v2\/posts"}],"about":[{"href":"https:\/\/www.samverlen.com\/index.php\/wp-json\/wp\/v2\/types\/post"}],"author":[{"embeddable":true,"href":"https:\/\/www.samverlen.com\/index.php\/wp-json\/wp\/v2\/users\/1"}],"replies":[{"embeddable":true,"href":"https:\/\/www.samverlen.com\/index.php\/wp-json\/wp\/v2\/comments?post=1806"}],"version-history":[{"count":2,"href":"https:\/\/www.samverlen.com\/index.php\/wp-json\/wp\/v2\/posts\/1806\/revisions"}],"predecessor-version":[{"id":2188,"href":"https:\/\/www.samverlen.com\/index.php\/wp-json\/wp\/v2\/posts\/1806\/revisions\/2188"}],"wp:featuredmedia":[{"embeddable":true,"href":"https:\/\/www.samverlen.com\/index.php\/wp-json\/wp\/v2\/media\/1807"}],"wp:attachment":[{"href":"https:\/\/www.samverlen.com\/index.php\/wp-json\/wp\/v2\/media?parent=1806"}],"wp:term":[{"taxonomy":"category","embeddable":true,"href":"https:\/\/www.samverlen.com\/index.php\/wp-json\/wp\/v2\/categories?post=1806"},{"taxonomy":"post_tag","embeddable":true,"href":"https:\/\/www.samverlen.com\/index.php\/wp-json\/wp\/v2\/tags?post=1806"}],"curies":[{"name":"wp","href":"https:\/\/api.w.org\/{rel}","templated":true}]}}