{"id":2467,"date":"2025-08-23T10:16:50","date_gmt":"2025-08-23T08:16:50","guid":{"rendered":"https:\/\/www.samverlen.com\/?p=2467"},"modified":"2025-08-23T10:21:38","modified_gmt":"2025-08-23T08:21:38","slug":"2467","status":"publish","type":"post","link":"https:\/\/www.samverlen.com\/index.php\/2025\/08\/23\/2467\/","title":{"rendered":"PORTAIT DE MAKER"},"content":{"rendered":"<p>[et_pb_section fb_built=\u00a0\u00bb1&Prime; _builder_version=\u00a0\u00bb4.27.0&Prime; _module_preset=\u00a0\u00bbdefault\u00a0\u00bb global_colors_info=\u00a0\u00bb{}\u00a0\u00bb][et_pb_row _builder_version=\u00a0\u00bb4.27.0&Prime; _module_preset=\u00a0\u00bbdefault\u00a0\u00bb global_colors_info=\u00a0\u00bb{}\u00a0\u00bb][et_pb_column type=\u00a0\u00bb4_4&Prime; _builder_version=\u00a0\u00bb4.27.0&Prime; _module_preset=\u00a0\u00bbdefault\u00a0\u00bb global_colors_info=\u00a0\u00bb{}\u00a0\u00bb][et_pb_text _builder_version=\u00a0\u00bb4.27.0&Prime; _module_preset=\u00a0\u00bbdefault\u00a0\u00bb global_colors_info=\u00a0\u00bb{}\u00a0\u00bb]<\/p>\n<p>Makeme, agence d\u2019e\u0301ve\u0301nementiel rennaise passionne\u0301e par le mouvement des Makers et les usages nume\u0301riques, met en lumi\u00e8re mon travail artistique \u00e0 travers une chouette interview dans leur webzine\u00a0<span><a href=\"https:\/\/makeme.fr\/category\/portrait-de-makers\/\">Portrait de Makers !<\/a><\/span>\u00a0 . <\/p>\n<p>A\u0300 travers leurs e\u0301ve\u0301nements organise\u0301s dans toute la France (plus de 40 depuis 2012), Makeme souhaite rendre les usages nume\u0301riques accessibles a\u0300 tous et de favoriser le de\u0301veloppement de la fabrication nume\u0301rique \u00e0 travers plusieurs missions :\u00a0<\/p>\n<div class=\"page\" title=\"Page 24\">\n<div class=\"layoutArea\">\n<div class=\"column\">\n<p><span>&#8211; <strong>De\u0301velopper les usages nume\u0301riques intelligents<\/strong> : <\/span><span>\u00a0promouvoir des pratiques nume\u0301riques qui contribuent a\u0300 l\u2019ame\u0301lioration de notre quotidien. <\/span><\/p>\n<p><span>&#8211; <strong>De\u0301velopper la communaute\u0301 de Makers franc\u0327ais<\/strong> : <\/span><span>renforcer la communaute\u0301 des Makers en France en encourageant la collaboration, le partage de connaissances et la cre\u0301ation collective. A\u0300 ce jour, <\/span><span>Makeme a accueilli plus de 7000 Makers sur ses e\u0301ve\u0301nements<\/span><span>. <\/span><\/p>\n<p><span>&#8211; <strong>Accompagner les Makers vers la professionnalisation<\/strong> : <\/span><span>en les aidant a\u0300 <\/span><span>de\u0301velopper leurs compe\u0301tences et a\u0300 faire connai\u0302tre leurs cre\u0301ations<\/span><span>. <\/span><\/p>\n<p><span>&#8211; <strong>Sensibiliser sur la re\u0301paration et le re\u0301emploi de mate\u0301riaux<\/strong> : <\/span><span>encourager la re\u0301paration et le re\u0301emploi <\/span><span>comme des pratiques durables, tout en sensibilisant nos visiteurs aux enjeux environnementaux. <\/span><\/p>\n<p><span>&#8211; <strong>Promouvoir la cre\u0301ation de communs et de projets Open Source<\/strong> : <\/span><span>encourager <\/span><span>la cre\u0301ation de projets open source et la mise en commun des connaissances. <\/span><\/p>\n<\/div>\n<\/div>\n<\/div>\n<p>&nbsp;<\/p>\n<p>L&rsquo;interview est \u00e0 d\u00e9couvrir par ici :\u00a0<\/p>\n<blockquote class=\"wp-embedded-content\" data-secret=\"H1qnQsP8Q9\"><p><a href=\"https:\/\/makeme.fr\/portrait-de-maker-184-sam-verlen\/\">Portrait de Maker 184 : Sam Verlen<\/a><\/p><\/blockquote>\n<p><iframe loading=\"lazy\" class=\"wp-embedded-content\" sandbox=\"allow-scripts\" security=\"restricted\" style=\"position: absolute; visibility: hidden;\" title=\"\u00ab\u00a0Portrait de Maker 184 : Sam Verlen\u00a0\u00bb &#8212; Makeme\" src=\"https:\/\/makeme.fr\/portrait-de-maker-184-sam-verlen\/embed\/#?secret=Y4ayjXj36N#?secret=H1qnQsP8Q9\" data-secret=\"H1qnQsP8Q9\" width=\"600\" height=\"338\" frameborder=\"0\" marginwidth=\"0\" marginheight=\"0\" scrolling=\"no\"><\/iframe><\/p>\n<p>&nbsp;<\/p>\n<p>&nbsp;<\/p>\n<p>[\/et_pb_text][\/et_pb_column][\/et_pb_row][\/et_pb_section]<\/p>\n<p><\/p>","protected":false},"excerpt":{"rendered":"<p>Makeme, agence d\u2019e\u0301ve\u0301nementiel rennaise&#8230;<\/p>\n","protected":false},"author":1,"featured_media":2289,"comment_status":"open","ping_status":"open","sticky":false,"template":"","format":"standard","meta":{"_et_pb_use_builder":"on","_et_pb_old_content":"","_et_gb_content_width":"","footnotes":""},"categories":[5],"tags":[],"class_list":["post-2467","post","type-post","status-publish","format-standard","has-post-thumbnail","hentry","category-news"],"yoast_head":"<!-- This site is optimized with the Yoast SEO plugin v27.4 - https:\/\/yoast.com\/product\/yoast-seo-wordpress\/ -->\n<title>PORTAIT DE MAKER - Sam Verlen<\/title>\n<meta name=\"robots\" content=\"index, follow, max-snippet:-1, max-image-preview:large, max-video-preview:-1\" \/>\n<link rel=\"canonical\" href=\"https:\/\/www.samverlen.com\/index.php\/2025\/08\/23\/2467\/\" \/>\n<meta property=\"og:locale\" content=\"fr_FR\" \/>\n<meta property=\"og:type\" content=\"article\" \/>\n<meta property=\"og:title\" content=\"PORTAIT DE MAKER - Sam Verlen\" \/>\n<meta property=\"og:description\" content=\"Makeme, agence d\u2019e\u0301ve\u0301nementiel rennaise...\" \/>\n<meta property=\"og:url\" content=\"https:\/\/www.samverlen.com\/index.php\/2025\/08\/23\/2467\/\" \/>\n<meta property=\"og:site_name\" content=\"Sam Verlen\" \/>\n<meta property=\"article:publisher\" content=\"https:\/\/www.facebook.com\/sverlen\" \/>\n<meta property=\"article:published_time\" content=\"2025-08-23T08:16:50+00:00\" \/>\n<meta property=\"article:modified_time\" content=\"2025-08-23T08:21:38+00:00\" \/>\n<meta property=\"og:image\" content=\"https:\/\/www.samverlen.com\/wp-content\/uploads\/2024\/08\/05-lhomme-montagne-Nov2023-\u00a9Damien-Journee.jpg\" \/>\n\t<meta property=\"og:image:width\" content=\"1000\" \/>\n\t<meta property=\"og:image:height\" content=\"1500\" \/>\n\t<meta property=\"og:image:type\" content=\"image\/jpeg\" \/>\n<meta name=\"author\" content=\"samverlen\" \/>\n<meta name=\"twitter:card\" content=\"summary_large_image\" \/>\n<meta name=\"twitter:creator\" content=\"@samverlen\" \/>\n<meta name=\"twitter:site\" content=\"@samverlen\" \/>\n<meta name=\"twitter:label1\" content=\"\u00c9crit par\" \/>\n\t<meta name=\"twitter:data1\" content=\"samverlen\" \/>\n\t<meta name=\"twitter:label2\" content=\"Dur\u00e9e de lecture estim\u00e9e\" \/>\n\t<meta name=\"twitter:data2\" content=\"2 minutes\" \/>\n<script type=\"application\/ld+json\" class=\"yoast-schema-graph\">{\"@context\":\"https:\\\/\\\/schema.org\",\"@graph\":[{\"@type\":\"Article\",\"@id\":\"https:\\\/\\\/www.samverlen.com\\\/index.php\\\/2025\\\/08\\\/23\\\/2467\\\/#article\",\"isPartOf\":{\"@id\":\"https:\\\/\\\/www.samverlen.com\\\/index.php\\\/2025\\\/08\\\/23\\\/2467\\\/\"},\"author\":{\"name\":\"samverlen\",\"@id\":\"https:\\\/\\\/www.samverlen.com\\\/#\\\/schema\\\/person\\\/afebf9a6641e07827cda3c96032f5a3d\"},\"headline\":\"PORTAIT DE MAKER\",\"datePublished\":\"2025-08-23T08:16:50+00:00\",\"dateModified\":\"2025-08-23T08:21:38+00:00\",\"mainEntityOfPage\":{\"@id\":\"https:\\\/\\\/www.samverlen.com\\\/index.php\\\/2025\\\/08\\\/23\\\/2467\\\/\"},\"wordCount\":300,\"commentCount\":0,\"image\":{\"@id\":\"https:\\\/\\\/www.samverlen.com\\\/index.php\\\/2025\\\/08\\\/23\\\/2467\\\/#primaryimage\"},\"thumbnailUrl\":\"https:\\\/\\\/www.samverlen.com\\\/wp-content\\\/uploads\\\/2024\\\/08\\\/05-lhomme-montagne-Nov2023-\u00a9Damien-Journee.jpg\",\"articleSection\":[\"news\"],\"inLanguage\":\"fr-FR\",\"potentialAction\":[{\"@type\":\"CommentAction\",\"name\":\"Comment\",\"target\":[\"https:\\\/\\\/www.samverlen.com\\\/index.php\\\/2025\\\/08\\\/23\\\/2467\\\/#respond\"]}]},{\"@type\":\"WebPage\",\"@id\":\"https:\\\/\\\/www.samverlen.com\\\/index.php\\\/2025\\\/08\\\/23\\\/2467\\\/\",\"url\":\"https:\\\/\\\/www.samverlen.com\\\/index.php\\\/2025\\\/08\\\/23\\\/2467\\\/\",\"name\":\"PORTAIT DE MAKER - Sam Verlen\",\"isPartOf\":{\"@id\":\"https:\\\/\\\/www.samverlen.com\\\/#website\"},\"primaryImageOfPage\":{\"@id\":\"https:\\\/\\\/www.samverlen.com\\\/index.php\\\/2025\\\/08\\\/23\\\/2467\\\/#primaryimage\"},\"image\":{\"@id\":\"https:\\\/\\\/www.samverlen.com\\\/index.php\\\/2025\\\/08\\\/23\\\/2467\\\/#primaryimage\"},\"thumbnailUrl\":\"https:\\\/\\\/www.samverlen.com\\\/wp-content\\\/uploads\\\/2024\\\/08\\\/05-lhomme-montagne-Nov2023-\u00a9Damien-Journee.jpg\",\"datePublished\":\"2025-08-23T08:16:50+00:00\",\"dateModified\":\"2025-08-23T08:21:38+00:00\",\"author\":{\"@id\":\"https:\\\/\\\/www.samverlen.com\\\/#\\\/schema\\\/person\\\/afebf9a6641e07827cda3c96032f5a3d\"},\"breadcrumb\":{\"@id\":\"https:\\\/\\\/www.samverlen.com\\\/index.php\\\/2025\\\/08\\\/23\\\/2467\\\/#breadcrumb\"},\"inLanguage\":\"fr-FR\",\"potentialAction\":[{\"@type\":\"ReadAction\",\"target\":[\"https:\\\/\\\/www.samverlen.com\\\/index.php\\\/2025\\\/08\\\/23\\\/2467\\\/\"]}]},{\"@type\":\"ImageObject\",\"inLanguage\":\"fr-FR\",\"@id\":\"https:\\\/\\\/www.samverlen.com\\\/index.php\\\/2025\\\/08\\\/23\\\/2467\\\/#primaryimage\",\"url\":\"https:\\\/\\\/www.samverlen.com\\\/wp-content\\\/uploads\\\/2024\\\/08\\\/05-lhomme-montagne-Nov2023-\u00a9Damien-Journee.jpg\",\"contentUrl\":\"https:\\\/\\\/www.samverlen.com\\\/wp-content\\\/uploads\\\/2024\\\/08\\\/05-lhomme-montagne-Nov2023-\u00a9Damien-Journee.jpg\",\"width\":1000,\"height\":1500},{\"@type\":\"BreadcrumbList\",\"@id\":\"https:\\\/\\\/www.samverlen.com\\\/index.php\\\/2025\\\/08\\\/23\\\/2467\\\/#breadcrumb\",\"itemListElement\":[{\"@type\":\"ListItem\",\"position\":1,\"name\":\"Accueil\",\"item\":\"https:\\\/\\\/www.samverlen.com\\\/\"},{\"@type\":\"ListItem\",\"position\":2,\"name\":\"PORTAIT DE MAKER\"}]},{\"@type\":\"WebSite\",\"@id\":\"https:\\\/\\\/www.samverlen.com\\\/#website\",\"url\":\"https:\\\/\\\/www.samverlen.com\\\/\",\"name\":\"Sam Verlen\",\"description\":\"Chercheur de po\u00e9sie sonore \\\/\\\/ Compositeur, musicien\",\"potentialAction\":[{\"@type\":\"SearchAction\",\"target\":{\"@type\":\"EntryPoint\",\"urlTemplate\":\"https:\\\/\\\/www.samverlen.com\\\/?s={search_term_string}\"},\"query-input\":{\"@type\":\"PropertyValueSpecification\",\"valueRequired\":true,\"valueName\":\"search_term_string\"}}],\"inLanguage\":\"fr-FR\"},{\"@type\":\"Person\",\"@id\":\"https:\\\/\\\/www.samverlen.com\\\/#\\\/schema\\\/person\\\/afebf9a6641e07827cda3c96032f5a3d\",\"name\":\"samverlen\",\"image\":{\"@type\":\"ImageObject\",\"inLanguage\":\"fr-FR\",\"@id\":\"https:\\\/\\\/secure.gravatar.com\\\/avatar\\\/bb71d7c316348923a9c8f09e6ff09f43f1d48a987eff10b4119565e5a4f2ecd9?s=96&d=mm&r=g\",\"url\":\"https:\\\/\\\/secure.gravatar.com\\\/avatar\\\/bb71d7c316348923a9c8f09e6ff09f43f1d48a987eff10b4119565e5a4f2ecd9?s=96&d=mm&r=g\",\"contentUrl\":\"https:\\\/\\\/secure.gravatar.com\\\/avatar\\\/bb71d7c316348923a9c8f09e6ff09f43f1d48a987eff10b4119565e5a4f2ecd9?s=96&d=mm&r=g\",\"caption\":\"samverlen\"}}]}<\/script>\n<!-- \/ Yoast SEO plugin. -->","yoast_head_json":{"title":"PORTAIT DE MAKER - Sam Verlen","robots":{"index":"index","follow":"follow","max-snippet":"max-snippet:-1","max-image-preview":"max-image-preview:large","max-video-preview":"max-video-preview:-1"},"canonical":"https:\/\/www.samverlen.com\/index.php\/2025\/08\/23\/2467\/","og_locale":"fr_FR","og_type":"article","og_title":"PORTAIT DE MAKER - Sam Verlen","og_description":"Makeme, agence d\u2019e\u0301ve\u0301nementiel rennaise...","og_url":"https:\/\/www.samverlen.com\/index.php\/2025\/08\/23\/2467\/","og_site_name":"Sam Verlen","article_publisher":"https:\/\/www.facebook.com\/sverlen","article_published_time":"2025-08-23T08:16:50+00:00","article_modified_time":"2025-08-23T08:21:38+00:00","og_image":[{"width":1000,"height":1500,"url":"https:\/\/www.samverlen.com\/wp-content\/uploads\/2024\/08\/05-lhomme-montagne-Nov2023-\u00a9Damien-Journee.jpg","type":"image\/jpeg"}],"author":"samverlen","twitter_card":"summary_large_image","twitter_creator":"@samverlen","twitter_site":"@samverlen","twitter_misc":{"\u00c9crit par":"samverlen","Dur\u00e9e de lecture estim\u00e9e":"2 minutes"},"schema":{"@context":"https:\/\/schema.org","@graph":[{"@type":"Article","@id":"https:\/\/www.samverlen.com\/index.php\/2025\/08\/23\/2467\/#article","isPartOf":{"@id":"https:\/\/www.samverlen.com\/index.php\/2025\/08\/23\/2467\/"},"author":{"name":"samverlen","@id":"https:\/\/www.samverlen.com\/#\/schema\/person\/afebf9a6641e07827cda3c96032f5a3d"},"headline":"PORTAIT DE MAKER","datePublished":"2025-08-23T08:16:50+00:00","dateModified":"2025-08-23T08:21:38+00:00","mainEntityOfPage":{"@id":"https:\/\/www.samverlen.com\/index.php\/2025\/08\/23\/2467\/"},"wordCount":300,"commentCount":0,"image":{"@id":"https:\/\/www.samverlen.com\/index.php\/2025\/08\/23\/2467\/#primaryimage"},"thumbnailUrl":"https:\/\/www.samverlen.com\/wp-content\/uploads\/2024\/08\/05-lhomme-montagne-Nov2023-\u00a9Damien-Journee.jpg","articleSection":["news"],"inLanguage":"fr-FR","potentialAction":[{"@type":"CommentAction","name":"Comment","target":["https:\/\/www.samverlen.com\/index.php\/2025\/08\/23\/2467\/#respond"]}]},{"@type":"WebPage","@id":"https:\/\/www.samverlen.com\/index.php\/2025\/08\/23\/2467\/","url":"https:\/\/www.samverlen.com\/index.php\/2025\/08\/23\/2467\/","name":"PORTAIT DE MAKER - Sam Verlen","isPartOf":{"@id":"https:\/\/www.samverlen.com\/#website"},"primaryImageOfPage":{"@id":"https:\/\/www.samverlen.com\/index.php\/2025\/08\/23\/2467\/#primaryimage"},"image":{"@id":"https:\/\/www.samverlen.com\/index.php\/2025\/08\/23\/2467\/#primaryimage"},"thumbnailUrl":"https:\/\/www.samverlen.com\/wp-content\/uploads\/2024\/08\/05-lhomme-montagne-Nov2023-\u00a9Damien-Journee.jpg","datePublished":"2025-08-23T08:16:50+00:00","dateModified":"2025-08-23T08:21:38+00:00","author":{"@id":"https:\/\/www.samverlen.com\/#\/schema\/person\/afebf9a6641e07827cda3c96032f5a3d"},"breadcrumb":{"@id":"https:\/\/www.samverlen.com\/index.php\/2025\/08\/23\/2467\/#breadcrumb"},"inLanguage":"fr-FR","potentialAction":[{"@type":"ReadAction","target":["https:\/\/www.samverlen.com\/index.php\/2025\/08\/23\/2467\/"]}]},{"@type":"ImageObject","inLanguage":"fr-FR","@id":"https:\/\/www.samverlen.com\/index.php\/2025\/08\/23\/2467\/#primaryimage","url":"https:\/\/www.samverlen.com\/wp-content\/uploads\/2024\/08\/05-lhomme-montagne-Nov2023-\u00a9Damien-Journee.jpg","contentUrl":"https:\/\/www.samverlen.com\/wp-content\/uploads\/2024\/08\/05-lhomme-montagne-Nov2023-\u00a9Damien-Journee.jpg","width":1000,"height":1500},{"@type":"BreadcrumbList","@id":"https:\/\/www.samverlen.com\/index.php\/2025\/08\/23\/2467\/#breadcrumb","itemListElement":[{"@type":"ListItem","position":1,"name":"Accueil","item":"https:\/\/www.samverlen.com\/"},{"@type":"ListItem","position":2,"name":"PORTAIT DE MAKER"}]},{"@type":"WebSite","@id":"https:\/\/www.samverlen.com\/#website","url":"https:\/\/www.samverlen.com\/","name":"Sam Verlen","description":"Chercheur de po\u00e9sie sonore \/\/ Compositeur, musicien","potentialAction":[{"@type":"SearchAction","target":{"@type":"EntryPoint","urlTemplate":"https:\/\/www.samverlen.com\/?s={search_term_string}"},"query-input":{"@type":"PropertyValueSpecification","valueRequired":true,"valueName":"search_term_string"}}],"inLanguage":"fr-FR"},{"@type":"Person","@id":"https:\/\/www.samverlen.com\/#\/schema\/person\/afebf9a6641e07827cda3c96032f5a3d","name":"samverlen","image":{"@type":"ImageObject","inLanguage":"fr-FR","@id":"https:\/\/secure.gravatar.com\/avatar\/bb71d7c316348923a9c8f09e6ff09f43f1d48a987eff10b4119565e5a4f2ecd9?s=96&d=mm&r=g","url":"https:\/\/secure.gravatar.com\/avatar\/bb71d7c316348923a9c8f09e6ff09f43f1d48a987eff10b4119565e5a4f2ecd9?s=96&d=mm&r=g","contentUrl":"https:\/\/secure.gravatar.com\/avatar\/bb71d7c316348923a9c8f09e6ff09f43f1d48a987eff10b4119565e5a4f2ecd9?s=96&d=mm&r=g","caption":"samverlen"}}]}},"_links":{"self":[{"href":"https:\/\/www.samverlen.com\/index.php\/wp-json\/wp\/v2\/posts\/2467","targetHints":{"allow":["GET"]}}],"collection":[{"href":"https:\/\/www.samverlen.com\/index.php\/wp-json\/wp\/v2\/posts"}],"about":[{"href":"https:\/\/www.samverlen.com\/index.php\/wp-json\/wp\/v2\/types\/post"}],"author":[{"embeddable":true,"href":"https:\/\/www.samverlen.com\/index.php\/wp-json\/wp\/v2\/users\/1"}],"replies":[{"embeddable":true,"href":"https:\/\/www.samverlen.com\/index.php\/wp-json\/wp\/v2\/comments?post=2467"}],"version-history":[{"count":6,"href":"https:\/\/www.samverlen.com\/index.php\/wp-json\/wp\/v2\/posts\/2467\/revisions"}],"predecessor-version":[{"id":2476,"href":"https:\/\/www.samverlen.com\/index.php\/wp-json\/wp\/v2\/posts\/2467\/revisions\/2476"}],"wp:featuredmedia":[{"embeddable":true,"href":"https:\/\/www.samverlen.com\/index.php\/wp-json\/wp\/v2\/media\/2289"}],"wp:attachment":[{"href":"https:\/\/www.samverlen.com\/index.php\/wp-json\/wp\/v2\/media?parent=2467"}],"wp:term":[{"taxonomy":"category","embeddable":true,"href":"https:\/\/www.samverlen.com\/index.php\/wp-json\/wp\/v2\/categories?post=2467"},{"taxonomy":"post_tag","embeddable":true,"href":"https:\/\/www.samverlen.com\/index.php\/wp-json\/wp\/v2\/tags?post=2467"}],"curies":[{"name":"wp","href":"https:\/\/api.w.org\/{rel}","templated":true}]}}