{"id":437,"date":"2012-01-10T13:51:45","date_gmt":"2012-01-10T12:51:45","guid":{"rendered":"http:\/\/samverlen.free.fr\/?p=437"},"modified":"2012-01-10T13:51:45","modified_gmt":"2012-01-10T12:51:45","slug":"437","status":"publish","type":"post","link":"https:\/\/www.samverlen.com\/index.php\/2012\/01\/10\/437\/","title":{"rendered":"Printemps des po\u00e8tes 2012 \u2013 concours Andr\u00e9e Ch\u00e9did"},"content":{"rendered":"<p style=\"text-align: justify;\">Comme tous les ans, le concours Andr\u00e9e Ch\u00e9did du Printemps des po\u00e8tes propose aux compositeurs\/chanteurs de mettre en musique un texte, une po\u00e9sie.<\/p>\n<p style=\"text-align: justify;\">En 2012, il s\u2019agissait de \u00ab\u00a0L&rsquo;attrape-r\u00eave \u00bb, un texte du po\u00e8te Michel Butor.\u00a0Je suis reparti d\u2019une musique compos\u00e9e pour le projet \u00ab\u00a0<a title=\"CROQUE BAZAR\" href=\"http:\/\/samverlen.free.fr\/?p=243\">Croque Bazar<\/a>\u00a0\u00bb que j\u2019ai d\u00e9velopp\u00e9 pour la chanson. Au final, ma proposition a \u00e9t\u00e9 retenue parmi les 10 meilleures propos\u00e9es.<\/p>\n<p style=\"text-align: center;\"><strong>Voici donc la chanson enregistr\u00e9e \u00ab\u00a0maison\u00a0\u00bb<\/strong>\u00a0(on est loin du niveau de production studio de mes disques \u00e9videmment) \u00a0:<br \/>\n[soundcloud]https:\/\/soundcloud.com\/sam-verlen\/lattrape-reves-concours-andree-chedid-printemps-des-poetes-2012[\/soundcloud]<br \/>\n<span style=\"line-height: 1.6em; font-style: inherit;\"><br \/>\n<strong>Le texte :<\/strong><\/span><\/p>\n<p style=\"text-align: center;\">L&rsquo;attrape-r\u00eaves<\/p>\n<p style=\"text-align: center;\">Dormir avec toi retrouver<br \/>\nau moindre sursaut ton \u00e9paule<br \/>\nentendre ta respiration<br \/>\nmesure du temps qui me reste<\/p>\n<p style=\"text-align: center;\">Reste encore un peu pr\u00e8s de moi<br \/>\nconsole-moi de ton absence<br \/>\ntoutes les saisons de ta vie<br \/>\nteindront la roue de mes ann\u00e9es<\/p>\n<p style=\"text-align: center;\">Tant d&rsquo;autres fant\u00f4mes d\u00e9filent<br \/>\ndans les corridors du sommeil<\/p>\n<p style=\"text-align: center;\">Encore te voir et t&rsquo;entendre<br \/>\nsuivre tes conseils ob\u00e9ir<br \/>\n\u00e0 tes subtiles suggestions<br \/>\ndans mes h\u00e9sitations voraces<\/p>\n<p style=\"text-align: center;\">Moi qui suis si sec et si raide<br \/>\ncherchant \u00e0 maintenir le masque<br \/>\nsans lequel je m&rsquo;effondrerais<br \/>\nsans lequel je m&rsquo;effondrerais<\/p>\n<p style=\"text-align: center;\">Tant d&rsquo;autres fant\u00f4mes d\u00e9filent<br \/>\ndans les corridors du sommeil<br \/>\nmontant descendant sans r\u00e9pit<br \/>\nles ascenseurs de la m\u00e9moire<\/p>\n<p style=\"text-align: center;\">Michel Butor<\/p>\n<p><\/p>","protected":false},"excerpt":{"rendered":"<p>Comme tous les ans, le concours Andr\u00e9e Ch\u00e9did du Printemps des po\u00e8tes propose aux compositeurs\/chanteurs de mettre en musique un texte, une po\u00e9sie. En 2012, il s\u2019agissait de \u00ab\u00a0L&rsquo;attrape-r\u00eave \u00bb, un texte du po\u00e8te Michel Butor.\u00a0Je suis reparti d\u2019une musique compos\u00e9e pour le projet \u00ab\u00a0Croque&#8230;<\/p>\n","protected":false},"author":1,"featured_media":406,"comment_status":"open","ping_status":"open","sticky":false,"template":"","format":"standard","meta":{"_et_pb_use_builder":"","_et_pb_old_content":"","_et_gb_content_width":"","footnotes":""},"categories":[5,1],"tags":[],"class_list":["post-437","post","type-post","status-publish","format-standard","has-post-thumbnail","hentry","category-news","category-non-classe"],"yoast_head":"<!-- This site is optimized with the Yoast SEO plugin v27.4 - https:\/\/yoast.com\/product\/yoast-seo-wordpress\/ -->\n<title>Printemps des po\u00e8tes 2012 \u2013 concours Andr\u00e9e Ch\u00e9did - Sam Verlen<\/title>\n<meta name=\"robots\" content=\"index, follow, max-snippet:-1, max-image-preview:large, max-video-preview:-1\" \/>\n<link rel=\"canonical\" href=\"https:\/\/www.samverlen.com\/index.php\/2012\/01\/10\/437\/\" \/>\n<meta property=\"og:locale\" content=\"fr_FR\" \/>\n<meta property=\"og:type\" content=\"article\" \/>\n<meta property=\"og:title\" content=\"Printemps des po\u00e8tes 2012 \u2013 concours Andr\u00e9e Ch\u00e9did - Sam Verlen\" \/>\n<meta property=\"og:description\" content=\"Comme tous les ans, le concours Andr\u00e9e Ch\u00e9did du Printemps des po\u00e8tes propose aux compositeurs\/chanteurs de mettre en musique un texte, une po\u00e9sie. En 2012, il s\u2019agissait de \u00ab\u00a0L&rsquo;attrape-r\u00eave \u00bb, un texte du po\u00e8te Michel Butor.\u00a0Je suis reparti d\u2019une musique compos\u00e9e pour le projet \u00ab\u00a0Croque...\" \/>\n<meta property=\"og:url\" content=\"https:\/\/www.samverlen.com\/index.php\/2012\/01\/10\/437\/\" \/>\n<meta property=\"og:site_name\" content=\"Sam Verlen\" \/>\n<meta property=\"article:publisher\" content=\"https:\/\/www.facebook.com\/sverlen\" \/>\n<meta property=\"article:published_time\" content=\"2012-01-10T12:51:45+00:00\" \/>\n<meta property=\"og:image\" content=\"https:\/\/www.samverlen.com\/wp-content\/uploads\/2014\/08\/PdP_Concours.jpg\" \/>\n\t<meta property=\"og:image:width\" content=\"551\" \/>\n\t<meta property=\"og:image:height\" content=\"551\" \/>\n\t<meta property=\"og:image:type\" content=\"image\/jpeg\" \/>\n<meta name=\"author\" content=\"samverlen\" \/>\n<meta name=\"twitter:card\" content=\"summary_large_image\" \/>\n<meta name=\"twitter:creator\" content=\"@samverlen\" \/>\n<meta name=\"twitter:site\" content=\"@samverlen\" \/>\n<meta name=\"twitter:label1\" content=\"\u00c9crit par\" \/>\n\t<meta name=\"twitter:data1\" content=\"samverlen\" \/>\n\t<meta name=\"twitter:label2\" content=\"Dur\u00e9e de lecture estim\u00e9e\" \/>\n\t<meta name=\"twitter:data2\" content=\"1 minute\" \/>\n<script type=\"application\/ld+json\" class=\"yoast-schema-graph\">{\"@context\":\"https:\\\/\\\/schema.org\",\"@graph\":[{\"@type\":\"Article\",\"@id\":\"https:\\\/\\\/www.samverlen.com\\\/index.php\\\/2012\\\/01\\\/10\\\/437\\\/#article\",\"isPartOf\":{\"@id\":\"https:\\\/\\\/www.samverlen.com\\\/index.php\\\/2012\\\/01\\\/10\\\/437\\\/\"},\"author\":{\"name\":\"samverlen\",\"@id\":\"https:\\\/\\\/www.samverlen.com\\\/#\\\/schema\\\/person\\\/afebf9a6641e07827cda3c96032f5a3d\"},\"headline\":\"Printemps des po\u00e8tes 2012 \u2013 concours Andr\u00e9e Ch\u00e9did\",\"datePublished\":\"2012-01-10T12:51:45+00:00\",\"mainEntityOfPage\":{\"@id\":\"https:\\\/\\\/www.samverlen.com\\\/index.php\\\/2012\\\/01\\\/10\\\/437\\\/\"},\"wordCount\":230,\"commentCount\":0,\"image\":{\"@id\":\"https:\\\/\\\/www.samverlen.com\\\/index.php\\\/2012\\\/01\\\/10\\\/437\\\/#primaryimage\"},\"thumbnailUrl\":\"https:\\\/\\\/www.samverlen.com\\\/wp-content\\\/uploads\\\/2014\\\/08\\\/PdP_Concours.jpg\",\"articleSection\":[\"news\"],\"inLanguage\":\"fr-FR\",\"potentialAction\":[{\"@type\":\"CommentAction\",\"name\":\"Comment\",\"target\":[\"https:\\\/\\\/www.samverlen.com\\\/index.php\\\/2012\\\/01\\\/10\\\/437\\\/#respond\"]}]},{\"@type\":\"WebPage\",\"@id\":\"https:\\\/\\\/www.samverlen.com\\\/index.php\\\/2012\\\/01\\\/10\\\/437\\\/\",\"url\":\"https:\\\/\\\/www.samverlen.com\\\/index.php\\\/2012\\\/01\\\/10\\\/437\\\/\",\"name\":\"Printemps des po\u00e8tes 2012 \u2013 concours Andr\u00e9e Ch\u00e9did - Sam Verlen\",\"isPartOf\":{\"@id\":\"https:\\\/\\\/www.samverlen.com\\\/#website\"},\"primaryImageOfPage\":{\"@id\":\"https:\\\/\\\/www.samverlen.com\\\/index.php\\\/2012\\\/01\\\/10\\\/437\\\/#primaryimage\"},\"image\":{\"@id\":\"https:\\\/\\\/www.samverlen.com\\\/index.php\\\/2012\\\/01\\\/10\\\/437\\\/#primaryimage\"},\"thumbnailUrl\":\"https:\\\/\\\/www.samverlen.com\\\/wp-content\\\/uploads\\\/2014\\\/08\\\/PdP_Concours.jpg\",\"datePublished\":\"2012-01-10T12:51:45+00:00\",\"author\":{\"@id\":\"https:\\\/\\\/www.samverlen.com\\\/#\\\/schema\\\/person\\\/afebf9a6641e07827cda3c96032f5a3d\"},\"breadcrumb\":{\"@id\":\"https:\\\/\\\/www.samverlen.com\\\/index.php\\\/2012\\\/01\\\/10\\\/437\\\/#breadcrumb\"},\"inLanguage\":\"fr-FR\",\"potentialAction\":[{\"@type\":\"ReadAction\",\"target\":[\"https:\\\/\\\/www.samverlen.com\\\/index.php\\\/2012\\\/01\\\/10\\\/437\\\/\"]}]},{\"@type\":\"ImageObject\",\"inLanguage\":\"fr-FR\",\"@id\":\"https:\\\/\\\/www.samverlen.com\\\/index.php\\\/2012\\\/01\\\/10\\\/437\\\/#primaryimage\",\"url\":\"https:\\\/\\\/www.samverlen.com\\\/wp-content\\\/uploads\\\/2014\\\/08\\\/PdP_Concours.jpg\",\"contentUrl\":\"https:\\\/\\\/www.samverlen.com\\\/wp-content\\\/uploads\\\/2014\\\/08\\\/PdP_Concours.jpg\",\"width\":551,\"height\":551},{\"@type\":\"BreadcrumbList\",\"@id\":\"https:\\\/\\\/www.samverlen.com\\\/index.php\\\/2012\\\/01\\\/10\\\/437\\\/#breadcrumb\",\"itemListElement\":[{\"@type\":\"ListItem\",\"position\":1,\"name\":\"Accueil\",\"item\":\"https:\\\/\\\/www.samverlen.com\\\/\"},{\"@type\":\"ListItem\",\"position\":2,\"name\":\"Printemps des po\u00e8tes 2012 \u2013 concours Andr\u00e9e Ch\u00e9did\"}]},{\"@type\":\"WebSite\",\"@id\":\"https:\\\/\\\/www.samverlen.com\\\/#website\",\"url\":\"https:\\\/\\\/www.samverlen.com\\\/\",\"name\":\"Sam Verlen\",\"description\":\"Chercheur de po\u00e9sie sonore \\\/\\\/ Compositeur, musicien\",\"potentialAction\":[{\"@type\":\"SearchAction\",\"target\":{\"@type\":\"EntryPoint\",\"urlTemplate\":\"https:\\\/\\\/www.samverlen.com\\\/?s={search_term_string}\"},\"query-input\":{\"@type\":\"PropertyValueSpecification\",\"valueRequired\":true,\"valueName\":\"search_term_string\"}}],\"inLanguage\":\"fr-FR\"},{\"@type\":\"Person\",\"@id\":\"https:\\\/\\\/www.samverlen.com\\\/#\\\/schema\\\/person\\\/afebf9a6641e07827cda3c96032f5a3d\",\"name\":\"samverlen\",\"image\":{\"@type\":\"ImageObject\",\"inLanguage\":\"fr-FR\",\"@id\":\"https:\\\/\\\/secure.gravatar.com\\\/avatar\\\/bb71d7c316348923a9c8f09e6ff09f43f1d48a987eff10b4119565e5a4f2ecd9?s=96&d=mm&r=g\",\"url\":\"https:\\\/\\\/secure.gravatar.com\\\/avatar\\\/bb71d7c316348923a9c8f09e6ff09f43f1d48a987eff10b4119565e5a4f2ecd9?s=96&d=mm&r=g\",\"contentUrl\":\"https:\\\/\\\/secure.gravatar.com\\\/avatar\\\/bb71d7c316348923a9c8f09e6ff09f43f1d48a987eff10b4119565e5a4f2ecd9?s=96&d=mm&r=g\",\"caption\":\"samverlen\"}}]}<\/script>\n<!-- \/ Yoast SEO plugin. -->","yoast_head_json":{"title":"Printemps des po\u00e8tes 2012 \u2013 concours Andr\u00e9e Ch\u00e9did - Sam Verlen","robots":{"index":"index","follow":"follow","max-snippet":"max-snippet:-1","max-image-preview":"max-image-preview:large","max-video-preview":"max-video-preview:-1"},"canonical":"https:\/\/www.samverlen.com\/index.php\/2012\/01\/10\/437\/","og_locale":"fr_FR","og_type":"article","og_title":"Printemps des po\u00e8tes 2012 \u2013 concours Andr\u00e9e Ch\u00e9did - Sam Verlen","og_description":"Comme tous les ans, le concours Andr\u00e9e Ch\u00e9did du Printemps des po\u00e8tes propose aux compositeurs\/chanteurs de mettre en musique un texte, une po\u00e9sie. En 2012, il s\u2019agissait de \u00ab\u00a0L&rsquo;attrape-r\u00eave \u00bb, un texte du po\u00e8te Michel Butor.\u00a0Je suis reparti d\u2019une musique compos\u00e9e pour le projet \u00ab\u00a0Croque...","og_url":"https:\/\/www.samverlen.com\/index.php\/2012\/01\/10\/437\/","og_site_name":"Sam Verlen","article_publisher":"https:\/\/www.facebook.com\/sverlen","article_published_time":"2012-01-10T12:51:45+00:00","og_image":[{"width":551,"height":551,"url":"https:\/\/www.samverlen.com\/wp-content\/uploads\/2014\/08\/PdP_Concours.jpg","type":"image\/jpeg"}],"author":"samverlen","twitter_card":"summary_large_image","twitter_creator":"@samverlen","twitter_site":"@samverlen","twitter_misc":{"\u00c9crit par":"samverlen","Dur\u00e9e de lecture estim\u00e9e":"1 minute"},"schema":{"@context":"https:\/\/schema.org","@graph":[{"@type":"Article","@id":"https:\/\/www.samverlen.com\/index.php\/2012\/01\/10\/437\/#article","isPartOf":{"@id":"https:\/\/www.samverlen.com\/index.php\/2012\/01\/10\/437\/"},"author":{"name":"samverlen","@id":"https:\/\/www.samverlen.com\/#\/schema\/person\/afebf9a6641e07827cda3c96032f5a3d"},"headline":"Printemps des po\u00e8tes 2012 \u2013 concours Andr\u00e9e Ch\u00e9did","datePublished":"2012-01-10T12:51:45+00:00","mainEntityOfPage":{"@id":"https:\/\/www.samverlen.com\/index.php\/2012\/01\/10\/437\/"},"wordCount":230,"commentCount":0,"image":{"@id":"https:\/\/www.samverlen.com\/index.php\/2012\/01\/10\/437\/#primaryimage"},"thumbnailUrl":"https:\/\/www.samverlen.com\/wp-content\/uploads\/2014\/08\/PdP_Concours.jpg","articleSection":["news"],"inLanguage":"fr-FR","potentialAction":[{"@type":"CommentAction","name":"Comment","target":["https:\/\/www.samverlen.com\/index.php\/2012\/01\/10\/437\/#respond"]}]},{"@type":"WebPage","@id":"https:\/\/www.samverlen.com\/index.php\/2012\/01\/10\/437\/","url":"https:\/\/www.samverlen.com\/index.php\/2012\/01\/10\/437\/","name":"Printemps des po\u00e8tes 2012 \u2013 concours Andr\u00e9e Ch\u00e9did - Sam Verlen","isPartOf":{"@id":"https:\/\/www.samverlen.com\/#website"},"primaryImageOfPage":{"@id":"https:\/\/www.samverlen.com\/index.php\/2012\/01\/10\/437\/#primaryimage"},"image":{"@id":"https:\/\/www.samverlen.com\/index.php\/2012\/01\/10\/437\/#primaryimage"},"thumbnailUrl":"https:\/\/www.samverlen.com\/wp-content\/uploads\/2014\/08\/PdP_Concours.jpg","datePublished":"2012-01-10T12:51:45+00:00","author":{"@id":"https:\/\/www.samverlen.com\/#\/schema\/person\/afebf9a6641e07827cda3c96032f5a3d"},"breadcrumb":{"@id":"https:\/\/www.samverlen.com\/index.php\/2012\/01\/10\/437\/#breadcrumb"},"inLanguage":"fr-FR","potentialAction":[{"@type":"ReadAction","target":["https:\/\/www.samverlen.com\/index.php\/2012\/01\/10\/437\/"]}]},{"@type":"ImageObject","inLanguage":"fr-FR","@id":"https:\/\/www.samverlen.com\/index.php\/2012\/01\/10\/437\/#primaryimage","url":"https:\/\/www.samverlen.com\/wp-content\/uploads\/2014\/08\/PdP_Concours.jpg","contentUrl":"https:\/\/www.samverlen.com\/wp-content\/uploads\/2014\/08\/PdP_Concours.jpg","width":551,"height":551},{"@type":"BreadcrumbList","@id":"https:\/\/www.samverlen.com\/index.php\/2012\/01\/10\/437\/#breadcrumb","itemListElement":[{"@type":"ListItem","position":1,"name":"Accueil","item":"https:\/\/www.samverlen.com\/"},{"@type":"ListItem","position":2,"name":"Printemps des po\u00e8tes 2012 \u2013 concours Andr\u00e9e Ch\u00e9did"}]},{"@type":"WebSite","@id":"https:\/\/www.samverlen.com\/#website","url":"https:\/\/www.samverlen.com\/","name":"Sam Verlen","description":"Chercheur de po\u00e9sie sonore \/\/ Compositeur, musicien","potentialAction":[{"@type":"SearchAction","target":{"@type":"EntryPoint","urlTemplate":"https:\/\/www.samverlen.com\/?s={search_term_string}"},"query-input":{"@type":"PropertyValueSpecification","valueRequired":true,"valueName":"search_term_string"}}],"inLanguage":"fr-FR"},{"@type":"Person","@id":"https:\/\/www.samverlen.com\/#\/schema\/person\/afebf9a6641e07827cda3c96032f5a3d","name":"samverlen","image":{"@type":"ImageObject","inLanguage":"fr-FR","@id":"https:\/\/secure.gravatar.com\/avatar\/bb71d7c316348923a9c8f09e6ff09f43f1d48a987eff10b4119565e5a4f2ecd9?s=96&d=mm&r=g","url":"https:\/\/secure.gravatar.com\/avatar\/bb71d7c316348923a9c8f09e6ff09f43f1d48a987eff10b4119565e5a4f2ecd9?s=96&d=mm&r=g","contentUrl":"https:\/\/secure.gravatar.com\/avatar\/bb71d7c316348923a9c8f09e6ff09f43f1d48a987eff10b4119565e5a4f2ecd9?s=96&d=mm&r=g","caption":"samverlen"}}]}},"_links":{"self":[{"href":"https:\/\/www.samverlen.com\/index.php\/wp-json\/wp\/v2\/posts\/437","targetHints":{"allow":["GET"]}}],"collection":[{"href":"https:\/\/www.samverlen.com\/index.php\/wp-json\/wp\/v2\/posts"}],"about":[{"href":"https:\/\/www.samverlen.com\/index.php\/wp-json\/wp\/v2\/types\/post"}],"author":[{"embeddable":true,"href":"https:\/\/www.samverlen.com\/index.php\/wp-json\/wp\/v2\/users\/1"}],"replies":[{"embeddable":true,"href":"https:\/\/www.samverlen.com\/index.php\/wp-json\/wp\/v2\/comments?post=437"}],"version-history":[{"count":0,"href":"https:\/\/www.samverlen.com\/index.php\/wp-json\/wp\/v2\/posts\/437\/revisions"}],"wp:featuredmedia":[{"embeddable":true,"href":"https:\/\/www.samverlen.com\/index.php\/wp-json\/wp\/v2\/media\/406"}],"wp:attachment":[{"href":"https:\/\/www.samverlen.com\/index.php\/wp-json\/wp\/v2\/media?parent=437"}],"wp:term":[{"taxonomy":"category","embeddable":true,"href":"https:\/\/www.samverlen.com\/index.php\/wp-json\/wp\/v2\/categories?post=437"},{"taxonomy":"post_tag","embeddable":true,"href":"https:\/\/www.samverlen.com\/index.php\/wp-json\/wp\/v2\/tags?post=437"}],"curies":[{"name":"wp","href":"https:\/\/api.w.org\/{rel}","templated":true}]}}