{"id":542,"date":"2015-01-17T19:34:01","date_gmt":"2015-01-17T18:34:01","guid":{"rendered":"http:\/\/samverlen.free.fr\/?p=542"},"modified":"2018-08-18T22:21:44","modified_gmt":"2018-08-18T20:21:44","slug":"atelier-chanson-avec-des-lyceenes-de-fougeres","status":"publish","type":"post","link":"https:\/\/www.samverlen.com\/index.php\/2015\/01\/17\/atelier-chanson-avec-des-lyceenes-de-fougeres\/","title":{"rendered":"Atelier chanson avec des lyc\u00e9en(e)s de Foug\u00e8res"},"content":{"rendered":"<p>A l&rsquo;invitation du lyc\u00e9e Jean Gu\u00e9h\u00e9nno de Foug\u00e8res (et par l&rsquo;interm\u00e9diaire du <a title=\"Le coquelicot\" href=\"http:\/\/le-coquelicot.fr\/sam-verlen-jeudi-05-fvrier\/\" target=\"_blank\" rel=\"noopener\">caf\u00e9\/concert le Coquelicot<\/a> o\u00f9 l&rsquo;on se joue le concert \u00ab\u00a0Divagations\u00a0\u00bb\u00a0 le 5 F\u00e9vrier prochain), je suis venu mettre en musique et enregistrer deux textes de chansons avec des \u00e9l\u00e8ves de 2ndes (g\u00e9n\u00e9rale et Pro) dans le cadre de l&rsquo;Accompagnement Personnalis\u00e9.<\/p>\n<p>Le contexte \u00e9tait diff\u00e9rent des ateliers habituels: les textes avait d\u00e9j\u00e0 \u00e9t\u00e9 \u00e9crit coll\u00e9gialement avec leurs professeurs et sur des th\u00e8mes pr\u00e9cis, j&rsquo;\u00e9tais donc sans Christos (mon comp\u00e8re de plume) et je devais les aider \u00e0 transformer leurs textes en chansons et \u00e0 les enregistrer ! En plus, c&rsquo;\u00e9tait mon crash test (premi\u00e8re fois pour moi) avec des lyc\u00e9en(e)s mais tout le monde est revenu indemne et m\u00eame heureux de l&rsquo;exp\u00e9rience !<\/p>\n<p>Lors du premier atelier, on a pas mal discut\u00e9 de leurs textes (\u00e0 \u00e9couter ci-dessous, \u00e7a vaut le coup), comment ils l&rsquo;avaient fabriqu\u00e9\/imagin\u00e9 et le propos sous-jacent.<br \/>\n\u00ab\u00a0L&rsquo;amalgame\u00a0\u00bb, contre toute attente, n&rsquo;est pas un texte pr\u00e9monitoire (il a \u00e9t\u00e9 \u00e9crit en Novembre dernier): il a \u00e9t\u00e9 construit \u00e0 partir de mots impos\u00e9s pour le concours <a title=\"10\" href=\"http:\/\/www.dismoidixmots.culture.fr\/\" target=\"_blank\" rel=\"noopener\">dis moi dix mots<\/a> et en d\u00e9veloppant un aspect caract\u00e9risant l&rsquo;adolescence et commen\u00e7ant par la phrase \u00ab\u00a0Adolescent, je me sens&#8230;\u00a0\u00bb.<br \/>\n\u00ab\u00a0L&rsquo;invitation au voyage\u00a0\u00bb a \u00e9t\u00e9 \u00e9crite suite \u00e0 des \u00e9tudes de textes de po\u00e9sie d&rsquo;auteur \u00ab\u00a0classiques\u00a0\u00bb et est la synth\u00e8se d&rsquo;extraits de po\u00e9sie \u00e9crit par chaque \u00e9l\u00e8ve sur ce que leur \u00e9voquait le voyage (cr\u00e9\u00e9e pour certain(e)s en \u00e9criture automatique).<\/p>\n<p>Suite \u00e0 nos discussions, je leur ai propos\u00e9 des embryons de musiques susceptible de coller avec leurs mots, ils ont choisi l&rsquo;une d&rsquo;entre elles et m&rsquo;ont donn\u00e9 des pistes pour les arrangements (en fonction de ce qui leur plaisait: plut\u00f4t rock \u00e9lectro pour l&rsquo;une des classes et reggae pour l&rsquo;autre classe). Et puis on a commenc\u00e9 \u00e0 enregistrer des choeurs, des claps, etc&#8230;on s&rsquo;est retrouv\u00e9 ainsi trois semaines d&rsquo;affil\u00e9 pour enregistrer toutes leurs voix. On \u00e9tait un peu juste en temps\u00a0 car les classes \u00e9taient \u00ab\u00a0nombreuses\u00a0\u00bb (une des deux classes comptait 36 \u00e9l\u00e8ves). Et bizarrement, le lyc\u00e9en (la lyc\u00e9enne aussi) a parfois un peu de mal \u00e0 se l\u00e2cher face au regards des autres (le sentiment de surpuissance serait-il une l\u00e9gende ?). J&rsquo;ai donc fini par enregistrer chacun(e) en individuel avec moi dans le mini-studio d&rsquo;enregistrement mobile que j&rsquo;avais am\u00e9nag\u00e9 dans leur salle de communication.<\/p>\n<p>Je suis tr\u00e8s fier d&rsquo;eux car ils se sont tous impliqu\u00e9s une fois devant le micro m\u00eame quand ils entraient dans la pi\u00e8ce d&rsquo;enregistrement un peu \u00e0 reculons. Et le rendu en t\u00e9moigne, m\u00eame s&rsquo;il est bien entendu perfectible (comme d&rsquo;hab, j\u2019ai pris le parti de ne rien gommer\/trafiquer, c\u2019est du 100% bio et naturel). Sur cet atelier, j&rsquo;ai aussi test\u00e9 un peu de slam\/texte d\u00e9clam\u00e9 pour celles &amp; ceux qui pr\u00e9f\u00e9raient ne pas chanter. Ce m\u00e9lange est sympa je trouve, je crois que je testerai ce genre de choses aussi sur mes prochaines chansons&#8230;<\/p>\n<p style=\"text-align: center;\">Les deux chansons r\u00e9alis\u00e9es, les voici :<br \/>\n[soundcloud]https:\/\/soundcloud.com\/user-491765226-130909389\/sets\/ateliers-chanson-a-fougeres[\/soundcloud]<\/p>\n<p>\u00a0<a href=\"http:\/\/samverlesc.cluster020.hosting.ovh.net\/wp-content\/uploads\/2015\/03\/ArticleFougeresAtelier20151.jpg\"><img loading=\"lazy\" decoding=\"async\" class=\"alignnone size-medium wp-image-569\" src=\"http:\/\/samverlesc.cluster020.hosting.ovh.net\/wp-content\/uploads\/2015\/03\/ArticleFougeresAtelier20151.jpg\" alt=\"ArticleFougeresAtelier20151\" width=\"1446\" height=\"1084\" srcset=\"https:\/\/www.samverlen.com\/wp-content\/uploads\/2015\/03\/ArticleFougeresAtelier20151.jpg 1446w, https:\/\/www.samverlen.com\/wp-content\/uploads\/2015\/03\/ArticleFougeresAtelier20151-300x225.jpg 300w, https:\/\/www.samverlen.com\/wp-content\/uploads\/2015\/03\/ArticleFougeresAtelier20151-768x576.jpg 768w, https:\/\/www.samverlen.com\/wp-content\/uploads\/2015\/03\/ArticleFougeresAtelier20151-1024x768.jpg 1024w, https:\/\/www.samverlen.com\/wp-content\/uploads\/2015\/03\/ArticleFougeresAtelier20151-448x336.jpg 448w, https:\/\/www.samverlen.com\/wp-content\/uploads\/2015\/03\/ArticleFougeresAtelier20151-750x562.jpg 750w, https:\/\/www.samverlen.com\/wp-content\/uploads\/2015\/03\/ArticleFougeresAtelier20151-488x366.jpg 488w, https:\/\/www.samverlen.com\/wp-content\/uploads\/2015\/03\/ArticleFougeresAtelier20151-800x600.jpg 800w\" sizes=\"auto, (max-width: 1446px) 100vw, 1446px\" \/><\/a><\/p>\n<p>Lien sur le site du Lyc\u00e9e : <a href=\"http:\/\/www.citescolairejeanguehenno-fougeres.ac-rennes.fr\/spip.php?article394\" target=\"_blank\" rel=\"noopener\">http:\/\/www.citescolairejeanguehenno-fougeres.ac-rennes.fr\/spip.php?article394<\/a><\/p>\n<p>&nbsp;<\/p>\n<p><\/p>","protected":false},"excerpt":{"rendered":"<p>A l&rsquo;invitation du lyc\u00e9e Jean Gu\u00e9h\u00e9nno de Foug\u00e8res (et par l&rsquo;interm\u00e9diaire du caf\u00e9\/concert le Coquelicot o\u00f9 l&rsquo;on se joue le concert \u00ab\u00a0Divagations\u00a0\u00bb\u00a0 le 5 F\u00e9vrier prochain), je suis venu mettre en musique et enregistrer deux textes de chansons avec des \u00e9l\u00e8ves de 2ndes (g\u00e9n\u00e9rale et&#8230;<\/p>\n","protected":false},"author":1,"featured_media":554,"comment_status":"open","ping_status":"open","sticky":true,"template":"","format":"standard","meta":{"_et_pb_use_builder":"","_et_pb_old_content":"","_et_gb_content_width":"","footnotes":""},"categories":[5,1],"tags":[],"class_list":["post-542","post","type-post","status-publish","format-standard","has-post-thumbnail","hentry","category-news","category-non-classe"],"yoast_head":"<!-- This site is optimized with the Yoast SEO plugin v27.5 - https:\/\/yoast.com\/product\/yoast-seo-wordpress\/ -->\n<title>Atelier chanson avec des lyc\u00e9en(e)s de Foug\u00e8res - Sam Verlen<\/title>\n<meta name=\"robots\" content=\"index, follow, max-snippet:-1, max-image-preview:large, max-video-preview:-1\" \/>\n<link rel=\"canonical\" href=\"https:\/\/www.samverlen.com\/index.php\/2015\/01\/17\/atelier-chanson-avec-des-lyceenes-de-fougeres\/\" \/>\n<meta property=\"og:locale\" content=\"fr_FR\" \/>\n<meta property=\"og:type\" content=\"article\" \/>\n<meta property=\"og:title\" content=\"Atelier chanson avec des lyc\u00e9en(e)s de Foug\u00e8res - Sam Verlen\" \/>\n<meta property=\"og:description\" content=\"A l&rsquo;invitation du lyc\u00e9e Jean Gu\u00e9h\u00e9nno de Foug\u00e8res (et par l&rsquo;interm\u00e9diaire du caf\u00e9\/concert le Coquelicot o\u00f9 l&rsquo;on se joue le concert \u00ab\u00a0Divagations\u00a0\u00bb\u00a0 le 5 F\u00e9vrier prochain), je suis venu mettre en musique et enregistrer deux textes de chansons avec des \u00e9l\u00e8ves de 2ndes (g\u00e9n\u00e9rale et...\" \/>\n<meta property=\"og:url\" content=\"https:\/\/www.samverlen.com\/index.php\/2015\/01\/17\/atelier-chanson-avec-des-lyceenes-de-fougeres\/\" \/>\n<meta property=\"og:site_name\" content=\"Sam Verlen\" \/>\n<meta property=\"article:publisher\" content=\"https:\/\/www.facebook.com\/sverlen\" \/>\n<meta property=\"article:published_time\" content=\"2015-01-17T18:34:01+00:00\" \/>\n<meta property=\"article:modified_time\" content=\"2018-08-18T20:21:44+00:00\" \/>\n<meta property=\"og:image\" content=\"https:\/\/www.samverlen.com\/wp-content\/uploads\/2015\/01\/AtelierFougeres.jpg\" \/>\n\t<meta property=\"og:image:width\" content=\"400\" \/>\n\t<meta property=\"og:image:height\" content=\"400\" \/>\n\t<meta property=\"og:image:type\" content=\"image\/jpeg\" \/>\n<meta name=\"author\" content=\"samverlen\" \/>\n<meta name=\"twitter:card\" content=\"summary_large_image\" \/>\n<meta name=\"twitter:creator\" content=\"@samverlen\" \/>\n<meta name=\"twitter:site\" content=\"@samverlen\" \/>\n<meta name=\"twitter:label1\" content=\"\u00c9crit par\" \/>\n\t<meta name=\"twitter:data1\" content=\"samverlen\" \/>\n\t<meta name=\"twitter:label2\" content=\"Dur\u00e9e de lecture estim\u00e9e\" \/>\n\t<meta name=\"twitter:data2\" content=\"3 minutes\" \/>\n<script type=\"application\/ld+json\" class=\"yoast-schema-graph\">{\"@context\":\"https:\\\/\\\/schema.org\",\"@graph\":[{\"@type\":\"Article\",\"@id\":\"https:\\\/\\\/www.samverlen.com\\\/index.php\\\/2015\\\/01\\\/17\\\/atelier-chanson-avec-des-lyceenes-de-fougeres\\\/#article\",\"isPartOf\":{\"@id\":\"https:\\\/\\\/www.samverlen.com\\\/index.php\\\/2015\\\/01\\\/17\\\/atelier-chanson-avec-des-lyceenes-de-fougeres\\\/\"},\"author\":{\"name\":\"samverlen\",\"@id\":\"https:\\\/\\\/www.samverlen.com\\\/#\\\/schema\\\/person\\\/afebf9a6641e07827cda3c96032f5a3d\"},\"headline\":\"Atelier chanson avec des lyc\u00e9en(e)s de Foug\u00e8res\",\"datePublished\":\"2015-01-17T18:34:01+00:00\",\"dateModified\":\"2018-08-18T20:21:44+00:00\",\"mainEntityOfPage\":{\"@id\":\"https:\\\/\\\/www.samverlen.com\\\/index.php\\\/2015\\\/01\\\/17\\\/atelier-chanson-avec-des-lyceenes-de-fougeres\\\/\"},\"wordCount\":568,\"commentCount\":0,\"image\":{\"@id\":\"https:\\\/\\\/www.samverlen.com\\\/index.php\\\/2015\\\/01\\\/17\\\/atelier-chanson-avec-des-lyceenes-de-fougeres\\\/#primaryimage\"},\"thumbnailUrl\":\"https:\\\/\\\/www.samverlen.com\\\/wp-content\\\/uploads\\\/2015\\\/01\\\/AtelierFougeres.jpg\",\"articleSection\":[\"news\"],\"inLanguage\":\"fr-FR\",\"potentialAction\":[{\"@type\":\"CommentAction\",\"name\":\"Comment\",\"target\":[\"https:\\\/\\\/www.samverlen.com\\\/index.php\\\/2015\\\/01\\\/17\\\/atelier-chanson-avec-des-lyceenes-de-fougeres\\\/#respond\"]}]},{\"@type\":\"WebPage\",\"@id\":\"https:\\\/\\\/www.samverlen.com\\\/index.php\\\/2015\\\/01\\\/17\\\/atelier-chanson-avec-des-lyceenes-de-fougeres\\\/\",\"url\":\"https:\\\/\\\/www.samverlen.com\\\/index.php\\\/2015\\\/01\\\/17\\\/atelier-chanson-avec-des-lyceenes-de-fougeres\\\/\",\"name\":\"Atelier chanson avec des lyc\u00e9en(e)s de Foug\u00e8res - Sam Verlen\",\"isPartOf\":{\"@id\":\"https:\\\/\\\/www.samverlen.com\\\/#website\"},\"primaryImageOfPage\":{\"@id\":\"https:\\\/\\\/www.samverlen.com\\\/index.php\\\/2015\\\/01\\\/17\\\/atelier-chanson-avec-des-lyceenes-de-fougeres\\\/#primaryimage\"},\"image\":{\"@id\":\"https:\\\/\\\/www.samverlen.com\\\/index.php\\\/2015\\\/01\\\/17\\\/atelier-chanson-avec-des-lyceenes-de-fougeres\\\/#primaryimage\"},\"thumbnailUrl\":\"https:\\\/\\\/www.samverlen.com\\\/wp-content\\\/uploads\\\/2015\\\/01\\\/AtelierFougeres.jpg\",\"datePublished\":\"2015-01-17T18:34:01+00:00\",\"dateModified\":\"2018-08-18T20:21:44+00:00\",\"author\":{\"@id\":\"https:\\\/\\\/www.samverlen.com\\\/#\\\/schema\\\/person\\\/afebf9a6641e07827cda3c96032f5a3d\"},\"breadcrumb\":{\"@id\":\"https:\\\/\\\/www.samverlen.com\\\/index.php\\\/2015\\\/01\\\/17\\\/atelier-chanson-avec-des-lyceenes-de-fougeres\\\/#breadcrumb\"},\"inLanguage\":\"fr-FR\",\"potentialAction\":[{\"@type\":\"ReadAction\",\"target\":[\"https:\\\/\\\/www.samverlen.com\\\/index.php\\\/2015\\\/01\\\/17\\\/atelier-chanson-avec-des-lyceenes-de-fougeres\\\/\"]}]},{\"@type\":\"ImageObject\",\"inLanguage\":\"fr-FR\",\"@id\":\"https:\\\/\\\/www.samverlen.com\\\/index.php\\\/2015\\\/01\\\/17\\\/atelier-chanson-avec-des-lyceenes-de-fougeres\\\/#primaryimage\",\"url\":\"https:\\\/\\\/www.samverlen.com\\\/wp-content\\\/uploads\\\/2015\\\/01\\\/AtelierFougeres.jpg\",\"contentUrl\":\"https:\\\/\\\/www.samverlen.com\\\/wp-content\\\/uploads\\\/2015\\\/01\\\/AtelierFougeres.jpg\",\"width\":400,\"height\":400},{\"@type\":\"BreadcrumbList\",\"@id\":\"https:\\\/\\\/www.samverlen.com\\\/index.php\\\/2015\\\/01\\\/17\\\/atelier-chanson-avec-des-lyceenes-de-fougeres\\\/#breadcrumb\",\"itemListElement\":[{\"@type\":\"ListItem\",\"position\":1,\"name\":\"Accueil\",\"item\":\"https:\\\/\\\/www.samverlen.com\\\/\"},{\"@type\":\"ListItem\",\"position\":2,\"name\":\"Atelier chanson avec des lyc\u00e9en(e)s de Foug\u00e8res\"}]},{\"@type\":\"WebSite\",\"@id\":\"https:\\\/\\\/www.samverlen.com\\\/#website\",\"url\":\"https:\\\/\\\/www.samverlen.com\\\/\",\"name\":\"Sam Verlen\",\"description\":\"Chercheur de po\u00e9sie sonore \\\/\\\/ Compositeur, musicien\",\"potentialAction\":[{\"@type\":\"SearchAction\",\"target\":{\"@type\":\"EntryPoint\",\"urlTemplate\":\"https:\\\/\\\/www.samverlen.com\\\/?s={search_term_string}\"},\"query-input\":{\"@type\":\"PropertyValueSpecification\",\"valueRequired\":true,\"valueName\":\"search_term_string\"}}],\"inLanguage\":\"fr-FR\"},{\"@type\":\"Person\",\"@id\":\"https:\\\/\\\/www.samverlen.com\\\/#\\\/schema\\\/person\\\/afebf9a6641e07827cda3c96032f5a3d\",\"name\":\"samverlen\",\"image\":{\"@type\":\"ImageObject\",\"inLanguage\":\"fr-FR\",\"@id\":\"https:\\\/\\\/secure.gravatar.com\\\/avatar\\\/bb71d7c316348923a9c8f09e6ff09f43f1d48a987eff10b4119565e5a4f2ecd9?s=96&d=mm&r=g\",\"url\":\"https:\\\/\\\/secure.gravatar.com\\\/avatar\\\/bb71d7c316348923a9c8f09e6ff09f43f1d48a987eff10b4119565e5a4f2ecd9?s=96&d=mm&r=g\",\"contentUrl\":\"https:\\\/\\\/secure.gravatar.com\\\/avatar\\\/bb71d7c316348923a9c8f09e6ff09f43f1d48a987eff10b4119565e5a4f2ecd9?s=96&d=mm&r=g\",\"caption\":\"samverlen\"}}]}<\/script>\n<!-- \/ Yoast SEO plugin. -->","yoast_head_json":{"title":"Atelier chanson avec des lyc\u00e9en(e)s de Foug\u00e8res - Sam Verlen","robots":{"index":"index","follow":"follow","max-snippet":"max-snippet:-1","max-image-preview":"max-image-preview:large","max-video-preview":"max-video-preview:-1"},"canonical":"https:\/\/www.samverlen.com\/index.php\/2015\/01\/17\/atelier-chanson-avec-des-lyceenes-de-fougeres\/","og_locale":"fr_FR","og_type":"article","og_title":"Atelier chanson avec des lyc\u00e9en(e)s de Foug\u00e8res - Sam Verlen","og_description":"A l&rsquo;invitation du lyc\u00e9e Jean Gu\u00e9h\u00e9nno de Foug\u00e8res (et par l&rsquo;interm\u00e9diaire du caf\u00e9\/concert le Coquelicot o\u00f9 l&rsquo;on se joue le concert \u00ab\u00a0Divagations\u00a0\u00bb\u00a0 le 5 F\u00e9vrier prochain), je suis venu mettre en musique et enregistrer deux textes de chansons avec des \u00e9l\u00e8ves de 2ndes (g\u00e9n\u00e9rale et...","og_url":"https:\/\/www.samverlen.com\/index.php\/2015\/01\/17\/atelier-chanson-avec-des-lyceenes-de-fougeres\/","og_site_name":"Sam Verlen","article_publisher":"https:\/\/www.facebook.com\/sverlen","article_published_time":"2015-01-17T18:34:01+00:00","article_modified_time":"2018-08-18T20:21:44+00:00","og_image":[{"width":400,"height":400,"url":"https:\/\/www.samverlen.com\/wp-content\/uploads\/2015\/01\/AtelierFougeres.jpg","type":"image\/jpeg"}],"author":"samverlen","twitter_card":"summary_large_image","twitter_creator":"@samverlen","twitter_site":"@samverlen","twitter_misc":{"\u00c9crit par":"samverlen","Dur\u00e9e de lecture estim\u00e9e":"3 minutes"},"schema":{"@context":"https:\/\/schema.org","@graph":[{"@type":"Article","@id":"https:\/\/www.samverlen.com\/index.php\/2015\/01\/17\/atelier-chanson-avec-des-lyceenes-de-fougeres\/#article","isPartOf":{"@id":"https:\/\/www.samverlen.com\/index.php\/2015\/01\/17\/atelier-chanson-avec-des-lyceenes-de-fougeres\/"},"author":{"name":"samverlen","@id":"https:\/\/www.samverlen.com\/#\/schema\/person\/afebf9a6641e07827cda3c96032f5a3d"},"headline":"Atelier chanson avec des lyc\u00e9en(e)s de Foug\u00e8res","datePublished":"2015-01-17T18:34:01+00:00","dateModified":"2018-08-18T20:21:44+00:00","mainEntityOfPage":{"@id":"https:\/\/www.samverlen.com\/index.php\/2015\/01\/17\/atelier-chanson-avec-des-lyceenes-de-fougeres\/"},"wordCount":568,"commentCount":0,"image":{"@id":"https:\/\/www.samverlen.com\/index.php\/2015\/01\/17\/atelier-chanson-avec-des-lyceenes-de-fougeres\/#primaryimage"},"thumbnailUrl":"https:\/\/www.samverlen.com\/wp-content\/uploads\/2015\/01\/AtelierFougeres.jpg","articleSection":["news"],"inLanguage":"fr-FR","potentialAction":[{"@type":"CommentAction","name":"Comment","target":["https:\/\/www.samverlen.com\/index.php\/2015\/01\/17\/atelier-chanson-avec-des-lyceenes-de-fougeres\/#respond"]}]},{"@type":"WebPage","@id":"https:\/\/www.samverlen.com\/index.php\/2015\/01\/17\/atelier-chanson-avec-des-lyceenes-de-fougeres\/","url":"https:\/\/www.samverlen.com\/index.php\/2015\/01\/17\/atelier-chanson-avec-des-lyceenes-de-fougeres\/","name":"Atelier chanson avec des lyc\u00e9en(e)s de Foug\u00e8res - Sam Verlen","isPartOf":{"@id":"https:\/\/www.samverlen.com\/#website"},"primaryImageOfPage":{"@id":"https:\/\/www.samverlen.com\/index.php\/2015\/01\/17\/atelier-chanson-avec-des-lyceenes-de-fougeres\/#primaryimage"},"image":{"@id":"https:\/\/www.samverlen.com\/index.php\/2015\/01\/17\/atelier-chanson-avec-des-lyceenes-de-fougeres\/#primaryimage"},"thumbnailUrl":"https:\/\/www.samverlen.com\/wp-content\/uploads\/2015\/01\/AtelierFougeres.jpg","datePublished":"2015-01-17T18:34:01+00:00","dateModified":"2018-08-18T20:21:44+00:00","author":{"@id":"https:\/\/www.samverlen.com\/#\/schema\/person\/afebf9a6641e07827cda3c96032f5a3d"},"breadcrumb":{"@id":"https:\/\/www.samverlen.com\/index.php\/2015\/01\/17\/atelier-chanson-avec-des-lyceenes-de-fougeres\/#breadcrumb"},"inLanguage":"fr-FR","potentialAction":[{"@type":"ReadAction","target":["https:\/\/www.samverlen.com\/index.php\/2015\/01\/17\/atelier-chanson-avec-des-lyceenes-de-fougeres\/"]}]},{"@type":"ImageObject","inLanguage":"fr-FR","@id":"https:\/\/www.samverlen.com\/index.php\/2015\/01\/17\/atelier-chanson-avec-des-lyceenes-de-fougeres\/#primaryimage","url":"https:\/\/www.samverlen.com\/wp-content\/uploads\/2015\/01\/AtelierFougeres.jpg","contentUrl":"https:\/\/www.samverlen.com\/wp-content\/uploads\/2015\/01\/AtelierFougeres.jpg","width":400,"height":400},{"@type":"BreadcrumbList","@id":"https:\/\/www.samverlen.com\/index.php\/2015\/01\/17\/atelier-chanson-avec-des-lyceenes-de-fougeres\/#breadcrumb","itemListElement":[{"@type":"ListItem","position":1,"name":"Accueil","item":"https:\/\/www.samverlen.com\/"},{"@type":"ListItem","position":2,"name":"Atelier chanson avec des lyc\u00e9en(e)s de Foug\u00e8res"}]},{"@type":"WebSite","@id":"https:\/\/www.samverlen.com\/#website","url":"https:\/\/www.samverlen.com\/","name":"Sam Verlen","description":"Chercheur de po\u00e9sie sonore \/\/ Compositeur, musicien","potentialAction":[{"@type":"SearchAction","target":{"@type":"EntryPoint","urlTemplate":"https:\/\/www.samverlen.com\/?s={search_term_string}"},"query-input":{"@type":"PropertyValueSpecification","valueRequired":true,"valueName":"search_term_string"}}],"inLanguage":"fr-FR"},{"@type":"Person","@id":"https:\/\/www.samverlen.com\/#\/schema\/person\/afebf9a6641e07827cda3c96032f5a3d","name":"samverlen","image":{"@type":"ImageObject","inLanguage":"fr-FR","@id":"https:\/\/secure.gravatar.com\/avatar\/bb71d7c316348923a9c8f09e6ff09f43f1d48a987eff10b4119565e5a4f2ecd9?s=96&d=mm&r=g","url":"https:\/\/secure.gravatar.com\/avatar\/bb71d7c316348923a9c8f09e6ff09f43f1d48a987eff10b4119565e5a4f2ecd9?s=96&d=mm&r=g","contentUrl":"https:\/\/secure.gravatar.com\/avatar\/bb71d7c316348923a9c8f09e6ff09f43f1d48a987eff10b4119565e5a4f2ecd9?s=96&d=mm&r=g","caption":"samverlen"}}]}},"_links":{"self":[{"href":"https:\/\/www.samverlen.com\/index.php\/wp-json\/wp\/v2\/posts\/542","targetHints":{"allow":["GET"]}}],"collection":[{"href":"https:\/\/www.samverlen.com\/index.php\/wp-json\/wp\/v2\/posts"}],"about":[{"href":"https:\/\/www.samverlen.com\/index.php\/wp-json\/wp\/v2\/types\/post"}],"author":[{"embeddable":true,"href":"https:\/\/www.samverlen.com\/index.php\/wp-json\/wp\/v2\/users\/1"}],"replies":[{"embeddable":true,"href":"https:\/\/www.samverlen.com\/index.php\/wp-json\/wp\/v2\/comments?post=542"}],"version-history":[{"count":2,"href":"https:\/\/www.samverlen.com\/index.php\/wp-json\/wp\/v2\/posts\/542\/revisions"}],"predecessor-version":[{"id":1159,"href":"https:\/\/www.samverlen.com\/index.php\/wp-json\/wp\/v2\/posts\/542\/revisions\/1159"}],"wp:featuredmedia":[{"embeddable":true,"href":"https:\/\/www.samverlen.com\/index.php\/wp-json\/wp\/v2\/media\/554"}],"wp:attachment":[{"href":"https:\/\/www.samverlen.com\/index.php\/wp-json\/wp\/v2\/media?parent=542"}],"wp:term":[{"taxonomy":"category","embeddable":true,"href":"https:\/\/www.samverlen.com\/index.php\/wp-json\/wp\/v2\/categories?post=542"},{"taxonomy":"post_tag","embeddable":true,"href":"https:\/\/www.samverlen.com\/index.php\/wp-json\/wp\/v2\/tags?post=542"}],"curies":[{"name":"wp","href":"https:\/\/api.w.org\/{rel}","templated":true}]}}