{"id":571,"date":"2015-03-13T16:53:10","date_gmt":"2015-03-13T15:53:10","guid":{"rendered":"http:\/\/samverlen.free.fr\/?p=571"},"modified":"2017-02-08T22:23:59","modified_gmt":"2017-02-08T21:23:59","slug":"a-toute-vapeur","status":"publish","type":"post","link":"https:\/\/www.samverlen.com\/index.php\/2015\/03\/13\/a-toute-vapeur\/","title":{"rendered":"A toute vapeur !"},"content":{"rendered":"<p>J&rsquo;ai le plaisir de vous pr\u00e9senter un de mes nouveaux projets en cr\u00e9ation cette ann\u00e9e: le cin\u00e9-concert pour enfant \u00ab <strong>A toute vapeur !<\/strong> \u00bb en duo avec Ewen Camberlein (fl\u00fbte, podorythmie, bruitages).<br \/>\nBas\u00e9 sur des courts m\u00e9trages in\u00e9dits de Bretagne du si\u00e8cle dernier (de 1945 \u00e0 1980), ce cin\u00e9-concert m\u00ealera musiques populaires et pop\/\u00e9lectro. La vid\u00e9o ci-dessus a \u00e9t\u00e9 r\u00e9alis\u00e9e par nos soins vous donnera un premier aper\u00e7u du projet (incomplet mais c&rsquo;est un teaser). On sera en r\u00e9sidence au centre culturel de Liffr\u00e9 d\u00e9but-Juillet pour finaliser le spectacle et r\u00e9aliser un teaser plus repr\u00e9sentatif et plus \u00ab\u00a0pro\u00a0\u00bb.<\/p>\n<p>En attendant, allez visiter \u00ab &amp; liker \u00bb la page FB pour en savoir plus, suivre la cr\u00e9ation et retrouver les premi\u00e8res dates:<br \/>\n<a href=\"https:\/\/www.facebook.com\/cineconcertatoutevapeur\">https:\/\/www.facebook.com\/cineconcertatoutevapeur<\/a><\/p>\n<p><span style=\"line-height: 1.6em; font-style: inherit;\">On fera notamment un premier \u00ab crash-test \u00bb sur un des films pour les prochains Fabrik\u2019tes pots potins des Pratos le 21 mars prochain. <\/span><a style=\"line-height: 1.6em; font-style: inherit;\" href=\"http:\/\/us6.campaign-archive2.com\/?u=b1f3bee6034328afd2763b911&amp;id=efae9e1073\" target=\"_blank\">+ d&rsquo;infos par ici<\/a><span style=\"line-height: 1.6em; font-style: inherit;\">\u00a0!<\/span><\/p>\n<p>&nbsp;<\/p>\n<p>&nbsp;<\/p>\n<p><\/p>","protected":false},"excerpt":{"rendered":"<p>J&rsquo;ai le plaisir de vous pr\u00e9senter un de mes nouveaux projets en cr\u00e9ation cette ann\u00e9e: le cin\u00e9-concert pour enfant \u00ab A toute vapeur ! \u00bb en duo avec Ewen Camberlein (fl\u00fbte, podorythmie, bruitages). Bas\u00e9 sur des courts m\u00e9trages in\u00e9dits de Bretagne du si\u00e8cle dernier (de&#8230;<\/p>\n","protected":false},"author":1,"featured_media":0,"comment_status":"open","ping_status":"open","sticky":false,"template":"","format":"standard","meta":{"_et_pb_use_builder":"","_et_pb_old_content":"","_et_gb_content_width":"","footnotes":""},"categories":[5,1],"tags":[],"class_list":["post-571","post","type-post","status-publish","format-standard","hentry","category-news","category-non-classe"],"yoast_head":"<!-- This site is optimized with the Yoast SEO plugin v27.5 - https:\/\/yoast.com\/product\/yoast-seo-wordpress\/ -->\n<title>A toute vapeur ! - Sam Verlen<\/title>\n<meta name=\"robots\" content=\"index, follow, max-snippet:-1, max-image-preview:large, max-video-preview:-1\" \/>\n<link rel=\"canonical\" href=\"https:\/\/www.samverlen.com\/index.php\/2015\/03\/13\/a-toute-vapeur\/\" \/>\n<meta property=\"og:locale\" content=\"fr_FR\" \/>\n<meta property=\"og:type\" content=\"article\" \/>\n<meta property=\"og:title\" content=\"A toute vapeur ! - Sam Verlen\" \/>\n<meta property=\"og:description\" content=\"J&rsquo;ai le plaisir de vous pr\u00e9senter un de mes nouveaux projets en cr\u00e9ation cette ann\u00e9e: le cin\u00e9-concert pour enfant \u00ab A toute vapeur ! \u00bb en duo avec Ewen Camberlein (fl\u00fbte, podorythmie, bruitages). Bas\u00e9 sur des courts m\u00e9trages in\u00e9dits de Bretagne du si\u00e8cle dernier (de...\" \/>\n<meta property=\"og:url\" content=\"https:\/\/www.samverlen.com\/index.php\/2015\/03\/13\/a-toute-vapeur\/\" \/>\n<meta property=\"og:site_name\" content=\"Sam Verlen\" \/>\n<meta property=\"article:publisher\" content=\"https:\/\/www.facebook.com\/sverlen\" \/>\n<meta property=\"article:published_time\" content=\"2015-03-13T15:53:10+00:00\" \/>\n<meta property=\"article:modified_time\" content=\"2017-02-08T21:23:59+00:00\" \/>\n<meta name=\"author\" content=\"samverlen\" \/>\n<meta name=\"twitter:card\" content=\"summary_large_image\" \/>\n<meta name=\"twitter:creator\" content=\"@samverlen\" \/>\n<meta name=\"twitter:site\" content=\"@samverlen\" \/>\n<meta name=\"twitter:label1\" content=\"\u00c9crit par\" \/>\n\t<meta name=\"twitter:data1\" content=\"samverlen\" \/>\n\t<meta name=\"twitter:label2\" content=\"Dur\u00e9e de lecture estim\u00e9e\" \/>\n\t<meta name=\"twitter:data2\" content=\"1 minute\" \/>\n<script type=\"application\/ld+json\" class=\"yoast-schema-graph\">{\"@context\":\"https:\\\/\\\/schema.org\",\"@graph\":[{\"@type\":\"Article\",\"@id\":\"https:\\\/\\\/www.samverlen.com\\\/index.php\\\/2015\\\/03\\\/13\\\/a-toute-vapeur\\\/#article\",\"isPartOf\":{\"@id\":\"https:\\\/\\\/www.samverlen.com\\\/index.php\\\/2015\\\/03\\\/13\\\/a-toute-vapeur\\\/\"},\"author\":{\"name\":\"samverlen\",\"@id\":\"https:\\\/\\\/www.samverlen.com\\\/#\\\/schema\\\/person\\\/afebf9a6641e07827cda3c96032f5a3d\"},\"headline\":\"A toute vapeur !\",\"datePublished\":\"2015-03-13T15:53:10+00:00\",\"dateModified\":\"2017-02-08T21:23:59+00:00\",\"mainEntityOfPage\":{\"@id\":\"https:\\\/\\\/www.samverlen.com\\\/index.php\\\/2015\\\/03\\\/13\\\/a-toute-vapeur\\\/\"},\"wordCount\":170,\"commentCount\":0,\"articleSection\":[\"news\"],\"inLanguage\":\"fr-FR\",\"potentialAction\":[{\"@type\":\"CommentAction\",\"name\":\"Comment\",\"target\":[\"https:\\\/\\\/www.samverlen.com\\\/index.php\\\/2015\\\/03\\\/13\\\/a-toute-vapeur\\\/#respond\"]}]},{\"@type\":\"WebPage\",\"@id\":\"https:\\\/\\\/www.samverlen.com\\\/index.php\\\/2015\\\/03\\\/13\\\/a-toute-vapeur\\\/\",\"url\":\"https:\\\/\\\/www.samverlen.com\\\/index.php\\\/2015\\\/03\\\/13\\\/a-toute-vapeur\\\/\",\"name\":\"A toute vapeur ! - Sam Verlen\",\"isPartOf\":{\"@id\":\"https:\\\/\\\/www.samverlen.com\\\/#website\"},\"datePublished\":\"2015-03-13T15:53:10+00:00\",\"dateModified\":\"2017-02-08T21:23:59+00:00\",\"author\":{\"@id\":\"https:\\\/\\\/www.samverlen.com\\\/#\\\/schema\\\/person\\\/afebf9a6641e07827cda3c96032f5a3d\"},\"breadcrumb\":{\"@id\":\"https:\\\/\\\/www.samverlen.com\\\/index.php\\\/2015\\\/03\\\/13\\\/a-toute-vapeur\\\/#breadcrumb\"},\"inLanguage\":\"fr-FR\",\"potentialAction\":[{\"@type\":\"ReadAction\",\"target\":[\"https:\\\/\\\/www.samverlen.com\\\/index.php\\\/2015\\\/03\\\/13\\\/a-toute-vapeur\\\/\"]}]},{\"@type\":\"BreadcrumbList\",\"@id\":\"https:\\\/\\\/www.samverlen.com\\\/index.php\\\/2015\\\/03\\\/13\\\/a-toute-vapeur\\\/#breadcrumb\",\"itemListElement\":[{\"@type\":\"ListItem\",\"position\":1,\"name\":\"Accueil\",\"item\":\"https:\\\/\\\/www.samverlen.com\\\/\"},{\"@type\":\"ListItem\",\"position\":2,\"name\":\"A toute vapeur !\"}]},{\"@type\":\"WebSite\",\"@id\":\"https:\\\/\\\/www.samverlen.com\\\/#website\",\"url\":\"https:\\\/\\\/www.samverlen.com\\\/\",\"name\":\"Sam Verlen\",\"description\":\"Chercheur de po\u00e9sie sonore \\\/\\\/ Compositeur, musicien\",\"potentialAction\":[{\"@type\":\"SearchAction\",\"target\":{\"@type\":\"EntryPoint\",\"urlTemplate\":\"https:\\\/\\\/www.samverlen.com\\\/?s={search_term_string}\"},\"query-input\":{\"@type\":\"PropertyValueSpecification\",\"valueRequired\":true,\"valueName\":\"search_term_string\"}}],\"inLanguage\":\"fr-FR\"},{\"@type\":\"Person\",\"@id\":\"https:\\\/\\\/www.samverlen.com\\\/#\\\/schema\\\/person\\\/afebf9a6641e07827cda3c96032f5a3d\",\"name\":\"samverlen\",\"image\":{\"@type\":\"ImageObject\",\"inLanguage\":\"fr-FR\",\"@id\":\"https:\\\/\\\/secure.gravatar.com\\\/avatar\\\/bb71d7c316348923a9c8f09e6ff09f43f1d48a987eff10b4119565e5a4f2ecd9?s=96&d=mm&r=g\",\"url\":\"https:\\\/\\\/secure.gravatar.com\\\/avatar\\\/bb71d7c316348923a9c8f09e6ff09f43f1d48a987eff10b4119565e5a4f2ecd9?s=96&d=mm&r=g\",\"contentUrl\":\"https:\\\/\\\/secure.gravatar.com\\\/avatar\\\/bb71d7c316348923a9c8f09e6ff09f43f1d48a987eff10b4119565e5a4f2ecd9?s=96&d=mm&r=g\",\"caption\":\"samverlen\"}}]}<\/script>\n<!-- \/ Yoast SEO plugin. -->","yoast_head_json":{"title":"A toute vapeur ! - Sam Verlen","robots":{"index":"index","follow":"follow","max-snippet":"max-snippet:-1","max-image-preview":"max-image-preview:large","max-video-preview":"max-video-preview:-1"},"canonical":"https:\/\/www.samverlen.com\/index.php\/2015\/03\/13\/a-toute-vapeur\/","og_locale":"fr_FR","og_type":"article","og_title":"A toute vapeur ! - Sam Verlen","og_description":"J&rsquo;ai le plaisir de vous pr\u00e9senter un de mes nouveaux projets en cr\u00e9ation cette ann\u00e9e: le cin\u00e9-concert pour enfant \u00ab A toute vapeur ! \u00bb en duo avec Ewen Camberlein (fl\u00fbte, podorythmie, bruitages). Bas\u00e9 sur des courts m\u00e9trages in\u00e9dits de Bretagne du si\u00e8cle dernier (de...","og_url":"https:\/\/www.samverlen.com\/index.php\/2015\/03\/13\/a-toute-vapeur\/","og_site_name":"Sam Verlen","article_publisher":"https:\/\/www.facebook.com\/sverlen","article_published_time":"2015-03-13T15:53:10+00:00","article_modified_time":"2017-02-08T21:23:59+00:00","author":"samverlen","twitter_card":"summary_large_image","twitter_creator":"@samverlen","twitter_site":"@samverlen","twitter_misc":{"\u00c9crit par":"samverlen","Dur\u00e9e de lecture estim\u00e9e":"1 minute"},"schema":{"@context":"https:\/\/schema.org","@graph":[{"@type":"Article","@id":"https:\/\/www.samverlen.com\/index.php\/2015\/03\/13\/a-toute-vapeur\/#article","isPartOf":{"@id":"https:\/\/www.samverlen.com\/index.php\/2015\/03\/13\/a-toute-vapeur\/"},"author":{"name":"samverlen","@id":"https:\/\/www.samverlen.com\/#\/schema\/person\/afebf9a6641e07827cda3c96032f5a3d"},"headline":"A toute vapeur !","datePublished":"2015-03-13T15:53:10+00:00","dateModified":"2017-02-08T21:23:59+00:00","mainEntityOfPage":{"@id":"https:\/\/www.samverlen.com\/index.php\/2015\/03\/13\/a-toute-vapeur\/"},"wordCount":170,"commentCount":0,"articleSection":["news"],"inLanguage":"fr-FR","potentialAction":[{"@type":"CommentAction","name":"Comment","target":["https:\/\/www.samverlen.com\/index.php\/2015\/03\/13\/a-toute-vapeur\/#respond"]}]},{"@type":"WebPage","@id":"https:\/\/www.samverlen.com\/index.php\/2015\/03\/13\/a-toute-vapeur\/","url":"https:\/\/www.samverlen.com\/index.php\/2015\/03\/13\/a-toute-vapeur\/","name":"A toute vapeur ! - Sam Verlen","isPartOf":{"@id":"https:\/\/www.samverlen.com\/#website"},"datePublished":"2015-03-13T15:53:10+00:00","dateModified":"2017-02-08T21:23:59+00:00","author":{"@id":"https:\/\/www.samverlen.com\/#\/schema\/person\/afebf9a6641e07827cda3c96032f5a3d"},"breadcrumb":{"@id":"https:\/\/www.samverlen.com\/index.php\/2015\/03\/13\/a-toute-vapeur\/#breadcrumb"},"inLanguage":"fr-FR","potentialAction":[{"@type":"ReadAction","target":["https:\/\/www.samverlen.com\/index.php\/2015\/03\/13\/a-toute-vapeur\/"]}]},{"@type":"BreadcrumbList","@id":"https:\/\/www.samverlen.com\/index.php\/2015\/03\/13\/a-toute-vapeur\/#breadcrumb","itemListElement":[{"@type":"ListItem","position":1,"name":"Accueil","item":"https:\/\/www.samverlen.com\/"},{"@type":"ListItem","position":2,"name":"A toute vapeur !"}]},{"@type":"WebSite","@id":"https:\/\/www.samverlen.com\/#website","url":"https:\/\/www.samverlen.com\/","name":"Sam Verlen","description":"Chercheur de po\u00e9sie sonore \/\/ Compositeur, musicien","potentialAction":[{"@type":"SearchAction","target":{"@type":"EntryPoint","urlTemplate":"https:\/\/www.samverlen.com\/?s={search_term_string}"},"query-input":{"@type":"PropertyValueSpecification","valueRequired":true,"valueName":"search_term_string"}}],"inLanguage":"fr-FR"},{"@type":"Person","@id":"https:\/\/www.samverlen.com\/#\/schema\/person\/afebf9a6641e07827cda3c96032f5a3d","name":"samverlen","image":{"@type":"ImageObject","inLanguage":"fr-FR","@id":"https:\/\/secure.gravatar.com\/avatar\/bb71d7c316348923a9c8f09e6ff09f43f1d48a987eff10b4119565e5a4f2ecd9?s=96&d=mm&r=g","url":"https:\/\/secure.gravatar.com\/avatar\/bb71d7c316348923a9c8f09e6ff09f43f1d48a987eff10b4119565e5a4f2ecd9?s=96&d=mm&r=g","contentUrl":"https:\/\/secure.gravatar.com\/avatar\/bb71d7c316348923a9c8f09e6ff09f43f1d48a987eff10b4119565e5a4f2ecd9?s=96&d=mm&r=g","caption":"samverlen"}}]}},"_links":{"self":[{"href":"https:\/\/www.samverlen.com\/index.php\/wp-json\/wp\/v2\/posts\/571","targetHints":{"allow":["GET"]}}],"collection":[{"href":"https:\/\/www.samverlen.com\/index.php\/wp-json\/wp\/v2\/posts"}],"about":[{"href":"https:\/\/www.samverlen.com\/index.php\/wp-json\/wp\/v2\/types\/post"}],"author":[{"embeddable":true,"href":"https:\/\/www.samverlen.com\/index.php\/wp-json\/wp\/v2\/users\/1"}],"replies":[{"embeddable":true,"href":"https:\/\/www.samverlen.com\/index.php\/wp-json\/wp\/v2\/comments?post=571"}],"version-history":[{"count":1,"href":"https:\/\/www.samverlen.com\/index.php\/wp-json\/wp\/v2\/posts\/571\/revisions"}],"predecessor-version":[{"id":762,"href":"https:\/\/www.samverlen.com\/index.php\/wp-json\/wp\/v2\/posts\/571\/revisions\/762"}],"wp:attachment":[{"href":"https:\/\/www.samverlen.com\/index.php\/wp-json\/wp\/v2\/media?parent=571"}],"wp:term":[{"taxonomy":"category","embeddable":true,"href":"https:\/\/www.samverlen.com\/index.php\/wp-json\/wp\/v2\/categories?post=571"},{"taxonomy":"post_tag","embeddable":true,"href":"https:\/\/www.samverlen.com\/index.php\/wp-json\/wp\/v2\/tags?post=571"}],"curies":[{"name":"wp","href":"https:\/\/api.w.org\/{rel}","templated":true}]}}