{"id":605,"date":"2015-10-03T13:43:38","date_gmt":"2015-10-03T12:43:38","guid":{"rendered":"http:\/\/samverlen.free.fr\/?p=605"},"modified":"2015-10-03T13:43:38","modified_gmt":"2015-10-03T12:43:38","slug":"un-conte-musical-en-creation-lahsa","status":"publish","type":"post","link":"https:\/\/www.samverlen.com\/index.php\/2015\/10\/03\/un-conte-musical-en-creation-lahsa\/","title":{"rendered":"Un conte musical en cr\u00e9ation&#8230;LAHSA !"},"content":{"rendered":"<p>Cet hiver et sur la premi\u00e8re moiti\u00e9 de l&rsquo;ann\u00e9e prochaine, je travaille avec Virginie Guilluy sur une nouvelle cr\u00e9ation de spectacle pour le jeune public (\u00e0 partir de 6 ans) qui s&rsquo;intitulera \u00ab\u00a0Les \u00e2mes heureuses sont amoureuses\u00a0\u00bb (LAHSA !).<br \/>\nBas\u00e9 sur un conte contemporain \u00e9crit par Christos (auteur de la majorit\u00e9 des textes de mes chansons), le r\u00e9cit vous transportera dans l\u2019univers de Timo et Mila: deux enfants vivants sur le m\u00eame palier et se croisant chaque matin, sans jamais oser s\u2019avouer leur amour r\u00e9ciproque. La nuit, dans leurs r\u00eaves, l\u2019un et l\u2019autre se transforment en chat et parcourent les toits de la ville jusqu\u2019au petit matin.<br \/>\nDurant l\u2019une de ces promenades oniriques, les deux endormis se rencontreront et vivront un amour tendre et f\u00e9lin, sans deviner ni l\u2019un ni l\u2019autre que l\u2019\u00eatre aim\u00e9 se cache derri\u00e8re une pelisse de minet. Au cours d\u2019une bagarre de matous, ils seront griff\u00e9s et en garderont les marques dans la vie r\u00e9elle. Blessure qui leur permettra de se reconna\u00eetre pour enfin s\u2019avouer leur amour\u2026<\/p>\n<p>Ce miaou-projet devrait donner \u00e0 la fois naissance \u00e0 un livre-cd avec Am\u00e9lie Callot aux illustrations (tableaux ci-dessus) et \u00e0 un spectacle.<br \/>\nLa majorit\u00e9 des chansons sont d\u00e9sormais compos\u00e9es, nous commencerons prochainement les premiers enregistrements en studio.<\/p>\n<p>Si vous \u00eates curieux de voir le r\u00e9sultat, vous pourrez suivre cette cr\u00e9ation en train de se r\u00e9aliser semaine apr\u00e8s semaine sur la page FB du projet : <a title=\"LAHSA FB\" href=\"https:\/\/www.facebook.com\/lesamesheureuses\" target=\"_blank\">https:\/\/www.facebook.com\/lesamesheureuses<\/a><\/p>\n<p><\/p>","protected":false},"excerpt":{"rendered":"<p>Cet hiver et sur la premi\u00e8re moiti\u00e9 de l&rsquo;ann\u00e9e prochaine, je travaille avec Virginie Guilluy sur une nouvelle cr\u00e9ation de spectacle pour le jeune public (\u00e0 partir de 6 ans) qui s&rsquo;intitulera \u00ab\u00a0Les \u00e2mes heureuses sont amoureuses\u00a0\u00bb (LAHSA !). Bas\u00e9 sur un conte contemporain \u00e9crit&#8230;<\/p>\n","protected":false},"author":1,"featured_media":606,"comment_status":"open","ping_status":"open","sticky":false,"template":"","format":"standard","meta":{"_et_pb_use_builder":"","_et_pb_old_content":"","_et_gb_content_width":"","footnotes":""},"categories":[5,1],"tags":[],"class_list":["post-605","post","type-post","status-publish","format-standard","has-post-thumbnail","hentry","category-news","category-non-classe"],"yoast_head":"<!-- This site is optimized with the Yoast SEO plugin v27.4 - https:\/\/yoast.com\/product\/yoast-seo-wordpress\/ -->\n<title>Un conte musical en cr\u00e9ation...LAHSA ! - Sam Verlen<\/title>\n<meta name=\"robots\" content=\"index, follow, max-snippet:-1, max-image-preview:large, max-video-preview:-1\" \/>\n<link rel=\"canonical\" href=\"https:\/\/www.samverlen.com\/index.php\/2015\/10\/03\/un-conte-musical-en-creation-lahsa\/\" \/>\n<meta property=\"og:locale\" content=\"fr_FR\" \/>\n<meta property=\"og:type\" content=\"article\" \/>\n<meta property=\"og:title\" content=\"Un conte musical en cr\u00e9ation...LAHSA ! - Sam Verlen\" \/>\n<meta property=\"og:description\" content=\"Cet hiver et sur la premi\u00e8re moiti\u00e9 de l&rsquo;ann\u00e9e prochaine, je travaille avec Virginie Guilluy sur une nouvelle cr\u00e9ation de spectacle pour le jeune public (\u00e0 partir de 6 ans) qui s&rsquo;intitulera \u00ab\u00a0Les \u00e2mes heureuses sont amoureuses\u00a0\u00bb (LAHSA !). Bas\u00e9 sur un conte contemporain \u00e9crit...\" \/>\n<meta property=\"og:url\" content=\"https:\/\/www.samverlen.com\/index.php\/2015\/10\/03\/un-conte-musical-en-creation-lahsa\/\" \/>\n<meta property=\"og:site_name\" content=\"Sam Verlen\" \/>\n<meta property=\"article:publisher\" content=\"https:\/\/www.facebook.com\/sverlen\" \/>\n<meta property=\"article:published_time\" content=\"2015-10-03T12:43:38+00:00\" \/>\n<meta property=\"og:image\" content=\"https:\/\/www.samverlen.com\/wp-content\/uploads\/2015\/10\/Visuel_LAHSA_V1_Petit.jpg\" \/>\n\t<meta property=\"og:image:width\" content=\"500\" \/>\n\t<meta property=\"og:image:height\" content=\"474\" \/>\n\t<meta property=\"og:image:type\" content=\"image\/jpeg\" \/>\n<meta name=\"author\" content=\"samverlen\" \/>\n<meta name=\"twitter:card\" content=\"summary_large_image\" \/>\n<meta name=\"twitter:creator\" content=\"@samverlen\" \/>\n<meta name=\"twitter:site\" content=\"@samverlen\" \/>\n<meta name=\"twitter:label1\" content=\"\u00c9crit par\" \/>\n\t<meta name=\"twitter:data1\" content=\"samverlen\" \/>\n\t<meta name=\"twitter:label2\" content=\"Dur\u00e9e de lecture estim\u00e9e\" \/>\n\t<meta name=\"twitter:data2\" content=\"1 minute\" \/>\n<script type=\"application\/ld+json\" class=\"yoast-schema-graph\">{\"@context\":\"https:\\\/\\\/schema.org\",\"@graph\":[{\"@type\":\"Article\",\"@id\":\"https:\\\/\\\/www.samverlen.com\\\/index.php\\\/2015\\\/10\\\/03\\\/un-conte-musical-en-creation-lahsa\\\/#article\",\"isPartOf\":{\"@id\":\"https:\\\/\\\/www.samverlen.com\\\/index.php\\\/2015\\\/10\\\/03\\\/un-conte-musical-en-creation-lahsa\\\/\"},\"author\":{\"name\":\"samverlen\",\"@id\":\"https:\\\/\\\/www.samverlen.com\\\/#\\\/schema\\\/person\\\/afebf9a6641e07827cda3c96032f5a3d\"},\"headline\":\"Un conte musical en cr\u00e9ation&#8230;LAHSA !\",\"datePublished\":\"2015-10-03T12:43:38+00:00\",\"mainEntityOfPage\":{\"@id\":\"https:\\\/\\\/www.samverlen.com\\\/index.php\\\/2015\\\/10\\\/03\\\/un-conte-musical-en-creation-lahsa\\\/\"},\"wordCount\":271,\"commentCount\":0,\"image\":{\"@id\":\"https:\\\/\\\/www.samverlen.com\\\/index.php\\\/2015\\\/10\\\/03\\\/un-conte-musical-en-creation-lahsa\\\/#primaryimage\"},\"thumbnailUrl\":\"https:\\\/\\\/www.samverlen.com\\\/wp-content\\\/uploads\\\/2015\\\/10\\\/Visuel_LAHSA_V1_Petit.jpg\",\"articleSection\":[\"news\"],\"inLanguage\":\"fr-FR\",\"potentialAction\":[{\"@type\":\"CommentAction\",\"name\":\"Comment\",\"target\":[\"https:\\\/\\\/www.samverlen.com\\\/index.php\\\/2015\\\/10\\\/03\\\/un-conte-musical-en-creation-lahsa\\\/#respond\"]}]},{\"@type\":\"WebPage\",\"@id\":\"https:\\\/\\\/www.samverlen.com\\\/index.php\\\/2015\\\/10\\\/03\\\/un-conte-musical-en-creation-lahsa\\\/\",\"url\":\"https:\\\/\\\/www.samverlen.com\\\/index.php\\\/2015\\\/10\\\/03\\\/un-conte-musical-en-creation-lahsa\\\/\",\"name\":\"Un conte musical en cr\u00e9ation...LAHSA ! - Sam Verlen\",\"isPartOf\":{\"@id\":\"https:\\\/\\\/www.samverlen.com\\\/#website\"},\"primaryImageOfPage\":{\"@id\":\"https:\\\/\\\/www.samverlen.com\\\/index.php\\\/2015\\\/10\\\/03\\\/un-conte-musical-en-creation-lahsa\\\/#primaryimage\"},\"image\":{\"@id\":\"https:\\\/\\\/www.samverlen.com\\\/index.php\\\/2015\\\/10\\\/03\\\/un-conte-musical-en-creation-lahsa\\\/#primaryimage\"},\"thumbnailUrl\":\"https:\\\/\\\/www.samverlen.com\\\/wp-content\\\/uploads\\\/2015\\\/10\\\/Visuel_LAHSA_V1_Petit.jpg\",\"datePublished\":\"2015-10-03T12:43:38+00:00\",\"author\":{\"@id\":\"https:\\\/\\\/www.samverlen.com\\\/#\\\/schema\\\/person\\\/afebf9a6641e07827cda3c96032f5a3d\"},\"breadcrumb\":{\"@id\":\"https:\\\/\\\/www.samverlen.com\\\/index.php\\\/2015\\\/10\\\/03\\\/un-conte-musical-en-creation-lahsa\\\/#breadcrumb\"},\"inLanguage\":\"fr-FR\",\"potentialAction\":[{\"@type\":\"ReadAction\",\"target\":[\"https:\\\/\\\/www.samverlen.com\\\/index.php\\\/2015\\\/10\\\/03\\\/un-conte-musical-en-creation-lahsa\\\/\"]}]},{\"@type\":\"ImageObject\",\"inLanguage\":\"fr-FR\",\"@id\":\"https:\\\/\\\/www.samverlen.com\\\/index.php\\\/2015\\\/10\\\/03\\\/un-conte-musical-en-creation-lahsa\\\/#primaryimage\",\"url\":\"https:\\\/\\\/www.samverlen.com\\\/wp-content\\\/uploads\\\/2015\\\/10\\\/Visuel_LAHSA_V1_Petit.jpg\",\"contentUrl\":\"https:\\\/\\\/www.samverlen.com\\\/wp-content\\\/uploads\\\/2015\\\/10\\\/Visuel_LAHSA_V1_Petit.jpg\",\"width\":500,\"height\":474},{\"@type\":\"BreadcrumbList\",\"@id\":\"https:\\\/\\\/www.samverlen.com\\\/index.php\\\/2015\\\/10\\\/03\\\/un-conte-musical-en-creation-lahsa\\\/#breadcrumb\",\"itemListElement\":[{\"@type\":\"ListItem\",\"position\":1,\"name\":\"Accueil\",\"item\":\"https:\\\/\\\/www.samverlen.com\\\/\"},{\"@type\":\"ListItem\",\"position\":2,\"name\":\"Un conte musical en cr\u00e9ation&#8230;LAHSA !\"}]},{\"@type\":\"WebSite\",\"@id\":\"https:\\\/\\\/www.samverlen.com\\\/#website\",\"url\":\"https:\\\/\\\/www.samverlen.com\\\/\",\"name\":\"Sam Verlen\",\"description\":\"Chercheur de po\u00e9sie sonore \\\/\\\/ Compositeur, musicien\",\"potentialAction\":[{\"@type\":\"SearchAction\",\"target\":{\"@type\":\"EntryPoint\",\"urlTemplate\":\"https:\\\/\\\/www.samverlen.com\\\/?s={search_term_string}\"},\"query-input\":{\"@type\":\"PropertyValueSpecification\",\"valueRequired\":true,\"valueName\":\"search_term_string\"}}],\"inLanguage\":\"fr-FR\"},{\"@type\":\"Person\",\"@id\":\"https:\\\/\\\/www.samverlen.com\\\/#\\\/schema\\\/person\\\/afebf9a6641e07827cda3c96032f5a3d\",\"name\":\"samverlen\",\"image\":{\"@type\":\"ImageObject\",\"inLanguage\":\"fr-FR\",\"@id\":\"https:\\\/\\\/secure.gravatar.com\\\/avatar\\\/bb71d7c316348923a9c8f09e6ff09f43f1d48a987eff10b4119565e5a4f2ecd9?s=96&d=mm&r=g\",\"url\":\"https:\\\/\\\/secure.gravatar.com\\\/avatar\\\/bb71d7c316348923a9c8f09e6ff09f43f1d48a987eff10b4119565e5a4f2ecd9?s=96&d=mm&r=g\",\"contentUrl\":\"https:\\\/\\\/secure.gravatar.com\\\/avatar\\\/bb71d7c316348923a9c8f09e6ff09f43f1d48a987eff10b4119565e5a4f2ecd9?s=96&d=mm&r=g\",\"caption\":\"samverlen\"}}]}<\/script>\n<!-- \/ Yoast SEO plugin. -->","yoast_head_json":{"title":"Un conte musical en cr\u00e9ation...LAHSA ! - Sam Verlen","robots":{"index":"index","follow":"follow","max-snippet":"max-snippet:-1","max-image-preview":"max-image-preview:large","max-video-preview":"max-video-preview:-1"},"canonical":"https:\/\/www.samverlen.com\/index.php\/2015\/10\/03\/un-conte-musical-en-creation-lahsa\/","og_locale":"fr_FR","og_type":"article","og_title":"Un conte musical en cr\u00e9ation...LAHSA ! - Sam Verlen","og_description":"Cet hiver et sur la premi\u00e8re moiti\u00e9 de l&rsquo;ann\u00e9e prochaine, je travaille avec Virginie Guilluy sur une nouvelle cr\u00e9ation de spectacle pour le jeune public (\u00e0 partir de 6 ans) qui s&rsquo;intitulera \u00ab\u00a0Les \u00e2mes heureuses sont amoureuses\u00a0\u00bb (LAHSA !). Bas\u00e9 sur un conte contemporain \u00e9crit...","og_url":"https:\/\/www.samverlen.com\/index.php\/2015\/10\/03\/un-conte-musical-en-creation-lahsa\/","og_site_name":"Sam Verlen","article_publisher":"https:\/\/www.facebook.com\/sverlen","article_published_time":"2015-10-03T12:43:38+00:00","og_image":[{"width":500,"height":474,"url":"https:\/\/www.samverlen.com\/wp-content\/uploads\/2015\/10\/Visuel_LAHSA_V1_Petit.jpg","type":"image\/jpeg"}],"author":"samverlen","twitter_card":"summary_large_image","twitter_creator":"@samverlen","twitter_site":"@samverlen","twitter_misc":{"\u00c9crit par":"samverlen","Dur\u00e9e de lecture estim\u00e9e":"1 minute"},"schema":{"@context":"https:\/\/schema.org","@graph":[{"@type":"Article","@id":"https:\/\/www.samverlen.com\/index.php\/2015\/10\/03\/un-conte-musical-en-creation-lahsa\/#article","isPartOf":{"@id":"https:\/\/www.samverlen.com\/index.php\/2015\/10\/03\/un-conte-musical-en-creation-lahsa\/"},"author":{"name":"samverlen","@id":"https:\/\/www.samverlen.com\/#\/schema\/person\/afebf9a6641e07827cda3c96032f5a3d"},"headline":"Un conte musical en cr\u00e9ation&#8230;LAHSA !","datePublished":"2015-10-03T12:43:38+00:00","mainEntityOfPage":{"@id":"https:\/\/www.samverlen.com\/index.php\/2015\/10\/03\/un-conte-musical-en-creation-lahsa\/"},"wordCount":271,"commentCount":0,"image":{"@id":"https:\/\/www.samverlen.com\/index.php\/2015\/10\/03\/un-conte-musical-en-creation-lahsa\/#primaryimage"},"thumbnailUrl":"https:\/\/www.samverlen.com\/wp-content\/uploads\/2015\/10\/Visuel_LAHSA_V1_Petit.jpg","articleSection":["news"],"inLanguage":"fr-FR","potentialAction":[{"@type":"CommentAction","name":"Comment","target":["https:\/\/www.samverlen.com\/index.php\/2015\/10\/03\/un-conte-musical-en-creation-lahsa\/#respond"]}]},{"@type":"WebPage","@id":"https:\/\/www.samverlen.com\/index.php\/2015\/10\/03\/un-conte-musical-en-creation-lahsa\/","url":"https:\/\/www.samverlen.com\/index.php\/2015\/10\/03\/un-conte-musical-en-creation-lahsa\/","name":"Un conte musical en cr\u00e9ation...LAHSA ! - Sam Verlen","isPartOf":{"@id":"https:\/\/www.samverlen.com\/#website"},"primaryImageOfPage":{"@id":"https:\/\/www.samverlen.com\/index.php\/2015\/10\/03\/un-conte-musical-en-creation-lahsa\/#primaryimage"},"image":{"@id":"https:\/\/www.samverlen.com\/index.php\/2015\/10\/03\/un-conte-musical-en-creation-lahsa\/#primaryimage"},"thumbnailUrl":"https:\/\/www.samverlen.com\/wp-content\/uploads\/2015\/10\/Visuel_LAHSA_V1_Petit.jpg","datePublished":"2015-10-03T12:43:38+00:00","author":{"@id":"https:\/\/www.samverlen.com\/#\/schema\/person\/afebf9a6641e07827cda3c96032f5a3d"},"breadcrumb":{"@id":"https:\/\/www.samverlen.com\/index.php\/2015\/10\/03\/un-conte-musical-en-creation-lahsa\/#breadcrumb"},"inLanguage":"fr-FR","potentialAction":[{"@type":"ReadAction","target":["https:\/\/www.samverlen.com\/index.php\/2015\/10\/03\/un-conte-musical-en-creation-lahsa\/"]}]},{"@type":"ImageObject","inLanguage":"fr-FR","@id":"https:\/\/www.samverlen.com\/index.php\/2015\/10\/03\/un-conte-musical-en-creation-lahsa\/#primaryimage","url":"https:\/\/www.samverlen.com\/wp-content\/uploads\/2015\/10\/Visuel_LAHSA_V1_Petit.jpg","contentUrl":"https:\/\/www.samverlen.com\/wp-content\/uploads\/2015\/10\/Visuel_LAHSA_V1_Petit.jpg","width":500,"height":474},{"@type":"BreadcrumbList","@id":"https:\/\/www.samverlen.com\/index.php\/2015\/10\/03\/un-conte-musical-en-creation-lahsa\/#breadcrumb","itemListElement":[{"@type":"ListItem","position":1,"name":"Accueil","item":"https:\/\/www.samverlen.com\/"},{"@type":"ListItem","position":2,"name":"Un conte musical en cr\u00e9ation&#8230;LAHSA !"}]},{"@type":"WebSite","@id":"https:\/\/www.samverlen.com\/#website","url":"https:\/\/www.samverlen.com\/","name":"Sam Verlen","description":"Chercheur de po\u00e9sie sonore \/\/ Compositeur, musicien","potentialAction":[{"@type":"SearchAction","target":{"@type":"EntryPoint","urlTemplate":"https:\/\/www.samverlen.com\/?s={search_term_string}"},"query-input":{"@type":"PropertyValueSpecification","valueRequired":true,"valueName":"search_term_string"}}],"inLanguage":"fr-FR"},{"@type":"Person","@id":"https:\/\/www.samverlen.com\/#\/schema\/person\/afebf9a6641e07827cda3c96032f5a3d","name":"samverlen","image":{"@type":"ImageObject","inLanguage":"fr-FR","@id":"https:\/\/secure.gravatar.com\/avatar\/bb71d7c316348923a9c8f09e6ff09f43f1d48a987eff10b4119565e5a4f2ecd9?s=96&d=mm&r=g","url":"https:\/\/secure.gravatar.com\/avatar\/bb71d7c316348923a9c8f09e6ff09f43f1d48a987eff10b4119565e5a4f2ecd9?s=96&d=mm&r=g","contentUrl":"https:\/\/secure.gravatar.com\/avatar\/bb71d7c316348923a9c8f09e6ff09f43f1d48a987eff10b4119565e5a4f2ecd9?s=96&d=mm&r=g","caption":"samverlen"}}]}},"_links":{"self":[{"href":"https:\/\/www.samverlen.com\/index.php\/wp-json\/wp\/v2\/posts\/605","targetHints":{"allow":["GET"]}}],"collection":[{"href":"https:\/\/www.samverlen.com\/index.php\/wp-json\/wp\/v2\/posts"}],"about":[{"href":"https:\/\/www.samverlen.com\/index.php\/wp-json\/wp\/v2\/types\/post"}],"author":[{"embeddable":true,"href":"https:\/\/www.samverlen.com\/index.php\/wp-json\/wp\/v2\/users\/1"}],"replies":[{"embeddable":true,"href":"https:\/\/www.samverlen.com\/index.php\/wp-json\/wp\/v2\/comments?post=605"}],"version-history":[{"count":0,"href":"https:\/\/www.samverlen.com\/index.php\/wp-json\/wp\/v2\/posts\/605\/revisions"}],"wp:featuredmedia":[{"embeddable":true,"href":"https:\/\/www.samverlen.com\/index.php\/wp-json\/wp\/v2\/media\/606"}],"wp:attachment":[{"href":"https:\/\/www.samverlen.com\/index.php\/wp-json\/wp\/v2\/media?parent=605"}],"wp:term":[{"taxonomy":"category","embeddable":true,"href":"https:\/\/www.samverlen.com\/index.php\/wp-json\/wp\/v2\/categories?post=605"},{"taxonomy":"post_tag","embeddable":true,"href":"https:\/\/www.samverlen.com\/index.php\/wp-json\/wp\/v2\/tags?post=605"}],"curies":[{"name":"wp","href":"https:\/\/api.w.org\/{rel}","templated":true}]}}