{"id":848,"date":"2017-05-17T23:00:55","date_gmt":"2017-05-17T21:00:55","guid":{"rendered":"http:\/\/www.samverlen.com\/?p=848"},"modified":"2017-10-05T00:14:56","modified_gmt":"2017-10-04T22:14:56","slug":"les-indiens-sont-a-louest","status":"publish","type":"post","link":"https:\/\/www.samverlen.com\/index.php\/2017\/05\/17\/les-indiens-sont-a-louest\/","title":{"rendered":"Les indiens sont \u00e0 l&rsquo;ouest"},"content":{"rendered":"<p>Le\u00a0spectacle (et album) \u00e9crit et compos\u00e9 par <a href=\"http:\/\/www.deezer.com\/album\/11302520\" target=\"_blank\" rel=\"noopener noreferrer\">Juliette <\/a>est repris par les choeurs de coll\u00e8gien(ne)s de La M\u00e9zi\u00e8re et Betton \u00e0 l&rsquo;initiative de leurs g\u00e9niales profs de musique Karine Bourdois &amp; Sylvaine Lefeuvre.<\/p>\n<p><img loading=\"lazy\" decoding=\"async\" class=\"size-full wp-image-865 aligncenter\" src=\"http:\/\/www.samverlen.com\/wp-content\/uploads\/2017\/05\/IMG_8962.jpg\" alt=\"\" width=\"1164\" height=\"776\" srcset=\"https:\/\/www.samverlen.com\/wp-content\/uploads\/2017\/05\/IMG_8962.jpg 1164w, https:\/\/www.samverlen.com\/wp-content\/uploads\/2017\/05\/IMG_8962-300x200.jpg 300w, https:\/\/www.samverlen.com\/wp-content\/uploads\/2017\/05\/IMG_8962-768x512.jpg 768w, https:\/\/www.samverlen.com\/wp-content\/uploads\/2017\/05\/IMG_8962-1024x683.jpg 1024w, https:\/\/www.samverlen.com\/wp-content\/uploads\/2017\/05\/IMG_8962-448x299.jpg 448w, https:\/\/www.samverlen.com\/wp-content\/uploads\/2017\/05\/IMG_8962-750x500.jpg 750w, https:\/\/www.samverlen.com\/wp-content\/uploads\/2017\/05\/IMG_8962-488x325.jpg 488w, https:\/\/www.samverlen.com\/wp-content\/uploads\/2017\/05\/IMG_8962-800x533.jpg 800w\" sizes=\"auto, (max-width: 1164px) 100vw, 1164px\" \/><\/p>\n<p><img loading=\"lazy\" decoding=\"async\" class=\"size-full wp-image-861 aligncenter\" src=\"http:\/\/www.samverlen.com\/wp-content\/uploads\/2017\/05\/IMG_9094.jpg\" alt=\"\" width=\"1164\" height=\"776\" srcset=\"https:\/\/www.samverlen.com\/wp-content\/uploads\/2017\/05\/IMG_9094.jpg 1164w, https:\/\/www.samverlen.com\/wp-content\/uploads\/2017\/05\/IMG_9094-300x200.jpg 300w, https:\/\/www.samverlen.com\/wp-content\/uploads\/2017\/05\/IMG_9094-768x512.jpg 768w, https:\/\/www.samverlen.com\/wp-content\/uploads\/2017\/05\/IMG_9094-1024x683.jpg 1024w, https:\/\/www.samverlen.com\/wp-content\/uploads\/2017\/05\/IMG_9094-448x299.jpg 448w, https:\/\/www.samverlen.com\/wp-content\/uploads\/2017\/05\/IMG_9094-750x500.jpg 750w, https:\/\/www.samverlen.com\/wp-content\/uploads\/2017\/05\/IMG_9094-488x325.jpg 488w, https:\/\/www.samverlen.com\/wp-content\/uploads\/2017\/05\/IMG_9094-800x533.jpg 800w\" sizes=\"auto, (max-width: 1164px) 100vw, 1164px\" \/><\/p>\n<p>Virginie Guilluy r\u00e9alise\u00a0la mise en sc\u00e8ne et Robin Tixier (le jeune et beau batteur de Divagations) assure la batterie et les\u00a0percussions, Catherine Lepinel est \u00e0 la clarinette et Eric laurendeau \u00e0 la trompette.<\/p>\n<p><img loading=\"lazy\" decoding=\"async\" class=\"size-full wp-image-864 aligncenter\" src=\"http:\/\/www.samverlen.com\/wp-content\/uploads\/2017\/05\/IMG_8955.jpg\" alt=\"\" width=\"1164\" height=\"776\" srcset=\"https:\/\/www.samverlen.com\/wp-content\/uploads\/2017\/05\/IMG_8955.jpg 1164w, https:\/\/www.samverlen.com\/wp-content\/uploads\/2017\/05\/IMG_8955-300x200.jpg 300w, https:\/\/www.samverlen.com\/wp-content\/uploads\/2017\/05\/IMG_8955-768x512.jpg 768w, https:\/\/www.samverlen.com\/wp-content\/uploads\/2017\/05\/IMG_8955-1024x683.jpg 1024w, https:\/\/www.samverlen.com\/wp-content\/uploads\/2017\/05\/IMG_8955-448x299.jpg 448w, https:\/\/www.samverlen.com\/wp-content\/uploads\/2017\/05\/IMG_8955-750x500.jpg 750w, https:\/\/www.samverlen.com\/wp-content\/uploads\/2017\/05\/IMG_8955-488x325.jpg 488w, https:\/\/www.samverlen.com\/wp-content\/uploads\/2017\/05\/IMG_8955-800x533.jpg 800w\" sizes=\"auto, (max-width: 1164px) 100vw, 1164px\" \/><\/p>\n<p><img loading=\"lazy\" decoding=\"async\" class=\"alignnone size-full wp-image-866 aligncenter\" src=\"http:\/\/www.samverlen.com\/wp-content\/uploads\/2017\/05\/IMG_8965.jpg\" alt=\"\" width=\"517\" height=\"776\" srcset=\"https:\/\/www.samverlen.com\/wp-content\/uploads\/2017\/05\/IMG_8965.jpg 517w, https:\/\/www.samverlen.com\/wp-content\/uploads\/2017\/05\/IMG_8965-200x300.jpg 200w, https:\/\/www.samverlen.com\/wp-content\/uploads\/2017\/05\/IMG_8965-448x672.jpg 448w, https:\/\/www.samverlen.com\/wp-content\/uploads\/2017\/05\/IMG_8965-488x732.jpg 488w\" sizes=\"auto, (max-width: 517px) 100vw, 517px\" \/><\/p>\n<p><img loading=\"lazy\" decoding=\"async\" class=\"alignnone size-full wp-image-862 aligncenter\" src=\"http:\/\/www.samverlen.com\/wp-content\/uploads\/2017\/05\/IMG_9099.jpg\" alt=\"\" width=\"517\" height=\"776\" srcset=\"https:\/\/www.samverlen.com\/wp-content\/uploads\/2017\/05\/IMG_9099.jpg 517w, https:\/\/www.samverlen.com\/wp-content\/uploads\/2017\/05\/IMG_9099-200x300.jpg 200w, https:\/\/www.samverlen.com\/wp-content\/uploads\/2017\/05\/IMG_9099-448x672.jpg 448w, https:\/\/www.samverlen.com\/wp-content\/uploads\/2017\/05\/IMG_9099-488x732.jpg 488w\" sizes=\"auto, (max-width: 517px) 100vw, 517px\" \/><\/p>\n<p>De mon c\u00f4t\u00e9, je tente d&rsquo;\u00eatre \u00e0 la hauteur de cette brillante \u00e9quipe au clavier, au m\u00e9lodica, \u00e0 la guitare et \u00e0 la basse. Et contrairement \u00e0 la photo ci-dessous les \u00e9l\u00e8ves n&rsquo;en prennent pas plein la t\u00eate et s&rsquo;en donnent \u00e0 \u00ab\u00a0choeur joie\u00a0\u00bb !<\/p>\n<p><img loading=\"lazy\" decoding=\"async\" class=\"size-full wp-image-860 aligncenter\" src=\"http:\/\/www.samverlen.com\/wp-content\/uploads\/2017\/05\/IMG_8973.jpg\" alt=\"\" width=\"517\" height=\"776\" srcset=\"https:\/\/www.samverlen.com\/wp-content\/uploads\/2017\/05\/IMG_8973.jpg 517w, https:\/\/www.samverlen.com\/wp-content\/uploads\/2017\/05\/IMG_8973-200x300.jpg 200w, https:\/\/www.samverlen.com\/wp-content\/uploads\/2017\/05\/IMG_8973-448x672.jpg 448w, https:\/\/www.samverlen.com\/wp-content\/uploads\/2017\/05\/IMG_8973-488x732.jpg 488w\" sizes=\"auto, (max-width: 517px) 100vw, 517px\" \/><\/p>\n<p><img loading=\"lazy\" decoding=\"async\" class=\"size-full wp-image-858 aligncenter\" src=\"http:\/\/www.samverlen.com\/wp-content\/uploads\/2017\/05\/IMG_8971.jpg\" alt=\"\" width=\"1440\" height=\"563\" srcset=\"https:\/\/www.samverlen.com\/wp-content\/uploads\/2017\/05\/IMG_8971.jpg 1440w, https:\/\/www.samverlen.com\/wp-content\/uploads\/2017\/05\/IMG_8971-300x117.jpg 300w, https:\/\/www.samverlen.com\/wp-content\/uploads\/2017\/05\/IMG_8971-768x300.jpg 768w, https:\/\/www.samverlen.com\/wp-content\/uploads\/2017\/05\/IMG_8971-1024x400.jpg 1024w, https:\/\/www.samverlen.com\/wp-content\/uploads\/2017\/05\/IMG_8971-448x175.jpg 448w, https:\/\/www.samverlen.com\/wp-content\/uploads\/2017\/05\/IMG_8971-750x293.jpg 750w, https:\/\/www.samverlen.com\/wp-content\/uploads\/2017\/05\/IMG_8971-488x191.jpg 488w, https:\/\/www.samverlen.com\/wp-content\/uploads\/2017\/05\/IMG_8971-800x313.jpg 800w\" sizes=\"auto, (max-width: 1440px) 100vw, 1440px\" \/><\/p>\n<p>&nbsp;<\/p>\n<p>&nbsp;<\/p>\n<p><\/p>","protected":false},"excerpt":{"rendered":"<p>Le\u00a0spectacle (et album) \u00e9crit et compos\u00e9 par Juliette est repris par les choeurs de coll\u00e8gien(ne)s de La M\u00e9zi\u00e8re et Betton \u00e0 l&rsquo;initiative de leurs g\u00e9niales profs de musique Karine Bourdois &amp; Sylvaine Lefeuvre. Virginie Guilluy r\u00e9alise\u00a0la mise en sc\u00e8ne et Robin Tixier (le jeune et&#8230;<\/p>\n","protected":false},"author":1,"featured_media":790,"comment_status":"open","ping_status":"open","sticky":false,"template":"","format":"standard","meta":{"_et_pb_use_builder":"","_et_pb_old_content":"","_et_gb_content_width":"","footnotes":""},"categories":[5],"tags":[],"class_list":["post-848","post","type-post","status-publish","format-standard","has-post-thumbnail","hentry","category-news"],"yoast_head":"<!-- This site is optimized with the Yoast SEO plugin v27.4 - https:\/\/yoast.com\/product\/yoast-seo-wordpress\/ -->\n<title>Les indiens sont \u00e0 l&#039;ouest - Sam Verlen<\/title>\n<meta name=\"robots\" content=\"index, follow, max-snippet:-1, max-image-preview:large, max-video-preview:-1\" \/>\n<link rel=\"canonical\" href=\"https:\/\/www.samverlen.com\/index.php\/2017\/05\/17\/les-indiens-sont-a-louest\/\" \/>\n<meta property=\"og:locale\" content=\"fr_FR\" \/>\n<meta property=\"og:type\" content=\"article\" \/>\n<meta property=\"og:title\" content=\"Les indiens sont \u00e0 l&#039;ouest - Sam Verlen\" \/>\n<meta property=\"og:description\" content=\"Le\u00a0spectacle (et album) \u00e9crit et compos\u00e9 par Juliette est repris par les choeurs de coll\u00e8gien(ne)s de La M\u00e9zi\u00e8re et Betton \u00e0 l&rsquo;initiative de leurs g\u00e9niales profs de musique Karine Bourdois &amp; Sylvaine Lefeuvre. Virginie Guilluy r\u00e9alise\u00a0la mise en sc\u00e8ne et Robin Tixier (le jeune et...\" \/>\n<meta property=\"og:url\" content=\"https:\/\/www.samverlen.com\/index.php\/2017\/05\/17\/les-indiens-sont-a-louest\/\" \/>\n<meta property=\"og:site_name\" content=\"Sam Verlen\" \/>\n<meta property=\"article:publisher\" content=\"https:\/\/www.facebook.com\/sverlen\" \/>\n<meta property=\"article:published_time\" content=\"2017-05-17T21:00:55+00:00\" \/>\n<meta property=\"article:modified_time\" content=\"2017-10-04T22:14:56+00:00\" \/>\n<meta property=\"og:image\" content=\"https:\/\/www.samverlen.com\/wp-content\/uploads\/2017\/05\/LISAO.jpg\" \/>\n\t<meta property=\"og:image:width\" content=\"1172\" \/>\n\t<meta property=\"og:image:height\" content=\"790\" \/>\n\t<meta property=\"og:image:type\" content=\"image\/jpeg\" \/>\n<meta name=\"author\" content=\"samverlen\" \/>\n<meta name=\"twitter:card\" content=\"summary_large_image\" \/>\n<meta name=\"twitter:creator\" content=\"@samverlen\" \/>\n<meta name=\"twitter:site\" content=\"@samverlen\" \/>\n<meta name=\"twitter:label1\" content=\"\u00c9crit par\" \/>\n\t<meta name=\"twitter:data1\" content=\"samverlen\" \/>\n\t<meta name=\"twitter:label2\" content=\"Dur\u00e9e de lecture estim\u00e9e\" \/>\n\t<meta name=\"twitter:data2\" content=\"1 minute\" \/>\n<script type=\"application\/ld+json\" class=\"yoast-schema-graph\">{\"@context\":\"https:\\\/\\\/schema.org\",\"@graph\":[{\"@type\":\"Article\",\"@id\":\"https:\\\/\\\/www.samverlen.com\\\/index.php\\\/2017\\\/05\\\/17\\\/les-indiens-sont-a-louest\\\/#article\",\"isPartOf\":{\"@id\":\"https:\\\/\\\/www.samverlen.com\\\/index.php\\\/2017\\\/05\\\/17\\\/les-indiens-sont-a-louest\\\/\"},\"author\":{\"name\":\"samverlen\",\"@id\":\"https:\\\/\\\/www.samverlen.com\\\/#\\\/schema\\\/person\\\/afebf9a6641e07827cda3c96032f5a3d\"},\"headline\":\"Les indiens sont \u00e0 l&rsquo;ouest\",\"datePublished\":\"2017-05-17T21:00:55+00:00\",\"dateModified\":\"2017-10-04T22:14:56+00:00\",\"mainEntityOfPage\":{\"@id\":\"https:\\\/\\\/www.samverlen.com\\\/index.php\\\/2017\\\/05\\\/17\\\/les-indiens-sont-a-louest\\\/\"},\"wordCount\":124,\"commentCount\":0,\"image\":{\"@id\":\"https:\\\/\\\/www.samverlen.com\\\/index.php\\\/2017\\\/05\\\/17\\\/les-indiens-sont-a-louest\\\/#primaryimage\"},\"thumbnailUrl\":\"https:\\\/\\\/www.samverlen.com\\\/wp-content\\\/uploads\\\/2017\\\/05\\\/LISAO.jpg\",\"articleSection\":[\"news\"],\"inLanguage\":\"fr-FR\",\"potentialAction\":[{\"@type\":\"CommentAction\",\"name\":\"Comment\",\"target\":[\"https:\\\/\\\/www.samverlen.com\\\/index.php\\\/2017\\\/05\\\/17\\\/les-indiens-sont-a-louest\\\/#respond\"]}]},{\"@type\":\"WebPage\",\"@id\":\"https:\\\/\\\/www.samverlen.com\\\/index.php\\\/2017\\\/05\\\/17\\\/les-indiens-sont-a-louest\\\/\",\"url\":\"https:\\\/\\\/www.samverlen.com\\\/index.php\\\/2017\\\/05\\\/17\\\/les-indiens-sont-a-louest\\\/\",\"name\":\"Les indiens sont \u00e0 l'ouest - Sam Verlen\",\"isPartOf\":{\"@id\":\"https:\\\/\\\/www.samverlen.com\\\/#website\"},\"primaryImageOfPage\":{\"@id\":\"https:\\\/\\\/www.samverlen.com\\\/index.php\\\/2017\\\/05\\\/17\\\/les-indiens-sont-a-louest\\\/#primaryimage\"},\"image\":{\"@id\":\"https:\\\/\\\/www.samverlen.com\\\/index.php\\\/2017\\\/05\\\/17\\\/les-indiens-sont-a-louest\\\/#primaryimage\"},\"thumbnailUrl\":\"https:\\\/\\\/www.samverlen.com\\\/wp-content\\\/uploads\\\/2017\\\/05\\\/LISAO.jpg\",\"datePublished\":\"2017-05-17T21:00:55+00:00\",\"dateModified\":\"2017-10-04T22:14:56+00:00\",\"author\":{\"@id\":\"https:\\\/\\\/www.samverlen.com\\\/#\\\/schema\\\/person\\\/afebf9a6641e07827cda3c96032f5a3d\"},\"breadcrumb\":{\"@id\":\"https:\\\/\\\/www.samverlen.com\\\/index.php\\\/2017\\\/05\\\/17\\\/les-indiens-sont-a-louest\\\/#breadcrumb\"},\"inLanguage\":\"fr-FR\",\"potentialAction\":[{\"@type\":\"ReadAction\",\"target\":[\"https:\\\/\\\/www.samverlen.com\\\/index.php\\\/2017\\\/05\\\/17\\\/les-indiens-sont-a-louest\\\/\"]}]},{\"@type\":\"ImageObject\",\"inLanguage\":\"fr-FR\",\"@id\":\"https:\\\/\\\/www.samverlen.com\\\/index.php\\\/2017\\\/05\\\/17\\\/les-indiens-sont-a-louest\\\/#primaryimage\",\"url\":\"https:\\\/\\\/www.samverlen.com\\\/wp-content\\\/uploads\\\/2017\\\/05\\\/LISAO.jpg\",\"contentUrl\":\"https:\\\/\\\/www.samverlen.com\\\/wp-content\\\/uploads\\\/2017\\\/05\\\/LISAO.jpg\",\"width\":1172,\"height\":790},{\"@type\":\"BreadcrumbList\",\"@id\":\"https:\\\/\\\/www.samverlen.com\\\/index.php\\\/2017\\\/05\\\/17\\\/les-indiens-sont-a-louest\\\/#breadcrumb\",\"itemListElement\":[{\"@type\":\"ListItem\",\"position\":1,\"name\":\"Accueil\",\"item\":\"https:\\\/\\\/www.samverlen.com\\\/\"},{\"@type\":\"ListItem\",\"position\":2,\"name\":\"Les indiens sont \u00e0 l&rsquo;ouest\"}]},{\"@type\":\"WebSite\",\"@id\":\"https:\\\/\\\/www.samverlen.com\\\/#website\",\"url\":\"https:\\\/\\\/www.samverlen.com\\\/\",\"name\":\"Sam Verlen\",\"description\":\"Chercheur de po\u00e9sie sonore \\\/\\\/ Compositeur, musicien\",\"potentialAction\":[{\"@type\":\"SearchAction\",\"target\":{\"@type\":\"EntryPoint\",\"urlTemplate\":\"https:\\\/\\\/www.samverlen.com\\\/?s={search_term_string}\"},\"query-input\":{\"@type\":\"PropertyValueSpecification\",\"valueRequired\":true,\"valueName\":\"search_term_string\"}}],\"inLanguage\":\"fr-FR\"},{\"@type\":\"Person\",\"@id\":\"https:\\\/\\\/www.samverlen.com\\\/#\\\/schema\\\/person\\\/afebf9a6641e07827cda3c96032f5a3d\",\"name\":\"samverlen\",\"image\":{\"@type\":\"ImageObject\",\"inLanguage\":\"fr-FR\",\"@id\":\"https:\\\/\\\/secure.gravatar.com\\\/avatar\\\/bb71d7c316348923a9c8f09e6ff09f43f1d48a987eff10b4119565e5a4f2ecd9?s=96&d=mm&r=g\",\"url\":\"https:\\\/\\\/secure.gravatar.com\\\/avatar\\\/bb71d7c316348923a9c8f09e6ff09f43f1d48a987eff10b4119565e5a4f2ecd9?s=96&d=mm&r=g\",\"contentUrl\":\"https:\\\/\\\/secure.gravatar.com\\\/avatar\\\/bb71d7c316348923a9c8f09e6ff09f43f1d48a987eff10b4119565e5a4f2ecd9?s=96&d=mm&r=g\",\"caption\":\"samverlen\"}}]}<\/script>\n<!-- \/ Yoast SEO plugin. -->","yoast_head_json":{"title":"Les indiens sont \u00e0 l'ouest - Sam Verlen","robots":{"index":"index","follow":"follow","max-snippet":"max-snippet:-1","max-image-preview":"max-image-preview:large","max-video-preview":"max-video-preview:-1"},"canonical":"https:\/\/www.samverlen.com\/index.php\/2017\/05\/17\/les-indiens-sont-a-louest\/","og_locale":"fr_FR","og_type":"article","og_title":"Les indiens sont \u00e0 l'ouest - Sam Verlen","og_description":"Le\u00a0spectacle (et album) \u00e9crit et compos\u00e9 par Juliette est repris par les choeurs de coll\u00e8gien(ne)s de La M\u00e9zi\u00e8re et Betton \u00e0 l&rsquo;initiative de leurs g\u00e9niales profs de musique Karine Bourdois &amp; Sylvaine Lefeuvre. Virginie Guilluy r\u00e9alise\u00a0la mise en sc\u00e8ne et Robin Tixier (le jeune et...","og_url":"https:\/\/www.samverlen.com\/index.php\/2017\/05\/17\/les-indiens-sont-a-louest\/","og_site_name":"Sam Verlen","article_publisher":"https:\/\/www.facebook.com\/sverlen","article_published_time":"2017-05-17T21:00:55+00:00","article_modified_time":"2017-10-04T22:14:56+00:00","og_image":[{"width":1172,"height":790,"url":"https:\/\/www.samverlen.com\/wp-content\/uploads\/2017\/05\/LISAO.jpg","type":"image\/jpeg"}],"author":"samverlen","twitter_card":"summary_large_image","twitter_creator":"@samverlen","twitter_site":"@samverlen","twitter_misc":{"\u00c9crit par":"samverlen","Dur\u00e9e de lecture estim\u00e9e":"1 minute"},"schema":{"@context":"https:\/\/schema.org","@graph":[{"@type":"Article","@id":"https:\/\/www.samverlen.com\/index.php\/2017\/05\/17\/les-indiens-sont-a-louest\/#article","isPartOf":{"@id":"https:\/\/www.samverlen.com\/index.php\/2017\/05\/17\/les-indiens-sont-a-louest\/"},"author":{"name":"samverlen","@id":"https:\/\/www.samverlen.com\/#\/schema\/person\/afebf9a6641e07827cda3c96032f5a3d"},"headline":"Les indiens sont \u00e0 l&rsquo;ouest","datePublished":"2017-05-17T21:00:55+00:00","dateModified":"2017-10-04T22:14:56+00:00","mainEntityOfPage":{"@id":"https:\/\/www.samverlen.com\/index.php\/2017\/05\/17\/les-indiens-sont-a-louest\/"},"wordCount":124,"commentCount":0,"image":{"@id":"https:\/\/www.samverlen.com\/index.php\/2017\/05\/17\/les-indiens-sont-a-louest\/#primaryimage"},"thumbnailUrl":"https:\/\/www.samverlen.com\/wp-content\/uploads\/2017\/05\/LISAO.jpg","articleSection":["news"],"inLanguage":"fr-FR","potentialAction":[{"@type":"CommentAction","name":"Comment","target":["https:\/\/www.samverlen.com\/index.php\/2017\/05\/17\/les-indiens-sont-a-louest\/#respond"]}]},{"@type":"WebPage","@id":"https:\/\/www.samverlen.com\/index.php\/2017\/05\/17\/les-indiens-sont-a-louest\/","url":"https:\/\/www.samverlen.com\/index.php\/2017\/05\/17\/les-indiens-sont-a-louest\/","name":"Les indiens sont \u00e0 l'ouest - Sam Verlen","isPartOf":{"@id":"https:\/\/www.samverlen.com\/#website"},"primaryImageOfPage":{"@id":"https:\/\/www.samverlen.com\/index.php\/2017\/05\/17\/les-indiens-sont-a-louest\/#primaryimage"},"image":{"@id":"https:\/\/www.samverlen.com\/index.php\/2017\/05\/17\/les-indiens-sont-a-louest\/#primaryimage"},"thumbnailUrl":"https:\/\/www.samverlen.com\/wp-content\/uploads\/2017\/05\/LISAO.jpg","datePublished":"2017-05-17T21:00:55+00:00","dateModified":"2017-10-04T22:14:56+00:00","author":{"@id":"https:\/\/www.samverlen.com\/#\/schema\/person\/afebf9a6641e07827cda3c96032f5a3d"},"breadcrumb":{"@id":"https:\/\/www.samverlen.com\/index.php\/2017\/05\/17\/les-indiens-sont-a-louest\/#breadcrumb"},"inLanguage":"fr-FR","potentialAction":[{"@type":"ReadAction","target":["https:\/\/www.samverlen.com\/index.php\/2017\/05\/17\/les-indiens-sont-a-louest\/"]}]},{"@type":"ImageObject","inLanguage":"fr-FR","@id":"https:\/\/www.samverlen.com\/index.php\/2017\/05\/17\/les-indiens-sont-a-louest\/#primaryimage","url":"https:\/\/www.samverlen.com\/wp-content\/uploads\/2017\/05\/LISAO.jpg","contentUrl":"https:\/\/www.samverlen.com\/wp-content\/uploads\/2017\/05\/LISAO.jpg","width":1172,"height":790},{"@type":"BreadcrumbList","@id":"https:\/\/www.samverlen.com\/index.php\/2017\/05\/17\/les-indiens-sont-a-louest\/#breadcrumb","itemListElement":[{"@type":"ListItem","position":1,"name":"Accueil","item":"https:\/\/www.samverlen.com\/"},{"@type":"ListItem","position":2,"name":"Les indiens sont \u00e0 l&rsquo;ouest"}]},{"@type":"WebSite","@id":"https:\/\/www.samverlen.com\/#website","url":"https:\/\/www.samverlen.com\/","name":"Sam Verlen","description":"Chercheur de po\u00e9sie sonore \/\/ Compositeur, musicien","potentialAction":[{"@type":"SearchAction","target":{"@type":"EntryPoint","urlTemplate":"https:\/\/www.samverlen.com\/?s={search_term_string}"},"query-input":{"@type":"PropertyValueSpecification","valueRequired":true,"valueName":"search_term_string"}}],"inLanguage":"fr-FR"},{"@type":"Person","@id":"https:\/\/www.samverlen.com\/#\/schema\/person\/afebf9a6641e07827cda3c96032f5a3d","name":"samverlen","image":{"@type":"ImageObject","inLanguage":"fr-FR","@id":"https:\/\/secure.gravatar.com\/avatar\/bb71d7c316348923a9c8f09e6ff09f43f1d48a987eff10b4119565e5a4f2ecd9?s=96&d=mm&r=g","url":"https:\/\/secure.gravatar.com\/avatar\/bb71d7c316348923a9c8f09e6ff09f43f1d48a987eff10b4119565e5a4f2ecd9?s=96&d=mm&r=g","contentUrl":"https:\/\/secure.gravatar.com\/avatar\/bb71d7c316348923a9c8f09e6ff09f43f1d48a987eff10b4119565e5a4f2ecd9?s=96&d=mm&r=g","caption":"samverlen"}}]}},"_links":{"self":[{"href":"https:\/\/www.samverlen.com\/index.php\/wp-json\/wp\/v2\/posts\/848","targetHints":{"allow":["GET"]}}],"collection":[{"href":"https:\/\/www.samverlen.com\/index.php\/wp-json\/wp\/v2\/posts"}],"about":[{"href":"https:\/\/www.samverlen.com\/index.php\/wp-json\/wp\/v2\/types\/post"}],"author":[{"embeddable":true,"href":"https:\/\/www.samverlen.com\/index.php\/wp-json\/wp\/v2\/users\/1"}],"replies":[{"embeddable":true,"href":"https:\/\/www.samverlen.com\/index.php\/wp-json\/wp\/v2\/comments?post=848"}],"version-history":[{"count":3,"href":"https:\/\/www.samverlen.com\/index.php\/wp-json\/wp\/v2\/posts\/848\/revisions"}],"predecessor-version":[{"id":867,"href":"https:\/\/www.samverlen.com\/index.php\/wp-json\/wp\/v2\/posts\/848\/revisions\/867"}],"wp:featuredmedia":[{"embeddable":true,"href":"https:\/\/www.samverlen.com\/index.php\/wp-json\/wp\/v2\/media\/790"}],"wp:attachment":[{"href":"https:\/\/www.samverlen.com\/index.php\/wp-json\/wp\/v2\/media?parent=848"}],"wp:term":[{"taxonomy":"category","embeddable":true,"href":"https:\/\/www.samverlen.com\/index.php\/wp-json\/wp\/v2\/categories?post=848"},{"taxonomy":"post_tag","embeddable":true,"href":"https:\/\/www.samverlen.com\/index.php\/wp-json\/wp\/v2\/tags?post=848"}],"curies":[{"name":"wp","href":"https:\/\/api.w.org\/{rel}","templated":true}]}}