{"id":877,"date":"2017-10-04T20:58:12","date_gmt":"2017-10-04T18:58:12","guid":{"rendered":"http:\/\/www.samverlen.com\/?p=877"},"modified":"2017-12-07T16:01:52","modified_gmt":"2017-12-07T15:01:52","slug":"premier-extrait-de-fleuve-nouvelle-creation","status":"publish","type":"post","link":"https:\/\/www.samverlen.com\/index.php\/2017\/10\/04\/premier-extrait-de-fleuve-nouvelle-creation\/","title":{"rendered":"Premier extrait de \u00ab\u00a0Fleuve\u00a0\u00bb, sieste musicale en cours de cr\u00e9ation"},"content":{"rendered":"<p>Tout a commenc\u00e9 avec la lecture de l&rsquo;essai philosophique <a href=\"https:\/\/fr.wikipedia.org\/wiki\/Tristan_Garcia\" target=\"_blank\" rel=\"noopener\">\u00ab\u00a0La vie intense, une obsession moderne\u00a0\u00bb de Tristan Garcia<\/a>.<\/p>\n<p style=\"font-weight: 400;\">Cet ouvrage a particuli\u00e8rement r\u00e9sonn\u00e9 en moi \u00e0 un moment o\u00f9 je tentai (et depuis quelques ann\u00e9es d\u00e9j\u00e0) de repousser les limites de l&rsquo;intensit\u00e9 dans ma vie professionnelle \u00e0 tel point que plus rien d&rsquo;autres (m\u00eame l&rsquo;amour de mes proches) n&rsquo;avaient d&rsquo;importance. Comme beaucoup, je me suis pris au jeu de \u00ab\u00a0l\u2019acc\u00e9l\u00e9ration du temps\u00a0\u00bb et de\u00a0\u00ab\u00a0la\u00a0vie\u00a0intense\u00a0\u00bb qui sont devenues en quelques dizaines d\u2019ann\u00e9es des normes soci\u00e9tales dans tous les domaines.<\/p>\n<p>Les \u00e9motions et sensations qui doivent \u00eatre de plus en vives et fortes (que ce soit dans la tristesse ou \u00a0la joie), l\u2019acc\u00e9l\u00e9ration du temps (on doit faire toujours tout plus vite et utiliser le temps de fa\u00e7on optimum). Le probl\u00e8me avec l\u2019intensit\u00e9 \u00e9tant qu\u2019une fois que l\u2019on a v\u00e9cue quelque chose \u00e0 un niveau d\u2019intensit\u00e9 personnel donn\u00e9, la m\u00eame exp\u00e9rience renouvel\u00e9e une seconde fois s\u2019av\u00e8re souvent plus fade. Ceci entra\u00eenant une d\u00e9pendance \u00e0 une recherche d\u2019intensit\u00e9 toujours plus \u00e9lev\u00e9es pour qu\u2019elles restent intenses.\u00a0Avec ce type de d\u00e9pendance, on voit de plus en plus arriver les d\u00e9pressions quand le corps ou l\u2019esprit ne suivent pas.<\/p>\n<p>Et \u00e0 ceux qui prennent plaisir \u00e0 radoter sur le naufrage provoqu\u00e9 par cette recherche incessante d\u2019intensit\u00e9, Tristan Garcia r\u00e9torque:\u00a0<em>\u00ab\u00a0Le simple fait que nous puissions nous la repr\u00e9senter du dehors n\u2019est-il pas le signe que nous en sommes \u00e0 demi sortis\u2009?\u00a0\u00bb<\/em><\/p>\n<p>Comme il le d\u00e9crit, ce standard d&rsquo;intensit\u00e9 se confronte \u00e0 un autre standard soci\u00e9tal actuel que l\u2019on pourrait appeler la recherche de sagesse (par la m\u00e9ditation, le yoga, etc\u2026la recherche de s\u00e9r\u00e9nit\u00e9, de ma\u00eetrise de ses \u00e9motions). Une sorte d\u2019oppos\u00e9 \u00e0 l\u2019intensit\u00e9 en somme, plus proche de la nature et d\u2019un rythme \u00ab\u00a0naturel\u00a0\u00bb.<\/p>\n<p>La cr\u00e9ation de la r\u00eaverie \u00e9lectro-aquatique \u00ab\u00a0Fleuve\u00a0\u00bb est n\u00e9e de ce besoin, d&rsquo;abord personnel, de retour \u00e0 un point d&rsquo;\u00e9quilibre en s&rsquo;accordant ainsi des moments hors-champs, d\u00e9connect\u00e9 du flux d&rsquo;intensit\u00e9 ambiant par la musique.<\/p>\n<p>Assez rapidement, le th\u00e8me de l&rsquo;eau (et de son cycle) m&rsquo;a sembl\u00e9 une belle m\u00e9taphore \u00e0 l&rsquo;intensit\u00e9 et au temps qui passe inexorablement. Chaque goutte d&rsquo;eau ne revenant jamais sur ces pas en s&rsquo;enrichissant de l&rsquo;environnement qu&rsquo;elle croise \u00e0 chaque instant sur sa route. Me passionnant de plus en plus pour la musique \u00e0 l&rsquo;image, j&rsquo;avais envie d&rsquo;une musique proche d&rsquo;une musique de film mais qui\u00a0 induise en plus la d\u00e9tende . L&rsquo;id\u00e9e \u00e9tait donc ici de privil\u00e9gier les m\u00e9lodies, de les d\u00e9tourner, les r\u00e9-arranger, les faire \u00e9voluer comme l&rsquo;eau qui se transforme&#8230;Ainsi chaque pi\u00e8ce de ce puzzle musical figure d&rsquo;un morceau du voyage d&rsquo;une goutte d&rsquo;eau : \u00ab\u00a0Pluie\u00a0\u00bb, \u00ab\u00a0Du ruisseau au Fleuve\u00a0\u00bb, \u00ab\u00a0Le lac\u00a0\u00bb, \u00ab\u00a0Neige\u00a0\u00bb, \u00ab\u00a0La mer\u00a0\u00bb.<br \/>\nC\u00f4t\u00e9 instrumentation, j&rsquo;ai clairement souhait\u00e9 privil\u00e9gier un retour aux claviers: le piano en instrument central, les synth\u00e9s analogiques pour r\u00e9aliser des sons en mouvement et plus fluides.\u00a0La Harpe est aussi venue s&rsquo;ajouter naturellement comme un instrument indispensable \u00e0 cette repr\u00e9sentation liquide et le glockenspiel \u00e0 l&rsquo;aspect cristallin de la neige. J&rsquo;ai ainsi demand\u00e9 \u00e0 Virginie de m&rsquo;accompagner sur ce projet pour jouer de ces instruments et pour lire quelques textes.<\/p>\n<p>Je vous invite donc d\u00e9j\u00e0 \u00e0 d\u00e9couvrir \u00ab\u00a0Pluie\u00a0\u00bb, premier extrait de \u00ab\u00a0Fleuve\u00a0\u00bb (r\u00eaverie \u00e9lectro-aquatique ou sieste musicale si vous pr\u00e9f\u00e9rez) dont la cr\u00e9ation sc\u00e9nique se terminera en Mars 2018\u00a0(en duo avec Virginie Guilluy).<br \/>\nEn esp\u00e9rant que l&rsquo;immersion vous sera douce et apaisante !<\/p>\n<p>Sam<\/p>\n<p>Mixage : Damien Tillaut<br \/>\nPrise de son piano : Sylvain Texier<\/p>\n<p>Pour suivre cette cr\u00e9ation qui s&rsquo;ach\u00e8vera au printemps, c&rsquo;est par ici : <a href=\"https:\/\/www.facebook.com\/FleuveSiesteMusicale\" target=\"_blank\" rel=\"noopener\">https:\/\/www.facebook.com\/FleuveSiesteMusicale<\/a><\/p>\n<p><\/p>","protected":false},"excerpt":{"rendered":"<p>Tout a commenc\u00e9 avec la lecture de l&rsquo;essai philosophique \u00ab\u00a0La vie intense, une obsession moderne\u00a0\u00bb de Tristan Garcia. Cet ouvrage a particuli\u00e8rement r\u00e9sonn\u00e9 en moi \u00e0 un moment o\u00f9 je tentai (et depuis quelques ann\u00e9es d\u00e9j\u00e0) de repousser les limites de l&rsquo;intensit\u00e9 dans ma vie&#8230;<\/p>\n","protected":false},"author":1,"featured_media":0,"comment_status":"open","ping_status":"open","sticky":false,"template":"","format":"video","meta":{"_et_pb_use_builder":"","_et_pb_old_content":"","_et_gb_content_width":"","footnotes":""},"categories":[5],"tags":[],"class_list":["post-877","post","type-post","status-publish","format-video","hentry","category-news","post_format-post-format-video"],"yoast_head":"<!-- This site is optimized with the Yoast SEO plugin v27.4 - https:\/\/yoast.com\/product\/yoast-seo-wordpress\/ -->\n<title>Premier extrait de &quot;Fleuve&quot;, sieste musicale en cours de cr\u00e9ation - Sam Verlen<\/title>\n<meta name=\"robots\" content=\"index, follow, max-snippet:-1, max-image-preview:large, max-video-preview:-1\" \/>\n<link rel=\"canonical\" href=\"https:\/\/www.samverlen.com\/index.php\/2017\/10\/04\/premier-extrait-de-fleuve-nouvelle-creation\/\" \/>\n<meta property=\"og:locale\" content=\"fr_FR\" \/>\n<meta property=\"og:type\" content=\"article\" \/>\n<meta property=\"og:title\" content=\"Premier extrait de &quot;Fleuve&quot;, sieste musicale en cours de cr\u00e9ation - Sam Verlen\" \/>\n<meta property=\"og:description\" content=\"Tout a commenc\u00e9 avec la lecture de l&rsquo;essai philosophique \u00ab\u00a0La vie intense, une obsession moderne\u00a0\u00bb de Tristan Garcia. Cet ouvrage a particuli\u00e8rement r\u00e9sonn\u00e9 en moi \u00e0 un moment o\u00f9 je tentai (et depuis quelques ann\u00e9es d\u00e9j\u00e0) de repousser les limites de l&rsquo;intensit\u00e9 dans ma vie...\" \/>\n<meta property=\"og:url\" content=\"https:\/\/www.samverlen.com\/index.php\/2017\/10\/04\/premier-extrait-de-fleuve-nouvelle-creation\/\" \/>\n<meta property=\"og:site_name\" content=\"Sam Verlen\" \/>\n<meta property=\"article:publisher\" content=\"https:\/\/www.facebook.com\/sverlen\" \/>\n<meta property=\"article:published_time\" content=\"2017-10-04T18:58:12+00:00\" \/>\n<meta property=\"article:modified_time\" content=\"2017-12-07T15:01:52+00:00\" \/>\n<meta name=\"author\" content=\"samverlen\" \/>\n<meta name=\"twitter:card\" content=\"summary_large_image\" \/>\n<meta name=\"twitter:creator\" content=\"@samverlen\" \/>\n<meta name=\"twitter:site\" content=\"@samverlen\" \/>\n<meta name=\"twitter:label1\" content=\"\u00c9crit par\" \/>\n\t<meta name=\"twitter:data1\" content=\"samverlen\" \/>\n\t<meta name=\"twitter:label2\" content=\"Dur\u00e9e de lecture estim\u00e9e\" \/>\n\t<meta name=\"twitter:data2\" content=\"3 minutes\" \/>\n<script type=\"application\/ld+json\" class=\"yoast-schema-graph\">{\"@context\":\"https:\\\/\\\/schema.org\",\"@graph\":[{\"@type\":\"Article\",\"@id\":\"https:\\\/\\\/www.samverlen.com\\\/index.php\\\/2017\\\/10\\\/04\\\/premier-extrait-de-fleuve-nouvelle-creation\\\/#article\",\"isPartOf\":{\"@id\":\"https:\\\/\\\/www.samverlen.com\\\/index.php\\\/2017\\\/10\\\/04\\\/premier-extrait-de-fleuve-nouvelle-creation\\\/\"},\"author\":{\"name\":\"samverlen\",\"@id\":\"https:\\\/\\\/www.samverlen.com\\\/#\\\/schema\\\/person\\\/afebf9a6641e07827cda3c96032f5a3d\"},\"headline\":\"Premier extrait de \u00ab\u00a0Fleuve\u00a0\u00bb, sieste musicale en cours de cr\u00e9ation\",\"datePublished\":\"2017-10-04T18:58:12+00:00\",\"dateModified\":\"2017-12-07T15:01:52+00:00\",\"mainEntityOfPage\":{\"@id\":\"https:\\\/\\\/www.samverlen.com\\\/index.php\\\/2017\\\/10\\\/04\\\/premier-extrait-de-fleuve-nouvelle-creation\\\/\"},\"wordCount\":654,\"commentCount\":0,\"articleSection\":[\"news\"],\"inLanguage\":\"fr-FR\",\"potentialAction\":[{\"@type\":\"CommentAction\",\"name\":\"Comment\",\"target\":[\"https:\\\/\\\/www.samverlen.com\\\/index.php\\\/2017\\\/10\\\/04\\\/premier-extrait-de-fleuve-nouvelle-creation\\\/#respond\"]}]},{\"@type\":\"WebPage\",\"@id\":\"https:\\\/\\\/www.samverlen.com\\\/index.php\\\/2017\\\/10\\\/04\\\/premier-extrait-de-fleuve-nouvelle-creation\\\/\",\"url\":\"https:\\\/\\\/www.samverlen.com\\\/index.php\\\/2017\\\/10\\\/04\\\/premier-extrait-de-fleuve-nouvelle-creation\\\/\",\"name\":\"Premier extrait de \\\"Fleuve\\\", sieste musicale en cours de cr\u00e9ation - Sam Verlen\",\"isPartOf\":{\"@id\":\"https:\\\/\\\/www.samverlen.com\\\/#website\"},\"datePublished\":\"2017-10-04T18:58:12+00:00\",\"dateModified\":\"2017-12-07T15:01:52+00:00\",\"author\":{\"@id\":\"https:\\\/\\\/www.samverlen.com\\\/#\\\/schema\\\/person\\\/afebf9a6641e07827cda3c96032f5a3d\"},\"breadcrumb\":{\"@id\":\"https:\\\/\\\/www.samverlen.com\\\/index.php\\\/2017\\\/10\\\/04\\\/premier-extrait-de-fleuve-nouvelle-creation\\\/#breadcrumb\"},\"inLanguage\":\"fr-FR\",\"potentialAction\":[{\"@type\":\"ReadAction\",\"target\":[\"https:\\\/\\\/www.samverlen.com\\\/index.php\\\/2017\\\/10\\\/04\\\/premier-extrait-de-fleuve-nouvelle-creation\\\/\"]}]},{\"@type\":\"BreadcrumbList\",\"@id\":\"https:\\\/\\\/www.samverlen.com\\\/index.php\\\/2017\\\/10\\\/04\\\/premier-extrait-de-fleuve-nouvelle-creation\\\/#breadcrumb\",\"itemListElement\":[{\"@type\":\"ListItem\",\"position\":1,\"name\":\"Accueil\",\"item\":\"https:\\\/\\\/www.samverlen.com\\\/\"},{\"@type\":\"ListItem\",\"position\":2,\"name\":\"Premier extrait de \u00ab\u00a0Fleuve\u00a0\u00bb, sieste musicale en cours de cr\u00e9ation\"}]},{\"@type\":\"WebSite\",\"@id\":\"https:\\\/\\\/www.samverlen.com\\\/#website\",\"url\":\"https:\\\/\\\/www.samverlen.com\\\/\",\"name\":\"Sam Verlen\",\"description\":\"Chercheur de po\u00e9sie sonore \\\/\\\/ Compositeur, musicien\",\"potentialAction\":[{\"@type\":\"SearchAction\",\"target\":{\"@type\":\"EntryPoint\",\"urlTemplate\":\"https:\\\/\\\/www.samverlen.com\\\/?s={search_term_string}\"},\"query-input\":{\"@type\":\"PropertyValueSpecification\",\"valueRequired\":true,\"valueName\":\"search_term_string\"}}],\"inLanguage\":\"fr-FR\"},{\"@type\":\"Person\",\"@id\":\"https:\\\/\\\/www.samverlen.com\\\/#\\\/schema\\\/person\\\/afebf9a6641e07827cda3c96032f5a3d\",\"name\":\"samverlen\",\"image\":{\"@type\":\"ImageObject\",\"inLanguage\":\"fr-FR\",\"@id\":\"https:\\\/\\\/secure.gravatar.com\\\/avatar\\\/bb71d7c316348923a9c8f09e6ff09f43f1d48a987eff10b4119565e5a4f2ecd9?s=96&d=mm&r=g\",\"url\":\"https:\\\/\\\/secure.gravatar.com\\\/avatar\\\/bb71d7c316348923a9c8f09e6ff09f43f1d48a987eff10b4119565e5a4f2ecd9?s=96&d=mm&r=g\",\"contentUrl\":\"https:\\\/\\\/secure.gravatar.com\\\/avatar\\\/bb71d7c316348923a9c8f09e6ff09f43f1d48a987eff10b4119565e5a4f2ecd9?s=96&d=mm&r=g\",\"caption\":\"samverlen\"}}]}<\/script>\n<!-- \/ Yoast SEO plugin. -->","yoast_head_json":{"title":"Premier extrait de \"Fleuve\", sieste musicale en cours de cr\u00e9ation - Sam Verlen","robots":{"index":"index","follow":"follow","max-snippet":"max-snippet:-1","max-image-preview":"max-image-preview:large","max-video-preview":"max-video-preview:-1"},"canonical":"https:\/\/www.samverlen.com\/index.php\/2017\/10\/04\/premier-extrait-de-fleuve-nouvelle-creation\/","og_locale":"fr_FR","og_type":"article","og_title":"Premier extrait de \"Fleuve\", sieste musicale en cours de cr\u00e9ation - Sam Verlen","og_description":"Tout a commenc\u00e9 avec la lecture de l&rsquo;essai philosophique \u00ab\u00a0La vie intense, une obsession moderne\u00a0\u00bb de Tristan Garcia. Cet ouvrage a particuli\u00e8rement r\u00e9sonn\u00e9 en moi \u00e0 un moment o\u00f9 je tentai (et depuis quelques ann\u00e9es d\u00e9j\u00e0) de repousser les limites de l&rsquo;intensit\u00e9 dans ma vie...","og_url":"https:\/\/www.samverlen.com\/index.php\/2017\/10\/04\/premier-extrait-de-fleuve-nouvelle-creation\/","og_site_name":"Sam Verlen","article_publisher":"https:\/\/www.facebook.com\/sverlen","article_published_time":"2017-10-04T18:58:12+00:00","article_modified_time":"2017-12-07T15:01:52+00:00","author":"samverlen","twitter_card":"summary_large_image","twitter_creator":"@samverlen","twitter_site":"@samverlen","twitter_misc":{"\u00c9crit par":"samverlen","Dur\u00e9e de lecture estim\u00e9e":"3 minutes"},"schema":{"@context":"https:\/\/schema.org","@graph":[{"@type":"Article","@id":"https:\/\/www.samverlen.com\/index.php\/2017\/10\/04\/premier-extrait-de-fleuve-nouvelle-creation\/#article","isPartOf":{"@id":"https:\/\/www.samverlen.com\/index.php\/2017\/10\/04\/premier-extrait-de-fleuve-nouvelle-creation\/"},"author":{"name":"samverlen","@id":"https:\/\/www.samverlen.com\/#\/schema\/person\/afebf9a6641e07827cda3c96032f5a3d"},"headline":"Premier extrait de \u00ab\u00a0Fleuve\u00a0\u00bb, sieste musicale en cours de cr\u00e9ation","datePublished":"2017-10-04T18:58:12+00:00","dateModified":"2017-12-07T15:01:52+00:00","mainEntityOfPage":{"@id":"https:\/\/www.samverlen.com\/index.php\/2017\/10\/04\/premier-extrait-de-fleuve-nouvelle-creation\/"},"wordCount":654,"commentCount":0,"articleSection":["news"],"inLanguage":"fr-FR","potentialAction":[{"@type":"CommentAction","name":"Comment","target":["https:\/\/www.samverlen.com\/index.php\/2017\/10\/04\/premier-extrait-de-fleuve-nouvelle-creation\/#respond"]}]},{"@type":"WebPage","@id":"https:\/\/www.samverlen.com\/index.php\/2017\/10\/04\/premier-extrait-de-fleuve-nouvelle-creation\/","url":"https:\/\/www.samverlen.com\/index.php\/2017\/10\/04\/premier-extrait-de-fleuve-nouvelle-creation\/","name":"Premier extrait de \"Fleuve\", sieste musicale en cours de cr\u00e9ation - Sam Verlen","isPartOf":{"@id":"https:\/\/www.samverlen.com\/#website"},"datePublished":"2017-10-04T18:58:12+00:00","dateModified":"2017-12-07T15:01:52+00:00","author":{"@id":"https:\/\/www.samverlen.com\/#\/schema\/person\/afebf9a6641e07827cda3c96032f5a3d"},"breadcrumb":{"@id":"https:\/\/www.samverlen.com\/index.php\/2017\/10\/04\/premier-extrait-de-fleuve-nouvelle-creation\/#breadcrumb"},"inLanguage":"fr-FR","potentialAction":[{"@type":"ReadAction","target":["https:\/\/www.samverlen.com\/index.php\/2017\/10\/04\/premier-extrait-de-fleuve-nouvelle-creation\/"]}]},{"@type":"BreadcrumbList","@id":"https:\/\/www.samverlen.com\/index.php\/2017\/10\/04\/premier-extrait-de-fleuve-nouvelle-creation\/#breadcrumb","itemListElement":[{"@type":"ListItem","position":1,"name":"Accueil","item":"https:\/\/www.samverlen.com\/"},{"@type":"ListItem","position":2,"name":"Premier extrait de \u00ab\u00a0Fleuve\u00a0\u00bb, sieste musicale en cours de cr\u00e9ation"}]},{"@type":"WebSite","@id":"https:\/\/www.samverlen.com\/#website","url":"https:\/\/www.samverlen.com\/","name":"Sam Verlen","description":"Chercheur de po\u00e9sie sonore \/\/ Compositeur, musicien","potentialAction":[{"@type":"SearchAction","target":{"@type":"EntryPoint","urlTemplate":"https:\/\/www.samverlen.com\/?s={search_term_string}"},"query-input":{"@type":"PropertyValueSpecification","valueRequired":true,"valueName":"search_term_string"}}],"inLanguage":"fr-FR"},{"@type":"Person","@id":"https:\/\/www.samverlen.com\/#\/schema\/person\/afebf9a6641e07827cda3c96032f5a3d","name":"samverlen","image":{"@type":"ImageObject","inLanguage":"fr-FR","@id":"https:\/\/secure.gravatar.com\/avatar\/bb71d7c316348923a9c8f09e6ff09f43f1d48a987eff10b4119565e5a4f2ecd9?s=96&d=mm&r=g","url":"https:\/\/secure.gravatar.com\/avatar\/bb71d7c316348923a9c8f09e6ff09f43f1d48a987eff10b4119565e5a4f2ecd9?s=96&d=mm&r=g","contentUrl":"https:\/\/secure.gravatar.com\/avatar\/bb71d7c316348923a9c8f09e6ff09f43f1d48a987eff10b4119565e5a4f2ecd9?s=96&d=mm&r=g","caption":"samverlen"}}]}},"_links":{"self":[{"href":"https:\/\/www.samverlen.com\/index.php\/wp-json\/wp\/v2\/posts\/877","targetHints":{"allow":["GET"]}}],"collection":[{"href":"https:\/\/www.samverlen.com\/index.php\/wp-json\/wp\/v2\/posts"}],"about":[{"href":"https:\/\/www.samverlen.com\/index.php\/wp-json\/wp\/v2\/types\/post"}],"author":[{"embeddable":true,"href":"https:\/\/www.samverlen.com\/index.php\/wp-json\/wp\/v2\/users\/1"}],"replies":[{"embeddable":true,"href":"https:\/\/www.samverlen.com\/index.php\/wp-json\/wp\/v2\/comments?post=877"}],"version-history":[{"count":9,"href":"https:\/\/www.samverlen.com\/index.php\/wp-json\/wp\/v2\/posts\/877\/revisions"}],"predecessor-version":[{"id":1056,"href":"https:\/\/www.samverlen.com\/index.php\/wp-json\/wp\/v2\/posts\/877\/revisions\/1056"}],"wp:attachment":[{"href":"https:\/\/www.samverlen.com\/index.php\/wp-json\/wp\/v2\/media?parent=877"}],"wp:term":[{"taxonomy":"category","embeddable":true,"href":"https:\/\/www.samverlen.com\/index.php\/wp-json\/wp\/v2\/categories?post=877"},{"taxonomy":"post_tag","embeddable":true,"href":"https:\/\/www.samverlen.com\/index.php\/wp-json\/wp\/v2\/tags?post=877"}],"curies":[{"name":"wp","href":"https:\/\/api.w.org\/{rel}","templated":true}]}}